{"id":71178,"date":"2024-04-10T23:25:44","date_gmt":"2024-04-11T02:25:44","guid":{"rendered":"https:\/\/vocesparalelas.com.ar\/sitio\/?p=71178"},"modified":"2024-04-11T18:03:14","modified_gmt":"2024-04-11T21:03:14","slug":"hacia-la-ejecucion-de-obras-hidricas-en-iglesia-y-jachal-con-fondos-de-la-mineria-en-san-juan","status":"publish","type":"post","link":"https:\/\/vocesparalelas.com.ar\/sitio\/hacia-la-ejecucion-de-obras-hidricas-en-iglesia-y-jachal-con-fondos-de-la-mineria-en-san-juan\/","title":{"rendered":"Hacia la ejecuci\u00f3n de obras h\u00eddricas en Iglesia y J\u00e1chal con fondos de la miner\u00eda en San Juan"},"content":{"rendered":"<p>El gobernador de San Juan, Dr. Marcelo Orrego anunci\u00f3 la ejecuci\u00f3n de obras h\u00eddricas en Iglesia y J\u00e1chal con fondos de la miner\u00eda, lo hizo junto a Mark Bristow, presidente y CEO de Barrick.<\/p>\n<p>Se trata de obras prioritarias a financiar en 2024 con parte de los fondos del Fideicomiso de Fase 6. El anuncio se hizo desde el departamento Iglesia<\/p>\n<p>De este modo, el gobernador Dr. Marcelo Orrego junto a Mark Bristow, presidente y CEO de Barrick dieron a conocer la inversi\u00f3n de 7,404 millones de pesos en proyectos comunitarios en torno a la mina de oro Veladero. Estos proyectos incluyen principalmente iniciativas de infraestructura h\u00eddrica.<\/p>\n<figure id=\"attachment_71182\" aria-describedby=\"caption-attachment-71182\" style=\"width: 800px\" class=\"wp-caption alignnone\"><img loading=\"lazy\" decoding=\"async\" class=\"size-full wp-image-71182\" src=\"https:\/\/vocesparalelas.com.ar\/sitio\/wp-content\/uploads\/2024\/04\/IGLESIA-ORREGO-02.jpg\" alt=\"\" width=\"800\" height=\"535\" srcset=\"https:\/\/vocesparalelas.com.ar\/sitio\/wp-content\/uploads\/2024\/04\/IGLESIA-ORREGO-02.jpg 800w, https:\/\/vocesparalelas.com.ar\/sitio\/wp-content\/uploads\/2024\/04\/IGLESIA-ORREGO-02-300x201.jpg 300w, https:\/\/vocesparalelas.com.ar\/sitio\/wp-content\/uploads\/2024\/04\/IGLESIA-ORREGO-02-768x514.jpg 768w\" sizes=\"auto, (max-width: 800px) 100vw, 800px\" \/><figcaption id=\"caption-attachment-71182\" class=\"wp-caption-text\">El gobernador de San Juan Dr. Marcelo Orrego junto a Mark Bristow, presidente y CEO de Barrick<\/figcaption><\/figure>\n<p>El financiamiento para estas iniciativas provendr\u00e1 del fondo fiduciario de la mina, establecido en 2021 con el 1.5% de las ventas de oro de Veladero y dedicado al desarrollo de infraestructura comunitaria.<\/p>\n<p>En este contexto adem\u00e1s se dio a conocer las inversiones en las nuevas fases del valle de lixiviaci\u00f3n por U$S 271 millones hasta 2027 y el nuevo plan de mina con 10 a\u00f1os de producci\u00f3n a un promedio de 400,000 onzas anuales.<\/p>\n<p>Al respecto, el gobernador Dr. Marcelo Orrego destac\u00f3 que \u00abson tiempos donde hay que poner en valor la miner\u00eda y en los sanjuaninos cumple un rol fundamental. El 3% del espacio es cultivable en la provincia, un 83% son monta\u00f1as y el resto es desierto. Los sanjuaninos tenemos en claro hacia donde queremos llevar nuestra matriz productiva. Por supuesto tiene que estar enfocada en una econom\u00eda diversificada, tiene que estar puesta en la miner\u00eda, en las energ\u00edas renovables donde San Juan tiene mucho para aportar al mundo. Tiene que estar puesta tambi\u00e9n en el turismo porque tenemos hermosos paisajes, en la econom\u00eda del conocimiento. Esa es nuestra matriz productiva\u00bb.<\/p>\n<p><iframe loading=\"lazy\" title=\"El gobernador Orrego anunci\u00f3 la ejecuci\u00f3n de obras h\u00eddricas en Iglesia y J\u00e1chal con fondos mineros\" width=\"800\" height=\"450\" src=\"https:\/\/www.youtube.com\/embed\/7_H7wLmQKoE?feature=oembed\" frameborder=\"0\" allow=\"accelerometer; autoplay; clipboard-write; encrypted-media; gyroscope; picture-in-picture; web-share\" referrerpolicy=\"strict-origin-when-cross-origin\" allowfullscreen><\/iframe><\/p>\n<p>\u00abHoy son tiempos donde es importante charlar y particularmente en la miner\u00eda que es una actividad noble, una actividad que genera valor porque no solo decanta en la econom\u00eda dom\u00e9stica sino que nos da la posibilidad de generar obras. Tenemos una demanda de agua 1200 hect\u00f3metros c\u00fabicos donde estamos llegando a una tercera parte y donde el 94% est\u00e1 destinada a la agricultura. Tenemos muy en claro en la situaci\u00f3n que estamos viviendo y, por eso, hemos decidido con este fondo de fideicomiso que vamos a llevar adelante y donde se van a beneficiar los departamentos en los que se genera la miner\u00eda\u00bb &#8211; concluy\u00f3 el Dr. Marcelo Orrego.<\/p>\n<p>Por su lado, Mark Bristow, presidente y CEO de Barrick afirm\u00f3 que \u00abVeladero tuvo un positivo a\u00f1o 2023 y primer trimestre de 2024, confirmando la eficacia de la estrategia de revitalizaci\u00f3n de este activo. Esta estrategia fue implementada mediante una ejecuci\u00f3n disciplinada por parte del nuevo equipo directivo, toma de decisiones \u00e1gil y orientada a los resultados, y resoluci\u00f3n proactiva de desaf\u00edos internos que se plantearon en Argentina. Estos cambios, junto con la futura expansi\u00f3n de la instalaci\u00f3n de lixiviaci\u00f3n con una inversi\u00f3n de capital de m\u00e1s de 271 millones de d\u00f3lares hasta 2027, extender\u00e1n la vida de la mina hasta diez a\u00f1os, con una producci\u00f3n anual promedio de aproximadamente 400,000 onzas\u00bb.<\/p>\n<p>\u00abCon Veladero m\u00e1s fuerte que nunca, es un honor anunciar junto al gobernador de San Juan, Marcelo Orrego, cuatro emocionantes proyectos para las comunidades de Iglesia y J\u00e1chal. Estos proyectos tendr\u00e1n un impacto positivo y duradero en las vidas de las personas, enfoc\u00e1ndose en \u00e1reas cruciales como el riego y agua potable, lo que tambi\u00e9n crear\u00e1 empleos para m\u00e1s personas\u00bb &#8211; finaliz\u00f3 Mark Bristow, presidente y CEO de Barrick.<\/p>\n<p>A esto, Marcelo \u00c1lvarez, director Ejecutivo de Relaciones Gubernamentales de Barrick Sudam\u00e9rica destac\u00f3 que \u00abes muy significativo para Barrick que podamos realizar este evento en Iglesia que ha sido nuestro anfitri\u00f3n durante tantos a\u00f1os en el desarrollo de la mina Veladero. Seguramente tambi\u00e9n podamos hacerlo en J\u00e1chal donde nos han acompa\u00f1ado en el desarrollo de la mina.<\/p>\n<p>Acompa\u00f1aron adem\u00e1s Mark Hill, Ejecutivo Corporativo de Operaciones para Latinoam\u00e9rica y Asia;<br \/>\nYuri Saenz, gerente de Veladero; Dr. Jorge Espejo, intendente de Iglesia, de J\u00e1chal; ministros de Producci\u00f3n, Trabajo e Innovaci\u00f3n, CPN Gustavo Fern\u00e1ndez; Salud, Dr. Amilcar Dobladez; Mineria, Dr. Juan Pablo Perea; Infraestructura, Arq. Fernando Perea y dem\u00e1s funcionarios.<\/p>\n<p><strong><span style=\"color: #339966;\">Los proyectos<\/span><\/strong><\/p>\n<ul>\n<li>Adquisici\u00f3n de equipamiento m\u00e9dico y de instalaciones esenciales para la apertura del Hospital Rodeo (AR$ 600 millones).<\/li>\n<li>Finalizaci\u00f3n de la primera secci\u00f3n del canal Agua Negra, crucial para la recuperaci\u00f3n del agua de riego y la reducci\u00f3n de p\u00e9rdidas actuales (AR$ 3200 millones).<\/li>\n<li>Trabajos en la red de riego para Iglesia, abarcando Buena Esperanza, Las Flores, Malim\u00e1n y Las Cuevas (AR$ 1054 millones).<\/li>\n<li>Finalizaci\u00f3n del acueducto de J\u00e1chal e instalaci\u00f3n de dos nuevos pozos de agua potable en J\u00e1chal (AR$ 2500 millones).<\/li>\n<\/ul>\n<p><img loading=\"lazy\" decoding=\"async\" class=\"alignnone size-full wp-image-71183\" src=\"https:\/\/vocesparalelas.com.ar\/sitio\/wp-content\/uploads\/2024\/04\/IGLESIA-ORREGO-03.jpg\" alt=\"\" width=\"800\" height=\"535\" srcset=\"https:\/\/vocesparalelas.com.ar\/sitio\/wp-content\/uploads\/2024\/04\/IGLESIA-ORREGO-03.jpg 800w, https:\/\/vocesparalelas.com.ar\/sitio\/wp-content\/uploads\/2024\/04\/IGLESIA-ORREGO-03-300x201.jpg 300w, https:\/\/vocesparalelas.com.ar\/sitio\/wp-content\/uploads\/2024\/04\/IGLESIA-ORREGO-03-768x514.jpg 768w\" sizes=\"auto, (max-width: 800px) 100vw, 800px\" \/><\/p>\n","protected":false},"excerpt":{"rendered":"<p>El gobernador de San Juan, Dr. Marcelo Orrego anunci\u00f3 la ejecuci\u00f3n de obras h\u00eddricas en Iglesia y J\u00e1chal con fondos<\/p>\n","protected":false},"author":3,"featured_media":71181,"comment_status":"closed","ping_status":"closed","sticky":false,"template":"","format":"standard","meta":{"_acf_changed":false,"_seopress_robots_primary_cat":"none","_seopress_titles_title":"","_seopress_titles_desc":"","_seopress_robots_index":"","colormag_page_container_layout":"default_layout","colormag_page_sidebar_layout":"default_layout","footnotes":""},"categories":[1,7],"tags":[],"class_list":["post-71178","post","type-post","status-publish","format-standard","has-post-thumbnail","hentry","category-destacadas","category-videos"],"acf":[],"_links":{"self":[{"href":"https:\/\/vocesparalelas.com.ar\/sitio\/wp-json\/wp\/v2\/posts\/71178","targetHints":{"allow":["GET"]}}],"collection":[{"href":"https:\/\/vocesparalelas.com.ar\/sitio\/wp-json\/wp\/v2\/posts"}],"about":[{"href":"https:\/\/vocesparalelas.com.ar\/sitio\/wp-json\/wp\/v2\/types\/post"}],"author":[{"embeddable":true,"href":"https:\/\/vocesparalelas.com.ar\/sitio\/wp-json\/wp\/v2\/users\/3"}],"replies":[{"embeddable":true,"href":"https:\/\/vocesparalelas.com.ar\/sitio\/wp-json\/wp\/v2\/comments?post=71178"}],"version-history":[{"count":3,"href":"https:\/\/vocesparalelas.com.ar\/sitio\/wp-json\/wp\/v2\/posts\/71178\/revisions"}],"predecessor-version":[{"id":71205,"href":"https:\/\/vocesparalelas.com.ar\/sitio\/wp-json\/wp\/v2\/posts\/71178\/revisions\/71205"}],"wp:featuredmedia":[{"embeddable":true,"href":"https:\/\/vocesparalelas.com.ar\/sitio\/wp-json\/wp\/v2\/media\/71181"}],"wp:attachment":[{"href":"https:\/\/vocesparalelas.com.ar\/sitio\/wp-json\/wp\/v2\/media?parent=71178"}],"wp:term":[{"taxonomy":"category","embeddable":true,"href":"https:\/\/vocesparalelas.com.ar\/sitio\/wp-json\/wp\/v2\/categories?post=71178"},{"taxonomy":"post_tag","embeddable":true,"href":"https:\/\/vocesparalelas.com.ar\/sitio\/wp-json\/wp\/v2\/tags?post=71178"}],"curies":[{"name":"wp","href":"https:\/\/api.w.org\/{rel}","templated":true}]}}