{"id":71167,"date":"2024-04-10T21:32:00","date_gmt":"2024-04-11T00:32:00","guid":{"rendered":"https:\/\/vocesparalelas.com.ar\/sitio\/?p=71167"},"modified":"2024-04-12T00:03:58","modified_gmt":"2024-04-12T03:03:58","slug":"feria-flamenca-en-san-juan","status":"publish","type":"post","link":"https:\/\/vocesparalelas.com.ar\/sitio\/feria-flamenca-en-san-juan\/","title":{"rendered":"Feria flamenca en San Juan"},"content":{"rendered":"<p>Por primera vez se realiza la feria flamenca con lo m\u00e1s tradicional de la cultura espa\u00f1ola. Durante tres d\u00edas los sanjuaninos podr\u00e1n disfrutar de la gastronom\u00eda, emprendedores y de espect\u00e1culos art\u00edsticos multidisciplinares inspirados en Garc\u00eda Lorca.<\/p>\n<p>Cabe destacar, que el Ministerio de Turismo, cultura y deporte junto a la Fundaci\u00f3n Banco San Juan, a trav\u00e9s de la Ley de Mecenazgo acompa\u00f1an esta acci\u00f3n que convoca a destacados artistas locales, nacionales e internacionales. As\u00ed como tambi\u00e9n apoya a los emprendedores locales y nacionales que participan de la feria.<\/p>\n<p>La actividad de la Feria Flamenca Azahares de Abril comienza el viernes 12 a las 17 hs con la concentraci\u00f3n de romer\u00eda en la Ex Estaci\u00f3n San Mart\u00edn.<\/p>\n<p>A las 19 hs es la apertura de la feria y el patio gastron\u00f3mico, en el Complejo Auditorio Juan Victoria, donde se podr\u00e1n disfrutar de platos t\u00edpicos espa\u00f1oles. Tambi\u00e9n actuar\u00e1 la Compa\u00f1\u00eda Cuyo Flamenco en el Anfiteatro Buenaventura Luna y habr\u00e1 presentaciones art\u00edsticas multidisciplinarias en el escenario jardines de Lorca.<\/p>\n<p>Por otro lado, el s\u00e1bado 13 y el domingo 14 las actividades se desarrollar\u00e1n desde las 10 de la ma\u00f1ana a la 01 de la madrugada en los mimos espacios. En el museo de la memoria urbana habr\u00e1 disertaciones de las colectividades andaluzas y la inmigraci\u00f3n espa\u00f1ola y el flamenco en San Juan a cargo de Gema Mercado.<\/p>\n<p>Tambi\u00e9n se desarrollar\u00e1n video conferencias con disertantes de Espa\u00f1a. En el Complejo Auditorio Juan Victoria se llevar\u00e1n a cabo diferentes puestas como la participaci\u00f3n de Mariana Clemenceau, tablao flamenco, institutos de danza y sets de DJs locales.<\/p>\n<p>Las entradas anticipadas de la feria, $1000 y de Transici\u00f3n, $8500, se adquieren en Boleter\u00eda del Cine Teatro Municipal de 10 a 13 y de 18 a 20hs<\/p>\n<p>Para ver la grilla completa de actividades podes ingresar a la cuenta de instagram @feriaflamencasj<\/p>\n<h3><span style=\"color: #ff6600;\"><strong>Transici\u00f3n<\/strong><\/span><\/h3>\n<p>Una obra de danza-teatro flamenco original, con actuaci\u00f3n de la compa\u00f1\u00eda \u201cCuyo Flamenco\u201d, la primera compa\u00f1\u00eda de Danzas Espa\u00f1olas de la Regi\u00f3n. Esta producci\u00f3n conjuga las artes visuales y el movimiento. Protagonizada por el Bailaor espa\u00f1ol @jasielnahin junto a la 1\u00b0 Compa\u00f1\u00eda de Danza Espa\u00f1ola \u00abCuyo Flamenco\u00bb con artistas sanjuaninos y mendocinos.<\/p>\n<p>S\u00e1bado 13 de abril: primera funci\u00f3n a las 19, la segunda arrancar\u00e1 a las 21,30 horas.<\/p>\n<p>Entradas anticipadas por eventbrite.com o por boleter\u00edas del Cine Teatro Municipal (10 a 13hs. o 18 a 20hs.)<\/p>\n<p><a href=\"https:\/\/www.eventbrite.com.ar\/e\/transicion-tickets-862422126797\">https:\/\/www.eventbrite.com.ar\/e\/transicion-tickets-862422126797<\/a><\/p>\n","protected":false},"excerpt":{"rendered":"<p>Por primera vez se realiza la feria flamenca con lo m\u00e1s tradicional de la cultura espa\u00f1ola. Durante tres d\u00edas los<\/p>\n","protected":false},"author":3,"featured_media":70960,"comment_status":"closed","ping_status":"closed","sticky":false,"template":"","format":"standard","meta":{"_acf_changed":false,"_seopress_robots_primary_cat":"none","_seopress_titles_title":"","_seopress_titles_desc":"","_seopress_robots_index":"","colormag_page_container_layout":"default_layout","colormag_page_sidebar_layout":"default_layout","footnotes":""},"categories":[20],"tags":[],"class_list":["post-71167","post","type-post","status-publish","format-standard","has-post-thumbnail","hentry","category-cartelera"],"acf":[],"_links":{"self":[{"href":"https:\/\/vocesparalelas.com.ar\/sitio\/wp-json\/wp\/v2\/posts\/71167","targetHints":{"allow":["GET"]}}],"collection":[{"href":"https:\/\/vocesparalelas.com.ar\/sitio\/wp-json\/wp\/v2\/posts"}],"about":[{"href":"https:\/\/vocesparalelas.com.ar\/sitio\/wp-json\/wp\/v2\/types\/post"}],"author":[{"embeddable":true,"href":"https:\/\/vocesparalelas.com.ar\/sitio\/wp-json\/wp\/v2\/users\/3"}],"replies":[{"embeddable":true,"href":"https:\/\/vocesparalelas.com.ar\/sitio\/wp-json\/wp\/v2\/comments?post=71167"}],"version-history":[{"count":1,"href":"https:\/\/vocesparalelas.com.ar\/sitio\/wp-json\/wp\/v2\/posts\/71167\/revisions"}],"predecessor-version":[{"id":71170,"href":"https:\/\/vocesparalelas.com.ar\/sitio\/wp-json\/wp\/v2\/posts\/71167\/revisions\/71170"}],"wp:featuredmedia":[{"embeddable":true,"href":"https:\/\/vocesparalelas.com.ar\/sitio\/wp-json\/wp\/v2\/media\/70960"}],"wp:attachment":[{"href":"https:\/\/vocesparalelas.com.ar\/sitio\/wp-json\/wp\/v2\/media?parent=71167"}],"wp:term":[{"taxonomy":"category","embeddable":true,"href":"https:\/\/vocesparalelas.com.ar\/sitio\/wp-json\/wp\/v2\/categories?post=71167"},{"taxonomy":"post_tag","embeddable":true,"href":"https:\/\/vocesparalelas.com.ar\/sitio\/wp-json\/wp\/v2\/tags?post=71167"}],"curies":[{"name":"wp","href":"https:\/\/api.w.org\/{rel}","templated":true}]}}