{"id":71156,"date":"2024-04-10T21:27:13","date_gmt":"2024-04-11T00:27:13","guid":{"rendered":"https:\/\/vocesparalelas.com.ar\/sitio\/?p=71156"},"modified":"2024-04-10T21:52:09","modified_gmt":"2024-04-11T00:52:09","slug":"inicio-el-ano-academico-2024-2025-con-homenaje-a-la-dra-maria-isabel-larrauri-en-la-uccuyo","status":"publish","type":"post","link":"https:\/\/vocesparalelas.com.ar\/sitio\/inicio-el-ano-academico-2024-2025-con-homenaje-a-la-dra-maria-isabel-larrauri-en-la-uccuyo\/","title":{"rendered":"Inici\u00f3 el a\u00f1o acad\u00e9mico 2024-2025 con homenaje a la Dra. Mar\u00eda Isabel Larrauri en la UCCuyo"},"content":{"rendered":"<p>La Universidad Cat\u00f3lica de Cuyo realiz\u00f3 el 5 de Abril, el acto oficial del inicio inaugural del a\u00f1o acad\u00e9mico 2024-2025.<\/p>\n<p>En la oportunidad se realiz\u00f3 la imposici\u00f3n del nombre \u201cDra. Mar\u00eda Isabel Larrauri\u201d al Sal\u00f3n de Usos M\u00faltiples de esta casa de estudios y se procedi\u00f3 al cambio de abanderados y escoltas de las Banderas Argentinas de las diferentes unidades acad\u00e9micas, como as\u00ed tambi\u00e9n de las Ense\u00f1as Papal e Institucional de esta casa de estudios.<\/p>\n<p><span style=\"color: #0000ff;\"><strong>Imposici\u00f3n de nombre al SUM de la UCCuyo<\/strong><\/span><\/p>\n<p>Antes de dar inicio al acto de apertura del a\u00f1o acad\u00e9mico se realiz\u00f3 un homenaje y reconocimiento a quien fuera la primera rectora mujer en regir los destinos de esta Universidad y cuarta en la l\u00ednea sucesoria que inici\u00f3 el fundador y primer rector, Mons. Dr. Francisco Manfredi.<\/p>\n<p>Seguidamente, el Gran Canciller de la Universidad, Mons. Jorge Lozano; la rectora, Lic. Mar\u00eda Laura Simonassi; los vicerrectores Acad\u00e9mica, Lic. Beatriz Farah y de Formaci\u00f3n, Pbro. \u00c1ngel Hern\u00e1ndez; el presidente del Directorio, Esp. Leonardo Saball; el ex rector, Dr. Claudio Larrea y la ex vicerrectora de la gesti\u00f3n de la Dra. Larrauri, Prof. Cecilia Trincado de Mur\u00faa descubrieron la placa que dice \u201cUniversidad Cat\u00f3lica de Cuyo San Juan \u2013 Sal\u00f3n de Usos M\u00faltiples \u2018Dra. Mar\u00eda Isabel Larrauri\u2019 Rectora per\u00edodo 2007-2015. San Juan 5 de abril de 2024\u201d. Luego, el vicerrector de Formaci\u00f3n imparti\u00f3 la bendici\u00f3n de la placa descubierta.<\/p>\n<p><img loading=\"lazy\" decoding=\"async\" class=\"alignnone size-full wp-image-71165\" src=\"https:\/\/vocesparalelas.com.ar\/sitio\/wp-content\/uploads\/2024\/04\/UCCUYO-2024-04.jpg\" alt=\"\" width=\"800\" height=\"535\" srcset=\"https:\/\/vocesparalelas.com.ar\/sitio\/wp-content\/uploads\/2024\/04\/UCCUYO-2024-04.jpg 800w, https:\/\/vocesparalelas.com.ar\/sitio\/wp-content\/uploads\/2024\/04\/UCCUYO-2024-04-300x201.jpg 300w, https:\/\/vocesparalelas.com.ar\/sitio\/wp-content\/uploads\/2024\/04\/UCCUYO-2024-04-768x514.jpg 768w\" sizes=\"auto, (max-width: 800px) 100vw, 800px\" \/><\/p>\n<p>&nbsp;<\/p>\n<p><span style=\"color: #0000ff;\"><strong>Acto acad\u00e9mico<\/strong><\/span><\/p>\n<p>Con el ingreso de las diferentes ense\u00f1as comenz\u00f3 la ceremonia que prosigui\u00f3 con un momento cultural a cargo del coro de esta Universidad Cat\u00f3lica de Cuyo. La bendici\u00f3n de las actividades previstas para el a\u00f1o que se inicia fue impartida por el Gran Canciller de la Universidad, Mons. Jorge Eduardo Lozano.<\/p>\n<p>Seguidamente se procedi\u00f3 al cambio de abanderados y escoltas para el presente a\u00f1o acad\u00e9mico. La rectora, Lic. Mar\u00eda Laura Simonassi, junto a los decanos de cada Facultad, fueron realizando los cambios de las Ense\u00f1as Nacionales.<\/p>\n<p><span style=\"color: #0000ff;\"><strong>Los cuerpos de Banderas Argentinas quedaron conformados\u00a0<\/strong><\/span><\/p>\n<ul>\n<li><span style=\"color: #0000ff;\"><strong>Facultad de Filosof\u00eda y Humanidades:<\/strong> <\/span>Guillermina Ruiz Garc\u00eda (abanderada) Juan Manuel Guidi Flores, Martina L\u00f3pez Luna, Delfina Gonz\u00e1lez Carrasco y Mar\u00eda Bel\u00e9n Garay (escoltas)<\/li>\n<li><span style=\"color: #0000ff;\"><strong>Facultad de Derecho y Ciencias Sociales:<\/strong> <\/span>Mar\u00eda Arantxa Olaz\u00e1bal Vigan\u00f3 (abanderada) Bruno Nicol\u00e1s L\u00f3pez Barrios, Alexis Federico Reiser y Eduardo Augusto Palacios Aguilar (escoltas).<\/li>\n<li><span style=\"color: #0000ff;\"><strong>Facultad de Ciencias Econ\u00f3micas y Empresariales:<\/strong><\/span> Jes\u00fas Gabriel Benav\u00eddez Ferreyra (abanderado) Melisa Delfina Pino Castro, Francisco Roberto Sottile Villena y Santiago Daniel Nieto Accolti (escoltas).<\/li>\n<li><span style=\"color: #0000ff;\"><strong>Facultad de Ciencias M\u00e9dicas:<\/strong><\/span> Mar\u00eda Eugenia Barassi Jim\u00e9nez (abanderada) Franco Agust\u00edn Alaniz, Delfina Giuliani Segu\u00ed, Daniela Aldana Nievas Rodr\u00edguez y Mariana Ail\u00edn Flores Gottschlich (escoltas).<\/li>\n<li><span style=\"color: #0000ff;\"><strong>Facultad de Ciencias Qu\u00edmicas y Tecnol\u00f3gicas:<\/strong><\/span> Ana Laura Romeu R\u00edos (abanderada) Joaqu\u00edn Andr\u00e9s Perez Torres, Francisco Ezequiel Valdez Fern\u00e1ndez, Mar\u00eda Florencia Cassanelli De la Vega y Luz Mar\u00eda G\u00f3mez Torioni (escoltas).<\/li>\n<li><span style=\"color: #0000ff;\"><strong>Facultad de Educaci\u00f3n:<\/strong><\/span> Luciana Milagros Mart\u00ednez Rojas (abanderada) Catalina Anabel Burgoa Barrios y Mar\u00eda Bel\u00e9n Carracedo Ch\u00e1vez (escoltas).<\/li>\n<li><span style=\"color: #0000ff;\"><strong>Escuela de Seguridad:<\/strong><\/span> Pedro Daniel Ahumada (abanderado) Kevin Josu\u00e9 Z\u00e1rate Quiroga, Brenda Ail\u00e9n Hidalgo Quiroga, Paola Gisel Moreno y Camila Milagros Romero R\u00edos (escoltas).<\/li>\n<\/ul>\n<p><img loading=\"lazy\" decoding=\"async\" class=\"alignnone size-large wp-image-71159\" src=\"https:\/\/vocesparalelas.com.ar\/sitio\/wp-content\/uploads\/2024\/04\/UCCUYO-2024-01-800x534.jpg\" alt=\"\" width=\"800\" height=\"534\" srcset=\"https:\/\/vocesparalelas.com.ar\/sitio\/wp-content\/uploads\/2024\/04\/UCCUYO-2024-01-800x534.jpg 800w, https:\/\/vocesparalelas.com.ar\/sitio\/wp-content\/uploads\/2024\/04\/UCCUYO-2024-01-300x200.jpg 300w, https:\/\/vocesparalelas.com.ar\/sitio\/wp-content\/uploads\/2024\/04\/UCCUYO-2024-01-768x512.jpg 768w, https:\/\/vocesparalelas.com.ar\/sitio\/wp-content\/uploads\/2024\/04\/UCCUYO-2024-01.jpg 1024w\" sizes=\"auto, (max-width: 800px) 100vw, 800px\" \/><\/p>\n<p><span style=\"color: #ff0000;\"><strong>Banderas Papal e Institucional<\/strong><\/span><\/p>\n<p>La rectora y el vicerrector de Formaci\u00f3n, Lic. Mar\u00eda Laura Simonassi y Pbro. Lic. \u00c1ngel Hern\u00e1ndez, hicieron entrega de la Ense\u00f1a Papal mientras que la rectora y la vicerrectora Acad\u00e9mica de esta UCCuyo, Lic. Beatriz Farah hicieron entrega de la Bandera Institucional de esta casa de estudios. Los nuevos integrantes de la Ense\u00f1a Papal son:\u00a0 Mar\u00eda Luj\u00e1n Garc\u00eda Lillo (abanderada), Emilce Alejandra S\u00e1nchez Fern\u00e1ndez, Mar\u00eda Paula Failla, Mar\u00eda Dolores Yunes Guajardo y Constanza Eugenia Gonz\u00e1lez Herrera, como escoltas.<\/p>\n<p>El cuerpo de la Bandera Institucional qued\u00f3 conformado por Mar\u00eda Cristina Garc\u00eda Doria, como abanderada y por Mar\u00eda Valentina Fiol Montenegro, Mar\u00eda Ximena Mori Pacheco, Andrea Del R\u00edo G\u00f3mez y Marina S\u00e1nchez Bataller, como escoltas.<\/p>\n<p><img loading=\"lazy\" decoding=\"async\" class=\"alignnone size-large wp-image-71161\" src=\"https:\/\/vocesparalelas.com.ar\/sitio\/wp-content\/uploads\/2024\/04\/UCCUYO-2024-03-800x534.jpg\" alt=\"\" width=\"800\" height=\"534\" srcset=\"https:\/\/vocesparalelas.com.ar\/sitio\/wp-content\/uploads\/2024\/04\/UCCUYO-2024-03-800x534.jpg 800w, https:\/\/vocesparalelas.com.ar\/sitio\/wp-content\/uploads\/2024\/04\/UCCUYO-2024-03-300x200.jpg 300w, https:\/\/vocesparalelas.com.ar\/sitio\/wp-content\/uploads\/2024\/04\/UCCUYO-2024-03-768x512.jpg 768w, https:\/\/vocesparalelas.com.ar\/sitio\/wp-content\/uploads\/2024\/04\/UCCUYO-2024-03.jpg 1024w\" sizes=\"auto, (max-width: 800px) 100vw, 800px\" \/><\/p>\n<p>Concluy\u00f3 el acto con las palabras de la rectora, Lic. Mar\u00eda Laura Simonassi quien destac\u00f3 que \u201cEste d\u00eda marca el comienzo de una etapa en la Universidad que nos ofrece renovadas oportunidades y desaf\u00edos para el crecimiento personal y profesional de todos nosotros. Reconoci\u00f3 y felicit\u00f3 a los estudiantes designados en los cuerpos de Bandera que asumieron la responsabilidad de representar a nuestra Universidad y a los de Bandera salientes por sus m\u00e9ritos acad\u00e9micos, dedicaci\u00f3n y compromiso, inspiradores para todos.<\/p>\n<p>Record\u00f3 a la Dra. Mar\u00eda Isabel Larrauri por haber dejado una huella imborrable en nuestra instituci\u00f3n. \u201cSu legado perdurar\u00e1 en cada rinc\u00f3n de esta casa de estudios y su esp\u00edritu seguir\u00e1 inspir\u00e1ndonos a alcanzar la excelencia en todo lo que hacemos. A ella nuestro eterno agradecimiento y reconocimiento\u201d.<\/p>\n<p>Tambi\u00e9n agradeci\u00f3 a los estudiantes, docentes, personal administrativo y de apoyo de la Universidad por el compromiso con la excelencia acad\u00e9mica, por fomentar el di\u00e1logo y la colaboraci\u00f3n y por el compromiso con el cuidado del bienestar personal y colectivo.<\/p>\n<p>Concluy\u00f3 expresando que \u201cEste nuevo ciclo acad\u00e9mico nos brinda la oportunidad de crecer, aprender y contribuir al bien com\u00fan. Aunque los desaf\u00edos puedan parecer grandes, nuestra capacidad de superarlos es a\u00fan mayor. Juntos podemos construir un futuro esperanzador lleno de logros y \u00e9xitos compartidos\u201d.<\/p>\n<p>&nbsp;<\/p>\n<p><img loading=\"lazy\" decoding=\"async\" class=\"alignnone size-large wp-image-20251\" src=\"https:\/\/vocesparalelas.com.ar\/sitio\/wp-content\/uploads\/2019\/04\/UCCUYO-FRENTE-01-800x600.jpg\" alt=\"\" width=\"800\" height=\"600\" srcset=\"https:\/\/vocesparalelas.com.ar\/sitio\/wp-content\/uploads\/2019\/04\/UCCUYO-FRENTE-01-800x600.jpg 800w, https:\/\/vocesparalelas.com.ar\/sitio\/wp-content\/uploads\/2019\/04\/UCCUYO-FRENTE-01-300x225.jpg 300w, https:\/\/vocesparalelas.com.ar\/sitio\/wp-content\/uploads\/2019\/04\/UCCUYO-FRENTE-01-768x576.jpg 768w, https:\/\/vocesparalelas.com.ar\/sitio\/wp-content\/uploads\/2019\/04\/UCCUYO-FRENTE-01.jpg 1000w\" sizes=\"auto, (max-width: 800px) 100vw, 800px\" \/><\/p>\n","protected":false},"excerpt":{"rendered":"<p>La Universidad Cat\u00f3lica de Cuyo realiz\u00f3 el 5 de Abril, el acto oficial del inicio inaugural del a\u00f1o acad\u00e9mico 2024-2025.<\/p>\n","protected":false},"author":3,"featured_media":71165,"comment_status":"closed","ping_status":"closed","sticky":false,"template":"","format":"standard","meta":{"_acf_changed":false,"_seopress_robots_primary_cat":"none","_seopress_titles_title":"","_seopress_titles_desc":"","_seopress_robots_index":"","colormag_page_container_layout":"default_layout","colormag_page_sidebar_layout":"default_layout","footnotes":""},"categories":[1],"tags":[],"class_list":["post-71156","post","type-post","status-publish","format-standard","has-post-thumbnail","hentry","category-destacadas"],"acf":[],"_links":{"self":[{"href":"https:\/\/vocesparalelas.com.ar\/sitio\/wp-json\/wp\/v2\/posts\/71156","targetHints":{"allow":["GET"]}}],"collection":[{"href":"https:\/\/vocesparalelas.com.ar\/sitio\/wp-json\/wp\/v2\/posts"}],"about":[{"href":"https:\/\/vocesparalelas.com.ar\/sitio\/wp-json\/wp\/v2\/types\/post"}],"author":[{"embeddable":true,"href":"https:\/\/vocesparalelas.com.ar\/sitio\/wp-json\/wp\/v2\/users\/3"}],"replies":[{"embeddable":true,"href":"https:\/\/vocesparalelas.com.ar\/sitio\/wp-json\/wp\/v2\/comments?post=71156"}],"version-history":[{"count":3,"href":"https:\/\/vocesparalelas.com.ar\/sitio\/wp-json\/wp\/v2\/posts\/71156\/revisions"}],"predecessor-version":[{"id":71172,"href":"https:\/\/vocesparalelas.com.ar\/sitio\/wp-json\/wp\/v2\/posts\/71156\/revisions\/71172"}],"wp:featuredmedia":[{"embeddable":true,"href":"https:\/\/vocesparalelas.com.ar\/sitio\/wp-json\/wp\/v2\/media\/71165"}],"wp:attachment":[{"href":"https:\/\/vocesparalelas.com.ar\/sitio\/wp-json\/wp\/v2\/media?parent=71156"}],"wp:term":[{"taxonomy":"category","embeddable":true,"href":"https:\/\/vocesparalelas.com.ar\/sitio\/wp-json\/wp\/v2\/categories?post=71156"},{"taxonomy":"post_tag","embeddable":true,"href":"https:\/\/vocesparalelas.com.ar\/sitio\/wp-json\/wp\/v2\/tags?post=71156"}],"curies":[{"name":"wp","href":"https:\/\/api.w.org\/{rel}","templated":true}]}}