{"id":71139,"date":"2024-04-09T20:53:10","date_gmt":"2024-04-09T23:53:10","guid":{"rendered":"https:\/\/vocesparalelas.com.ar\/sitio\/?p=71139"},"modified":"2024-04-10T00:53:22","modified_gmt":"2024-04-10T03:53:22","slug":"un-brazo-robotico-industrial-para-los-alumnos-de-la-eidfs-de-la-unsj","status":"publish","type":"post","link":"https:\/\/vocesparalelas.com.ar\/sitio\/un-brazo-robotico-industrial-para-los-alumnos-de-la-eidfs-de-la-unsj\/","title":{"rendered":"Un brazo rob\u00f3tico industrial para los alumnos de la EIDFS de la UNSJ"},"content":{"rendered":"<p>La iniciativa se origin\u00f3 en una visita a la empresa Taranto realizada por autoridades del Instituto Preuniversitario de la UNSJ Escuela Industrial Domingo Faustino Sarmiento para buscar un espacio y oportunidades para que los estudiantes pudieran hacer pr\u00e1cticas profesionalizantes.<\/p>\n<p>Es as\u00ed que, el director de la EIDFS, Ing. Jorge Guti\u00e9rrez explic\u00f3 que \u00abla respuesta encontrada en la empresa fue superada ya que, para ellos era m\u00e1s productivo ofrecernos un brazo rob\u00f3tico y que los estudiantes pudieran capacitarse en la programaci\u00f3n de este brazo, de forma tal que en el mismo colegio puedan aprender a identificar, programar y operar equipamiento que el d\u00eda de ma\u00f1ana pueden encontrarse en un puesto laboral\u201d.<\/p>\n<p>\u201cUna adquisici\u00f3n muy buena para todos los estudiantes ya que es un brazo rob\u00f3tico industrial y puede ser utilizado por chicos de las especialidades Equipo de Instalaciones Electromec\u00e1nica; de Electr\u00f3nica; de Automotores; de Industria de Procesos y para que tambi\u00e9n los chicos de tercer a\u00f1o puedan verlo funcionar y pueda ser un disparador para la elecci\u00f3n de especialidades\u201d.<\/p>\n<p>\u00abEl equipamiento es de \u00faltima generaci\u00f3n y tiene un valor aproximado de cinco mil d\u00f3lares. Este es un salto cualitativo para la instituci\u00f3n, y es muy importante que empresas se acerquen a distintas instituciones educativas secundarias as\u00ed los estudiantes de la provincia de San Juan puedan tener esta posibilidad, que potenciar\u00eda las habilidades a la hora de conseguir un trabajo\u201d &#8211; concluy\u00f3 el Ing. Guti\u00e9rrez.<\/p>\n<p>Al ofrecimiento en consignaci\u00f3n por dos a\u00f1os del equipamiento, tambi\u00e9n se sum\u00f3 una capacitaci\u00f3n a diez docentes, quienes ya la realizaron durante noviembre y diciembre. Lucas Ribas, uno de los docentes que recibi\u00f3 la formaci\u00f3n, dijo que se les ense\u00f1\u00f3 \u201cc\u00f3mo se automatiza una empresa mediante estos robots\u201d.<\/p>\n<p>\u201cLuego, en lo espec\u00edfico, aprendimos c\u00f3mo hacer funcionar el brazo rob\u00f3tico mediante programaci\u00f3n;\u00a0se hizo mucho hincapi\u00e9 tanto en la programaci\u00f3n como en la electr\u00f3nica\u201d, complet\u00f3.<\/p>\n<p><span style=\"color: #ff6600;\"><strong>Oportunidades<\/strong><\/span><\/p>\n<p>El profesor Edgardo Pringles, de la especialidad Electromec\u00e1nica de la EIDFS, explic\u00f3 que el robot es \u201cuna estructura antropom\u00f3rfica\u201d, es decir que es como un brazo que tiene movimientos similares a los del ser humano. \u201cEst\u00e1 equipado con seis motores que proveen movimientos, por lo que puede hacer m\u00faltiples tareas. Funciona con una computadora industrial y con un teclado, que es la interface con el usuario. Se le ejecuta un programa y se le hace hacer maniobras repetitivas, algo que ser\u00eda muy tedioso para un humano\u201d, dijo. Luego, Pringles cont\u00f3 que la empresa Taranto tiene otra cantidad de estos robots para instalar en su planta de Chimbas. \u201cEntonces -sugiri\u00f3 el docente-, esto implica que el personal que va a contratar la empresa tiene que estar capacitado en el manejo de estos equipamientos, y de aqu\u00ed a que esos robots est\u00e9n instalados, va a ser muy bueno que la Escuela pueda brindarles esa capacitaci\u00f3n a los alumnos\u201d.<\/p>\n<p>&nbsp;<\/p>\n<p><img loading=\"lazy\" decoding=\"async\" class=\"alignnone size-full wp-image-39108\" src=\"https:\/\/vocesparalelas.com.ar\/sitio\/wp-content\/uploads\/2021\/06\/EIDFS.jpg\" alt=\"\" width=\"800\" height=\"600\" srcset=\"https:\/\/vocesparalelas.com.ar\/sitio\/wp-content\/uploads\/2021\/06\/EIDFS.jpg 800w, https:\/\/vocesparalelas.com.ar\/sitio\/wp-content\/uploads\/2021\/06\/EIDFS-300x225.jpg 300w, https:\/\/vocesparalelas.com.ar\/sitio\/wp-content\/uploads\/2021\/06\/EIDFS-768x576.jpg 768w\" sizes=\"auto, (max-width: 800px) 100vw, 800px\" \/><\/p>\n","protected":false},"excerpt":{"rendered":"<p>La iniciativa se origin\u00f3 en una visita a la empresa Taranto realizada por autoridades del Instituto Preuniversitario de la UNSJ<\/p>\n","protected":false},"author":3,"featured_media":71142,"comment_status":"closed","ping_status":"closed","sticky":false,"template":"","format":"standard","meta":{"_acf_changed":false,"_seopress_robots_primary_cat":"none","_seopress_titles_title":"","_seopress_titles_desc":"","_seopress_robots_index":"","colormag_page_container_layout":"default_layout","colormag_page_sidebar_layout":"default_layout","footnotes":""},"categories":[1],"tags":[],"class_list":["post-71139","post","type-post","status-publish","format-standard","has-post-thumbnail","hentry","category-destacadas"],"acf":[],"_links":{"self":[{"href":"https:\/\/vocesparalelas.com.ar\/sitio\/wp-json\/wp\/v2\/posts\/71139","targetHints":{"allow":["GET"]}}],"collection":[{"href":"https:\/\/vocesparalelas.com.ar\/sitio\/wp-json\/wp\/v2\/posts"}],"about":[{"href":"https:\/\/vocesparalelas.com.ar\/sitio\/wp-json\/wp\/v2\/types\/post"}],"author":[{"embeddable":true,"href":"https:\/\/vocesparalelas.com.ar\/sitio\/wp-json\/wp\/v2\/users\/3"}],"replies":[{"embeddable":true,"href":"https:\/\/vocesparalelas.com.ar\/sitio\/wp-json\/wp\/v2\/comments?post=71139"}],"version-history":[{"count":1,"href":"https:\/\/vocesparalelas.com.ar\/sitio\/wp-json\/wp\/v2\/posts\/71139\/revisions"}],"predecessor-version":[{"id":71143,"href":"https:\/\/vocesparalelas.com.ar\/sitio\/wp-json\/wp\/v2\/posts\/71139\/revisions\/71143"}],"wp:featuredmedia":[{"embeddable":true,"href":"https:\/\/vocesparalelas.com.ar\/sitio\/wp-json\/wp\/v2\/media\/71142"}],"wp:attachment":[{"href":"https:\/\/vocesparalelas.com.ar\/sitio\/wp-json\/wp\/v2\/media?parent=71139"}],"wp:term":[{"taxonomy":"category","embeddable":true,"href":"https:\/\/vocesparalelas.com.ar\/sitio\/wp-json\/wp\/v2\/categories?post=71139"},{"taxonomy":"post_tag","embeddable":true,"href":"https:\/\/vocesparalelas.com.ar\/sitio\/wp-json\/wp\/v2\/tags?post=71139"}],"curies":[{"name":"wp","href":"https:\/\/api.w.org\/{rel}","templated":true}]}}