{"id":71113,"date":"2024-04-09T20:47:54","date_gmt":"2024-04-09T23:47:54","guid":{"rendered":"https:\/\/vocesparalelas.com.ar\/sitio\/?p=71113"},"modified":"2024-04-09T20:47:54","modified_gmt":"2024-04-09T23:47:54","slug":"los-directivos-del-proyecto-chita-apuestan-a-la-inversion-minera-de-san-juan","status":"publish","type":"post","link":"https:\/\/vocesparalelas.com.ar\/sitio\/los-directivos-del-proyecto-chita-apuestan-a-la-inversion-minera-de-san-juan\/","title":{"rendered":"Los directivos del proyecto Chita apuestan a la inversi\u00f3n minera de San Juan"},"content":{"rendered":"<p>El gobernador de San Juan, Dr. Marcelo Orrego recibi\u00f3 en Casa de Gobierno, a los directivos de South32, una compa\u00f1\u00eda dedicada a la miner\u00eda y los metales que tiene sede en Perth, Australia.<\/p>\n<p>El objetivo de la visita fue afianzar la colaboraci\u00f3n positiva entre el gobierno y las empresas privadas, para fortalecer los proyectos que beneficien a San Juan.<\/p>\n<p>Estuvieron presente el ministro de Miner\u00eda, Dr. Juan Pablo Perea, el ministro de Producci\u00f3n, Trabajo e Innovaci\u00f3n, CPN Gustavo Fern\u00e1ndez, y parte de la delegaci\u00f3n de South32, Gonzalo Andr\u00e9s Rodriguez, representante de Chile, Antonio P\u00e9rez, de Colombia, Jos\u00e9 Andr\u00e9s Cepeda, de Espa\u00f1a y el argentino Alejandro Mar\u00eda Massot.<\/p>\n<p>Por su parte, el referente chileno, Gonzalo Andr\u00e9s Rodr\u00edguez, coment\u00f3 que vinieron a presentarse ante el gobernador, conocer a las autoridades locales porque \u201cnosotros adquirimos el 50,1% de la empresa MSA, que es due\u00f1a del Proyecto del Valle de Chita, que est\u00e1 en etapa de exploraci\u00f3n en este momento\u201d, explic\u00f3.<\/p>\n<p>Este proyecto metal\u00edfero, el Proyecto Chita, se encuentra ubicado a 35 km de la localidad de Bella Vista, en el departamento Iglesia. Su altitud, de 3.000 msnm permite labores mineras durante todo el a\u00f1o incluida la temporada invernal, por lo cual se esperan resultados positivos en la campa\u00f1a plateada que tambi\u00e9n busca ampliar el cluster en zonas adyacentes.<\/p>\n<p>&nbsp;<\/p>\n<p>&nbsp;<\/p>\n<p>&nbsp;<\/p>\n","protected":false},"excerpt":{"rendered":"<p>El gobernador de San Juan, Dr. Marcelo Orrego recibi\u00f3 en Casa de Gobierno, a los directivos de South32, una compa\u00f1\u00eda<\/p>\n","protected":false},"author":3,"featured_media":71116,"comment_status":"closed","ping_status":"closed","sticky":false,"template":"","format":"standard","meta":{"_acf_changed":false,"_seopress_robots_primary_cat":"none","_seopress_titles_title":"","_seopress_titles_desc":"","_seopress_robots_index":"","colormag_page_container_layout":"default_layout","colormag_page_sidebar_layout":"default_layout","footnotes":""},"categories":[1],"tags":[],"class_list":["post-71113","post","type-post","status-publish","format-standard","has-post-thumbnail","hentry","category-destacadas"],"acf":[],"_links":{"self":[{"href":"https:\/\/vocesparalelas.com.ar\/sitio\/wp-json\/wp\/v2\/posts\/71113","targetHints":{"allow":["GET"]}}],"collection":[{"href":"https:\/\/vocesparalelas.com.ar\/sitio\/wp-json\/wp\/v2\/posts"}],"about":[{"href":"https:\/\/vocesparalelas.com.ar\/sitio\/wp-json\/wp\/v2\/types\/post"}],"author":[{"embeddable":true,"href":"https:\/\/vocesparalelas.com.ar\/sitio\/wp-json\/wp\/v2\/users\/3"}],"replies":[{"embeddable":true,"href":"https:\/\/vocesparalelas.com.ar\/sitio\/wp-json\/wp\/v2\/comments?post=71113"}],"version-history":[{"count":1,"href":"https:\/\/vocesparalelas.com.ar\/sitio\/wp-json\/wp\/v2\/posts\/71113\/revisions"}],"predecessor-version":[{"id":71117,"href":"https:\/\/vocesparalelas.com.ar\/sitio\/wp-json\/wp\/v2\/posts\/71113\/revisions\/71117"}],"wp:featuredmedia":[{"embeddable":true,"href":"https:\/\/vocesparalelas.com.ar\/sitio\/wp-json\/wp\/v2\/media\/71116"}],"wp:attachment":[{"href":"https:\/\/vocesparalelas.com.ar\/sitio\/wp-json\/wp\/v2\/media?parent=71113"}],"wp:term":[{"taxonomy":"category","embeddable":true,"href":"https:\/\/vocesparalelas.com.ar\/sitio\/wp-json\/wp\/v2\/categories?post=71113"},{"taxonomy":"post_tag","embeddable":true,"href":"https:\/\/vocesparalelas.com.ar\/sitio\/wp-json\/wp\/v2\/tags?post=71113"}],"curies":[{"name":"wp","href":"https:\/\/api.w.org\/{rel}","templated":true}]}}