{"id":71106,"date":"2024-04-09T20:21:24","date_gmt":"2024-04-09T23:21:24","guid":{"rendered":"https:\/\/vocesparalelas.com.ar\/sitio\/?p=71106"},"modified":"2024-04-11T00:52:12","modified_gmt":"2024-04-11T03:52:12","slug":"se-extiende-la-convocatoria-premio-a-la-innovacion-educativa-2024-de-la-fbsj","status":"publish","type":"post","link":"https:\/\/vocesparalelas.com.ar\/sitio\/se-extiende-la-convocatoria-premio-a-la-innovacion-educativa-2024-de-la-fbsj\/","title":{"rendered":"Se extiende la Convocatoria \u00abPremio a la Innovaci\u00f3n Educativa 2024\u00bb de la FBSJ"},"content":{"rendered":"<p>El programa, que premiar\u00e1 con m\u00e1s de 4 millones de pesos a los ganadores, est\u00e1 dirigido a establecimientos educativos de nivel secundario y tiene como objetivo el desarrollo de proyectos de impacto social orientados a Ciencias y Sustentabilidad.<\/p>\n<p>La convocatoria estar\u00e1 abierta hasta el 10 de abril y est\u00e1 dirigida a docentes y directores del ciclo<br \/>\norientado de Escuelas Secundarias de Gesti\u00f3n P\u00fablica y Privada. Los interesados en participar<br \/>\npodr\u00e1n postularse completando el formulario a trav\u00e9s del sitio web exclusivo:<\/p>\n<p><a href=\"https:\/\/www.premiofgpinnovacioneducativa.com.ar\/\">https:\/\/www.premiofgpinnovacioneducativa.com.ar\/<\/a><\/p>\n<p>En esta edici\u00f3n habr\u00e1 en la provincia 1 ganador general (primer puesto), que recibir\u00e1 2 millones<br \/>\nde pesos para el desarrollo del proyecto, y 3 menciones destacadas, que obtendr\u00e1n cada una la<br \/>\nsuma de 700 mil pesos.<\/p>\n<p>El Premio a la Innovaci\u00f3n Educativa est\u00e1 organizado por la Fundaci\u00f3n Banco San Juan junto a las<br \/>\notras tres Fundaciones del Grupo Petersen (FGP) \u2013Fundaci\u00f3n Banco Santa Fe, Fundaci\u00f3n Banco<br \/>\nSanta Cruz y Fundaci\u00f3n Banco Entre R\u00edos- y en esta quinta edici\u00f3n distribuir\u00e1 un total 16.400.000<br \/>\npesos en premios entre las escuelas ganadoras de estas 4 provincias, donde el Grupo Petersen<br \/>\nconcentra su \u00e1rea de influencia.<\/p>\n<p>El Programa contribuye a la formaci\u00f3n de docentes en estrategias de aprendizaje activo y<br \/>\npromueve el desarrollo de capacidades en los estudiantes, a trav\u00e9s del trabajo en proyectos<br \/>\norientados a Ciencias y Sustentabilidad.<\/p>\n<p><strong><span style=\"color: #339966;\">Promover la transformaci\u00f3n de la escuela secundaria<\/span><\/strong><\/p>\n<p>Las escuelas seleccionadas ser\u00e1n convocadas a conformar equipos interdisciplinarios con<br \/>\ndocentes de su instituci\u00f3n para avanzar a la etapa de formaci\u00f3n.<\/p>\n<p>La etapa de acompa\u00f1amiento formativo, en Aprendizaje Basado en Proyectos (ABP), se realizar\u00e1<br \/>\na trav\u00e9s del Campus Educativo de FGP y consta de encuentros sincr\u00f3nicos y seguimiento<br \/>\nasincr\u00f3nico entre los meses de abril a septiembre, en Ciencias, Matem\u00e1tica y Tecnolog\u00eda,<br \/>\norientadas a proyectos. Se proporcionar\u00e1, a los docentes participantes, herramientas y canales de<br \/>\nconsultas para la revisi\u00f3n y\/o elaboraci\u00f3n de los proyectos.<\/p>\n<p>Como novedad en esta edici\u00f3n, todas las escuelas seleccionadas recibir\u00e1n un kit de rob\u00f3tica, para<br \/>\ntrabajar durante la etapa formativa en el desarrollo de sus proyectos. A su vez los estudiantes<br \/>\nparticipar\u00e1n de jornadas de formaci\u00f3n con Clubes TED, en tem\u00e1ticas ligadas a: Trabajo en equipo,<br \/>\nComunicaci\u00f3n, y Resoluci\u00f3n de problemas.<\/p>\n<p>Una vez concluida la formaci\u00f3n, las escuelas deber\u00e1n postular junto a estudiantes, un proyecto de<br \/>\ninnovaci\u00f3n educativa orientado a Ciencias y Sustentabilidad, que ser\u00e1 evaluado por un jurado de<br \/>\nexpertos quienes determinar\u00e1n los seleccionados.<\/p>\n<p>Posteriormente se realizar\u00e1n 4 Ferias en Acci\u00f3n (una por cada regi\u00f3n) de car\u00e1cter presencial,<br \/>\ndonde se anunciar\u00e1n los ganadores. Estas ferias se constituyen como espacios de aprendizaje e<br \/>\nintercambio entre pares, fomentando el esp\u00edritu cr\u00edtico y la curiosidad dentro de la comunidad<br \/>\neducativa, al hacer posible la exposici\u00f3n de experiencias y la visibilizaci\u00f3n de proyectos.<\/p>\n<p>En la edici\u00f3n 2023, 329 docentes y directivos de 69 escuelas, de las cuatro provincias, fueron<br \/>\ncapacitados desde el campus y presentaron un total de 82 proyectos en las 4 ferias de proyectos<br \/>\nrealizadas.<\/p>\n<p>Toda la informaci\u00f3n, bases y condiciones pueden ser consultadas en el micrositio exclusivo del<br \/>\nprograma:<\/p>\n<p><a href=\"https:\/\/www.premiofgpinnovacioneducativa.com.ar\/\">https:\/\/www.premiofgpinnovacioneducativa.com.ar\/<\/a><\/p>\n<p>Con esta nueva edici\u00f3n del Premio FGP a la Innovaci\u00f3n Educativa, las Fundaciones contin\u00faan<br \/>\npromoviendo la transformaci\u00f3n de la escuela secundaria a trav\u00e9s de programas que centran al<br \/>\nestudiante como protagonista del proceso educativo, brindando conocimientos y trabajando<br \/>\nhabilidades del Siglo XXI, como lo son el pensamiento cr\u00edtico, la resoluci\u00f3n de problemas, la<br \/>\ncomunicaci\u00f3n y el trabajo colaborativo.<\/p>\n","protected":false},"excerpt":{"rendered":"<p>El programa, que premiar\u00e1 con m\u00e1s de 4 millones de pesos a los ganadores, est\u00e1 dirigido a establecimientos educativos de<\/p>\n","protected":false},"author":3,"featured_media":71109,"comment_status":"closed","ping_status":"closed","sticky":false,"template":"","format":"standard","meta":{"_acf_changed":false,"_seopress_robots_primary_cat":"none","_seopress_titles_title":"","_seopress_titles_desc":"","_seopress_robots_index":"","colormag_page_container_layout":"default_layout","colormag_page_sidebar_layout":"default_layout","footnotes":""},"categories":[8],"tags":[],"class_list":["post-71106","post","type-post","status-publish","format-standard","has-post-thumbnail","hentry","category-concursos"],"acf":[],"_links":{"self":[{"href":"https:\/\/vocesparalelas.com.ar\/sitio\/wp-json\/wp\/v2\/posts\/71106","targetHints":{"allow":["GET"]}}],"collection":[{"href":"https:\/\/vocesparalelas.com.ar\/sitio\/wp-json\/wp\/v2\/posts"}],"about":[{"href":"https:\/\/vocesparalelas.com.ar\/sitio\/wp-json\/wp\/v2\/types\/post"}],"author":[{"embeddable":true,"href":"https:\/\/vocesparalelas.com.ar\/sitio\/wp-json\/wp\/v2\/users\/3"}],"replies":[{"embeddable":true,"href":"https:\/\/vocesparalelas.com.ar\/sitio\/wp-json\/wp\/v2\/comments?post=71106"}],"version-history":[{"count":1,"href":"https:\/\/vocesparalelas.com.ar\/sitio\/wp-json\/wp\/v2\/posts\/71106\/revisions"}],"predecessor-version":[{"id":71110,"href":"https:\/\/vocesparalelas.com.ar\/sitio\/wp-json\/wp\/v2\/posts\/71106\/revisions\/71110"}],"wp:featuredmedia":[{"embeddable":true,"href":"https:\/\/vocesparalelas.com.ar\/sitio\/wp-json\/wp\/v2\/media\/71109"}],"wp:attachment":[{"href":"https:\/\/vocesparalelas.com.ar\/sitio\/wp-json\/wp\/v2\/media?parent=71106"}],"wp:term":[{"taxonomy":"category","embeddable":true,"href":"https:\/\/vocesparalelas.com.ar\/sitio\/wp-json\/wp\/v2\/categories?post=71106"},{"taxonomy":"post_tag","embeddable":true,"href":"https:\/\/vocesparalelas.com.ar\/sitio\/wp-json\/wp\/v2\/tags?post=71106"}],"curies":[{"name":"wp","href":"https:\/\/api.w.org\/{rel}","templated":true}]}}