{"id":71102,"date":"2024-04-09T13:24:11","date_gmt":"2024-04-09T16:24:11","guid":{"rendered":"https:\/\/vocesparalelas.com.ar\/sitio\/?p=71102"},"modified":"2024-04-09T13:24:11","modified_gmt":"2024-04-09T16:24:11","slug":"se-busca-un-acuerdo-que-beneficie-a-los-docentes-de-san-juan","status":"publish","type":"post","link":"https:\/\/vocesparalelas.com.ar\/sitio\/se-busca-un-acuerdo-que-beneficie-a-los-docentes-de-san-juan\/","title":{"rendered":"Se busca un acuerdo que beneficie a los docentes de San Juan"},"content":{"rendered":"<p>El Martes, 09 de Abril, a las 13 hs.; se reanuda la reuni\u00f3n paritaria entre los Ministerios de Econom\u00eda, Hacienda y Finanzas y Educaci\u00f3n del Gobierno de San Juan con los gremios docentes UDAP, UDA y AMET, en el Ministerio de Educaci\u00f3n.<\/p>\n<p>Es importante recordar que los gremios docentes UDAP, UDA y AMET hasta esta instancia y despu\u00e9s de varias reuniones nunca aceptaron el aumento salarial que otorg\u00f3 el Gobierno de San Juan. Adem\u00e1s, hay un compromiso del Gobierno las reuniones mensuales para revisar el salario docente de acuerdo al aumento de la inflaci\u00f3n econ\u00f3mica que atenta al bolsillo de los trabajadores de educaci\u00f3n.<\/p>\n<p><img loading=\"lazy\" decoding=\"async\" class=\"alignnone size-full wp-image-69744\" src=\"https:\/\/vocesparalelas.com.ar\/sitio\/wp-content\/uploads\/2024\/02\/EDUCACION-PARITARIA-01.jpg\" alt=\"\" width=\"800\" height=\"533\" srcset=\"https:\/\/vocesparalelas.com.ar\/sitio\/wp-content\/uploads\/2024\/02\/EDUCACION-PARITARIA-01.jpg 800w, https:\/\/vocesparalelas.com.ar\/sitio\/wp-content\/uploads\/2024\/02\/EDUCACION-PARITARIA-01-300x200.jpg 300w, https:\/\/vocesparalelas.com.ar\/sitio\/wp-content\/uploads\/2024\/02\/EDUCACION-PARITARIA-01-768x512.jpg 768w\" sizes=\"auto, (max-width: 800px) 100vw, 800px\" \/><\/p>\n<p>Adem\u00e1s, los gremios docentes UDAP, UDA y AMET\u00a0 se muestran dialoguista para definir con el gobierno para lograr un aumento salarial que beneficie al sector. Ambas partes tienen intenci\u00f3n de buscar el camino correcto.<\/p>\n<p>En esta situaci\u00f3n el Gobierno de San Juan ve positivo la baja de la inflaci\u00f3n lo que permite que el ofrecimiento del aumento salarial ser\u00e1 menor aunque se seguir\u00e1 pagando el FONID y Conectividad, cuyo monto no es transferido por el Gobierno Nacional.<\/p>\n<p>Se debe observar como sigue este recorrido para que los intervinientes lleguen a un acuerdo que beneficie a los docentes de San Juan. Es la intenci\u00f3n de las partes.<\/p>\n<p><img loading=\"lazy\" decoding=\"async\" class=\"alignnone size-full wp-image-28629\" src=\"https:\/\/vocesparalelas.com.ar\/sitio\/wp-content\/uploads\/2020\/05\/MINISTERIO-EDUCACION-SJ.jpg\" alt=\"\" width=\"800\" height=\"533\" srcset=\"https:\/\/vocesparalelas.com.ar\/sitio\/wp-content\/uploads\/2020\/05\/MINISTERIO-EDUCACION-SJ.jpg 800w, https:\/\/vocesparalelas.com.ar\/sitio\/wp-content\/uploads\/2020\/05\/MINISTERIO-EDUCACION-SJ-300x200.jpg 300w, https:\/\/vocesparalelas.com.ar\/sitio\/wp-content\/uploads\/2020\/05\/MINISTERIO-EDUCACION-SJ-768x512.jpg 768w\" sizes=\"auto, (max-width: 800px) 100vw, 800px\" \/><\/p>\n<p>&nbsp;<\/p>\n<p>&nbsp;<\/p>\n<p>&nbsp;<\/p>\n","protected":false},"excerpt":{"rendered":"<p>El Martes, 09 de Abril, a las 13 hs.; se reanuda la reuni\u00f3n paritaria entre los Ministerios de Econom\u00eda, Hacienda<\/p>\n","protected":false},"author":3,"featured_media":65642,"comment_status":"closed","ping_status":"closed","sticky":false,"template":"","format":"standard","meta":{"_acf_changed":false,"_seopress_robots_primary_cat":"none","_seopress_titles_title":"","_seopress_titles_desc":"","_seopress_robots_index":"","colormag_page_container_layout":"default_layout","colormag_page_sidebar_layout":"default_layout","footnotes":""},"categories":[1],"tags":[],"class_list":["post-71102","post","type-post","status-publish","format-standard","has-post-thumbnail","hentry","category-destacadas"],"acf":[],"_links":{"self":[{"href":"https:\/\/vocesparalelas.com.ar\/sitio\/wp-json\/wp\/v2\/posts\/71102","targetHints":{"allow":["GET"]}}],"collection":[{"href":"https:\/\/vocesparalelas.com.ar\/sitio\/wp-json\/wp\/v2\/posts"}],"about":[{"href":"https:\/\/vocesparalelas.com.ar\/sitio\/wp-json\/wp\/v2\/types\/post"}],"author":[{"embeddable":true,"href":"https:\/\/vocesparalelas.com.ar\/sitio\/wp-json\/wp\/v2\/users\/3"}],"replies":[{"embeddable":true,"href":"https:\/\/vocesparalelas.com.ar\/sitio\/wp-json\/wp\/v2\/comments?post=71102"}],"version-history":[{"count":1,"href":"https:\/\/vocesparalelas.com.ar\/sitio\/wp-json\/wp\/v2\/posts\/71102\/revisions"}],"predecessor-version":[{"id":71105,"href":"https:\/\/vocesparalelas.com.ar\/sitio\/wp-json\/wp\/v2\/posts\/71102\/revisions\/71105"}],"wp:featuredmedia":[{"embeddable":true,"href":"https:\/\/vocesparalelas.com.ar\/sitio\/wp-json\/wp\/v2\/media\/65642"}],"wp:attachment":[{"href":"https:\/\/vocesparalelas.com.ar\/sitio\/wp-json\/wp\/v2\/media?parent=71102"}],"wp:term":[{"taxonomy":"category","embeddable":true,"href":"https:\/\/vocesparalelas.com.ar\/sitio\/wp-json\/wp\/v2\/categories?post=71102"},{"taxonomy":"post_tag","embeddable":true,"href":"https:\/\/vocesparalelas.com.ar\/sitio\/wp-json\/wp\/v2\/tags?post=71102"}],"curies":[{"name":"wp","href":"https:\/\/api.w.org\/{rel}","templated":true}]}}