{"id":71051,"date":"2024-04-05T21:37:01","date_gmt":"2024-04-06T00:37:01","guid":{"rendered":"https:\/\/vocesparalelas.com.ar\/sitio\/?p=71051"},"modified":"2024-04-06T13:00:42","modified_gmt":"2024-04-06T16:00:42","slug":"1-fecha-de-la-liga-escolar-provincial-de-ajedrez-en-san-juan","status":"publish","type":"post","link":"https:\/\/vocesparalelas.com.ar\/sitio\/1-fecha-de-la-liga-escolar-provincial-de-ajedrez-en-san-juan\/","title":{"rendered":"1\u00b0 fecha de la Liga Escolar Provincial de Ajedrez en San Juan"},"content":{"rendered":"<p>Con la organizaci\u00f3n de la\u00a0Academia\u00a0Her-Man, encabezado por el deportista sanjuanino de Alto Rendimiento,\u00a0Rom\u00e1n Herrmann\u00a0y\u00a0Juan Miguel Marson, de C\u00f3rdoba, desde este s\u00e1bado, San Juan empieza a hacer historia en el desarrollo de ajedrez.<\/p>\n<p>Desde el 2023, Rom\u00e1n Herrmann comenz\u00f3 a hacer diferentes cl\u00ednicas en los departamentos alejados, con el gran objetivo de hacer m\u00e1s conocida esta disciplina e incentivar a la comunidad en general a practicar ajedrez.<\/p>\n<p>El mismo tuvo un gran \u00e9xito donde diferentes grupos se unieron y aprendieron, desde los m\u00e1s peque\u00f1os quienes fueron los m\u00e1s convocantes.<\/p>\n<p>Este nuevo a\u00f1o, la\u00a0Academia\u00a0Her-Man, inici\u00f3 sus actividades con nuevos objetivos, entre los que se puede destacar la realizaci\u00f3n de la primera Liga Escolar de Ajedrez, la que tiene 4 fechas, siendo una gran prueba piloto para poder darle continuidad durante el a\u00f1o.<\/p>\n<p>El S\u00e1bado, 6 de Abril, desde las 16 hs. la primera fecha en la Biblioteca Franklin, con equipos de 4 integrantes.<\/p>\n<p>Pueden participar clubes, escuelas o colegios con equipo con integrantes de 8 a 18 a\u00f1os, divididos en nivel primario y secundario.<\/p>\n<p>Es importante tener en cuenta que, al ser una Liga, (competencia) deben tener ya un conocimiento previo y la competencia se da una vez al mes.<\/p>\n<p>Aquellos interesados en formar parte de la primera fecha, deben ir directamente al lugar e inscribirse con la instituci\u00f3n que representan.<\/p>\n<p>Adem\u00e1s, para la jornada del Domingo, tiene organizado el \u201cFestival de ajedrez\u201d, en el Club de Ajedrez Biblioteca Franklin, a partir de las 17 horas, con maestros, partidas blitz amistosas, charlas en vivo y sorteos.<\/p>\n<p><strong><span style=\"color: #ff6600;\">Programa<\/span><\/strong><\/p>\n<ul>\n<li><strong>1\u00b0 fecha,\u00a0<\/strong>S\u00e1bado 6 de Abril, en la Biblioteca Franklin<\/li>\n<li><strong>2\u00b0fecha, <\/strong>S\u00e1bado, 18 de Mayo, en el Centro Conte Grand<\/li>\n<li><strong>3\u00b0 fecha, <\/strong>S\u00e1bado, 29 de Junio, en el Museo Provincial de Bellas Artes Franklin Rawson<\/li>\n<li><strong>4\u00b0 fecha, <\/strong>S\u00e1bado, 27 de Julio, en Casa Natal de Sarmiento.<\/li>\n<\/ul>\n","protected":false},"excerpt":{"rendered":"<p>Con la organizaci\u00f3n de la\u00a0Academia\u00a0Her-Man, encabezado por el deportista sanjuanino de Alto Rendimiento,\u00a0Rom\u00e1n Herrmann\u00a0y\u00a0Juan Miguel Marson, de C\u00f3rdoba, desde este<\/p>\n","protected":false},"author":3,"featured_media":17314,"comment_status":"closed","ping_status":"closed","sticky":false,"template":"","format":"standard","meta":{"_acf_changed":false,"_seopress_robots_primary_cat":"none","_seopress_titles_title":"","_seopress_titles_desc":"","_seopress_robots_index":"","colormag_page_container_layout":"default_layout","colormag_page_sidebar_layout":"default_layout","footnotes":""},"categories":[8],"tags":[],"class_list":["post-71051","post","type-post","status-publish","format-standard","has-post-thumbnail","hentry","category-concursos"],"acf":[],"_links":{"self":[{"href":"https:\/\/vocesparalelas.com.ar\/sitio\/wp-json\/wp\/v2\/posts\/71051","targetHints":{"allow":["GET"]}}],"collection":[{"href":"https:\/\/vocesparalelas.com.ar\/sitio\/wp-json\/wp\/v2\/posts"}],"about":[{"href":"https:\/\/vocesparalelas.com.ar\/sitio\/wp-json\/wp\/v2\/types\/post"}],"author":[{"embeddable":true,"href":"https:\/\/vocesparalelas.com.ar\/sitio\/wp-json\/wp\/v2\/users\/3"}],"replies":[{"embeddable":true,"href":"https:\/\/vocesparalelas.com.ar\/sitio\/wp-json\/wp\/v2\/comments?post=71051"}],"version-history":[{"count":1,"href":"https:\/\/vocesparalelas.com.ar\/sitio\/wp-json\/wp\/v2\/posts\/71051\/revisions"}],"predecessor-version":[{"id":71054,"href":"https:\/\/vocesparalelas.com.ar\/sitio\/wp-json\/wp\/v2\/posts\/71051\/revisions\/71054"}],"wp:featuredmedia":[{"embeddable":true,"href":"https:\/\/vocesparalelas.com.ar\/sitio\/wp-json\/wp\/v2\/media\/17314"}],"wp:attachment":[{"href":"https:\/\/vocesparalelas.com.ar\/sitio\/wp-json\/wp\/v2\/media?parent=71051"}],"wp:term":[{"taxonomy":"category","embeddable":true,"href":"https:\/\/vocesparalelas.com.ar\/sitio\/wp-json\/wp\/v2\/categories?post=71051"},{"taxonomy":"post_tag","embeddable":true,"href":"https:\/\/vocesparalelas.com.ar\/sitio\/wp-json\/wp\/v2\/tags?post=71051"}],"curies":[{"name":"wp","href":"https:\/\/api.w.org\/{rel}","templated":true}]}}