{"id":71045,"date":"2024-04-05T23:30:17","date_gmt":"2024-04-06T02:30:17","guid":{"rendered":"https:\/\/vocesparalelas.com.ar\/sitio\/?p=71045"},"modified":"2024-04-05T23:30:33","modified_gmt":"2024-04-06T02:30:33","slug":"rivadavia-destina-el-fondo-de-desarrollo-regional-a-obras-de-infraestructura","status":"publish","type":"post","link":"https:\/\/vocesparalelas.com.ar\/sitio\/rivadavia-destina-el-fondo-de-desarrollo-regional-a-obras-de-infraestructura\/","title":{"rendered":"Rivadavia destina el Fondo de Desarrollo Regional a obras de infraestructura"},"content":{"rendered":"<p>La Municipalidad de la Ciudad de Rivadavia defini\u00f3 con el Ministerio de Infraestructura, Agua y Energ\u00eda del Gobierno de San Juan, el destino de inversi\u00f3n del Fondo de Desarrollo Regional.<\/p>\n<p>Por ello, el Intendente de la Municipalidad de la Ciudad de Rivadavia, Sergio Miodowsky mantuvo un encuentro con el Ministro, Arq. Fernando Perea donde acordaron el desembolso del programa que tiene como destino obras de infraestructura departamentales.<\/p>\n<p>Teniendo en cuenta el cuadro de necesidades del departamento y la solicitud de los vecinos, el jefe comunal decidi\u00f3 destinar el dinero a la repavimentaci\u00f3n de barrios hist\u00f3ricos de Rivadavia, comenzando con el FOEVA.<\/p>\n<p>Vale la pena recordar que Rivadavia qued\u00f3 afuera del plan de repavimentaci\u00f3n provincial durante la gesti\u00f3n del gobierno provincial anterior y por ende las principales arterias de sus comunidades ic\u00f3nicas quedaron sin ese beneficio.<\/p>\n<p>Estos avances en el Departamento de Rivadavia, se deben que el Intendente y su gesti\u00f3n contin\u00faan de esta manera comprometidos con el pedido ciudadano y el cumplimiento de su plataforma de campa\u00f1a.<\/p>\n<p><img loading=\"lazy\" decoding=\"async\" class=\"alignnone size-full wp-image-66896\" src=\"https:\/\/vocesparalelas.com.ar\/sitio\/wp-content\/uploads\/2023\/12\/RIVADAVIA-LOGO-NUEVO.jpg\" alt=\"\" width=\"800\" height=\"533\" srcset=\"https:\/\/vocesparalelas.com.ar\/sitio\/wp-content\/uploads\/2023\/12\/RIVADAVIA-LOGO-NUEVO.jpg 800w, https:\/\/vocesparalelas.com.ar\/sitio\/wp-content\/uploads\/2023\/12\/RIVADAVIA-LOGO-NUEVO-300x200.jpg 300w, https:\/\/vocesparalelas.com.ar\/sitio\/wp-content\/uploads\/2023\/12\/RIVADAVIA-LOGO-NUEVO-768x512.jpg 768w\" sizes=\"auto, (max-width: 800px) 100vw, 800px\" \/><\/p>\n","protected":false},"excerpt":{"rendered":"<p>La Municipalidad de la Ciudad de Rivadavia defini\u00f3 con el Ministerio de Infraestructura, Agua y Energ\u00eda del Gobierno de San<\/p>\n","protected":false},"author":3,"featured_media":71048,"comment_status":"closed","ping_status":"closed","sticky":false,"template":"","format":"standard","meta":{"_acf_changed":false,"_seopress_robots_primary_cat":"none","_seopress_titles_title":"","_seopress_titles_desc":"","_seopress_robots_index":"","colormag_page_container_layout":"default_layout","colormag_page_sidebar_layout":"default_layout","footnotes":""},"categories":[1],"tags":[],"class_list":["post-71045","post","type-post","status-publish","format-standard","has-post-thumbnail","hentry","category-destacadas"],"acf":[],"_links":{"self":[{"href":"https:\/\/vocesparalelas.com.ar\/sitio\/wp-json\/wp\/v2\/posts\/71045","targetHints":{"allow":["GET"]}}],"collection":[{"href":"https:\/\/vocesparalelas.com.ar\/sitio\/wp-json\/wp\/v2\/posts"}],"about":[{"href":"https:\/\/vocesparalelas.com.ar\/sitio\/wp-json\/wp\/v2\/types\/post"}],"author":[{"embeddable":true,"href":"https:\/\/vocesparalelas.com.ar\/sitio\/wp-json\/wp\/v2\/users\/3"}],"replies":[{"embeddable":true,"href":"https:\/\/vocesparalelas.com.ar\/sitio\/wp-json\/wp\/v2\/comments?post=71045"}],"version-history":[{"count":2,"href":"https:\/\/vocesparalelas.com.ar\/sitio\/wp-json\/wp\/v2\/posts\/71045\/revisions"}],"predecessor-version":[{"id":71050,"href":"https:\/\/vocesparalelas.com.ar\/sitio\/wp-json\/wp\/v2\/posts\/71045\/revisions\/71050"}],"wp:featuredmedia":[{"embeddable":true,"href":"https:\/\/vocesparalelas.com.ar\/sitio\/wp-json\/wp\/v2\/media\/71048"}],"wp:attachment":[{"href":"https:\/\/vocesparalelas.com.ar\/sitio\/wp-json\/wp\/v2\/media?parent=71045"}],"wp:term":[{"taxonomy":"category","embeddable":true,"href":"https:\/\/vocesparalelas.com.ar\/sitio\/wp-json\/wp\/v2\/categories?post=71045"},{"taxonomy":"post_tag","embeddable":true,"href":"https:\/\/vocesparalelas.com.ar\/sitio\/wp-json\/wp\/v2\/tags?post=71045"}],"curies":[{"name":"wp","href":"https:\/\/api.w.org\/{rel}","templated":true}]}}