{"id":71031,"date":"2024-04-05T22:33:40","date_gmt":"2024-04-06T01:33:40","guid":{"rendered":"https:\/\/vocesparalelas.com.ar\/sitio\/?p=71031"},"modified":"2024-04-05T22:33:40","modified_gmt":"2024-04-06T01:33:40","slug":"cambio-de-autoridades-en-la-dpv-san-juan","status":"publish","type":"post","link":"https:\/\/vocesparalelas.com.ar\/sitio\/cambio-de-autoridades-en-la-dpv-san-juan\/","title":{"rendered":"Cambio de autoridades en la DPV San Juan"},"content":{"rendered":"<p>El Viernes, 05 de Abril de 2024, se formaliz\u00f3 un importante cambio en la Direcci\u00f3n Provincial de Vialidad, con la salida del Ing. Enrique Manni como director. Esta decisi\u00f3n se debe a su selecci\u00f3n para liderar la Direcci\u00f3n Nacional de Vialidad en San Juan.<\/p>\n<p>Ante esta transici\u00f3n, el Ministerio de Infraestructura, Agua y Energ\u00eda anunci\u00f3 el nombramiento del Ing. Omar Lucero como la nueva m\u00e1xima autoridad de la instituci\u00f3n..<\/p>\n<p>Es un reconocido ingeniero civil, graduado en la Universidad Nacional de San Juan hace aproximadamente 40 a\u00f1os. Con una trayectoria de casi 28 a\u00f1os en la Direcci\u00f3n Provincial de Vialidad, Lucero ha desempe\u00f1ado diversos roles destacados, llegando a ser Ingeniero Jefe de Repartici\u00f3n, un puesto obtenido gracias a su dedicaci\u00f3n y experiencia.<\/p>\n<p>Durante su extensa carrera en Vialidad Provincial, el Ing. Omar Lucero ha liderado importantes proyectos de infraestructura, entre los que destacan la construcci\u00f3n de la Ruta Interlagos y la ampliaci\u00f3n de la avenida Ignacio de la Roza, entre otros.<\/p>\n<p>El Ministerio de Infraestructura, Agua y Energ\u00eda conf\u00eda en que bajo el liderazgo de\u00a0 Vialidad Provincial contin\u00faa su importante labor en el desarrollo y mantenimiento de la red vial de la provincia, contribuyendo as\u00ed al progreso y bienestar de todos los ciudadanos.<\/p>\n<p>&nbsp;<\/p>\n","protected":false},"excerpt":{"rendered":"<p>El Viernes, 05 de Abril de 2024, se formaliz\u00f3 un importante cambio en la Direcci\u00f3n Provincial de Vialidad, con la<\/p>\n","protected":false},"author":3,"featured_media":65642,"comment_status":"closed","ping_status":"closed","sticky":false,"template":"","format":"standard","meta":{"_acf_changed":false,"_seopress_robots_primary_cat":"none","_seopress_titles_title":"","_seopress_titles_desc":"","_seopress_robots_index":"","colormag_page_container_layout":"default_layout","colormag_page_sidebar_layout":"default_layout","footnotes":""},"categories":[1],"tags":[],"class_list":["post-71031","post","type-post","status-publish","format-standard","has-post-thumbnail","hentry","category-destacadas"],"acf":[],"_links":{"self":[{"href":"https:\/\/vocesparalelas.com.ar\/sitio\/wp-json\/wp\/v2\/posts\/71031","targetHints":{"allow":["GET"]}}],"collection":[{"href":"https:\/\/vocesparalelas.com.ar\/sitio\/wp-json\/wp\/v2\/posts"}],"about":[{"href":"https:\/\/vocesparalelas.com.ar\/sitio\/wp-json\/wp\/v2\/types\/post"}],"author":[{"embeddable":true,"href":"https:\/\/vocesparalelas.com.ar\/sitio\/wp-json\/wp\/v2\/users\/3"}],"replies":[{"embeddable":true,"href":"https:\/\/vocesparalelas.com.ar\/sitio\/wp-json\/wp\/v2\/comments?post=71031"}],"version-history":[{"count":1,"href":"https:\/\/vocesparalelas.com.ar\/sitio\/wp-json\/wp\/v2\/posts\/71031\/revisions"}],"predecessor-version":[{"id":71034,"href":"https:\/\/vocesparalelas.com.ar\/sitio\/wp-json\/wp\/v2\/posts\/71031\/revisions\/71034"}],"wp:featuredmedia":[{"embeddable":true,"href":"https:\/\/vocesparalelas.com.ar\/sitio\/wp-json\/wp\/v2\/media\/65642"}],"wp:attachment":[{"href":"https:\/\/vocesparalelas.com.ar\/sitio\/wp-json\/wp\/v2\/media?parent=71031"}],"wp:term":[{"taxonomy":"category","embeddable":true,"href":"https:\/\/vocesparalelas.com.ar\/sitio\/wp-json\/wp\/v2\/categories?post=71031"},{"taxonomy":"post_tag","embeddable":true,"href":"https:\/\/vocesparalelas.com.ar\/sitio\/wp-json\/wp\/v2\/tags?post=71031"}],"curies":[{"name":"wp","href":"https:\/\/api.w.org\/{rel}","templated":true}]}}