{"id":70981,"date":"2024-04-04T21:30:24","date_gmt":"2024-04-05T00:30:24","guid":{"rendered":"https:\/\/vocesparalelas.com.ar\/sitio\/?p=70981"},"modified":"2024-04-05T22:52:30","modified_gmt":"2024-04-06T01:52:30","slug":"1-edicion-del-ironkids-en-san-juan","status":"publish","type":"post","link":"https:\/\/vocesparalelas.com.ar\/sitio\/1-edicion-del-ironkids-en-san-juan\/","title":{"rendered":"1\u00b0 edici\u00f3n del Ironkids en San Juan"},"content":{"rendered":"<p>Esta versi\u00f3n adaptada de la competencia est\u00e1 programada para el S\u00e1bado, 6 de Abril de 2024 y parte desde la Plaza del Bicentenario, donde los protagonistas son los m\u00e1s peque\u00f1os.<\/p>\n<p>Con un enfoque en la inclusi\u00f3n de todas las edades, el IronKids ofrece tres distancias que se ajustan a diferentes rangos etarios, desde los 3 hasta los 13 a\u00f1os.<\/p>\n<p>Con la organizaci\u00f3n de la Federaci\u00f3n Sanjuanina de Triatl\u00f3n, en conjunto con la Secretar\u00eda de Deporte y Ironman, en San Juan vive la primera edici\u00f3n de Ironkids, donde los ni\u00f1os pueden vivir un momento \u00fanico recorriendo las calles de San Juan. Esto garantiza que todos los ni\u00f1os puedan participar y disfrutar de esta experiencia sin igual.<\/p>\n<p>La inscripci\u00f3n para el evento tiene un costo de $5.000 y se realiza a trav\u00e9s de transferencia bancaria, con detalles disponibles en el formulario de inscripci\u00f3n. Como un incentivo adicional, los primeros 100 inscritos reciben una remera exclusiva del evento.<\/p>\n<p>Las acreditaciones para el IronKids se llevan a cabo el Viernes, 5 de Abril, de 10:00 a 19:00 hs, y el S\u00e1bado, 6 de Abril, de 10:00 a 11:00 hs.; en la Plaza del Bicentenario.<\/p>\n<p>Este proceso asegura que los participantes est\u00e9n debidamente registrados y listos para la acci\u00f3n. El circuito designado para la competencia abarca la calle Espa\u00f1a, desde la avenida Ignacio de la Roza hasta la calle Libertador y de regreso, con distancias espec\u00edficas: 500 metros para una vuelta, 1000 metros para dos vueltas y 1500 metros para tres vueltas. Este recorrido promete desafiar a los peque\u00f1os atletas y llevar la emoci\u00f3n a cada paso del camino.<\/p>\n<p>El Ironkids en San Juan representa mucho m\u00e1s que una simple carrera; es una oportunidad para que los ni\u00f1os se sumerjan en el mundo del triatl\u00f3n y desarrollen sus habilidades deportivas.<\/p>\n<p>&nbsp;<\/p>\n","protected":false},"excerpt":{"rendered":"<p>Esta versi\u00f3n adaptada de la competencia est\u00e1 programada para el S\u00e1bado, 6 de Abril de 2024 y parte desde la<\/p>\n","protected":false},"author":3,"featured_media":70984,"comment_status":"closed","ping_status":"closed","sticky":false,"template":"","format":"standard","meta":{"_acf_changed":false,"_seopress_robots_primary_cat":"none","_seopress_titles_title":"","_seopress_titles_desc":"","_seopress_robots_index":"","colormag_page_container_layout":"default_layout","colormag_page_sidebar_layout":"default_layout","footnotes":""},"categories":[6],"tags":[],"class_list":["post-70981","post","type-post","status-publish","format-standard","has-post-thumbnail","hentry","category-eventos"],"acf":[],"_links":{"self":[{"href":"https:\/\/vocesparalelas.com.ar\/sitio\/wp-json\/wp\/v2\/posts\/70981","targetHints":{"allow":["GET"]}}],"collection":[{"href":"https:\/\/vocesparalelas.com.ar\/sitio\/wp-json\/wp\/v2\/posts"}],"about":[{"href":"https:\/\/vocesparalelas.com.ar\/sitio\/wp-json\/wp\/v2\/types\/post"}],"author":[{"embeddable":true,"href":"https:\/\/vocesparalelas.com.ar\/sitio\/wp-json\/wp\/v2\/users\/3"}],"replies":[{"embeddable":true,"href":"https:\/\/vocesparalelas.com.ar\/sitio\/wp-json\/wp\/v2\/comments?post=70981"}],"version-history":[{"count":1,"href":"https:\/\/vocesparalelas.com.ar\/sitio\/wp-json\/wp\/v2\/posts\/70981\/revisions"}],"predecessor-version":[{"id":70985,"href":"https:\/\/vocesparalelas.com.ar\/sitio\/wp-json\/wp\/v2\/posts\/70981\/revisions\/70985"}],"wp:featuredmedia":[{"embeddable":true,"href":"https:\/\/vocesparalelas.com.ar\/sitio\/wp-json\/wp\/v2\/media\/70984"}],"wp:attachment":[{"href":"https:\/\/vocesparalelas.com.ar\/sitio\/wp-json\/wp\/v2\/media?parent=70981"}],"wp:term":[{"taxonomy":"category","embeddable":true,"href":"https:\/\/vocesparalelas.com.ar\/sitio\/wp-json\/wp\/v2\/categories?post=70981"},{"taxonomy":"post_tag","embeddable":true,"href":"https:\/\/vocesparalelas.com.ar\/sitio\/wp-json\/wp\/v2\/tags?post=70981"}],"curies":[{"name":"wp","href":"https:\/\/api.w.org\/{rel}","templated":true}]}}