{"id":70977,"date":"2024-04-04T21:23:46","date_gmt":"2024-04-05T00:23:46","guid":{"rendered":"https:\/\/vocesparalelas.com.ar\/sitio\/?p=70977"},"modified":"2024-04-05T22:53:49","modified_gmt":"2024-04-06T01:53:49","slug":"3-edicion-de-ironman-70-3-en-san-juan","status":"publish","type":"post","link":"https:\/\/vocesparalelas.com.ar\/sitio\/3-edicion-de-ironman-70-3-en-san-juan\/","title":{"rendered":"3\u00b0 Edici\u00f3n de Ironman 70.3 en San Juan"},"content":{"rendered":"<p>La provincia de San Juan, Rep\u00fablica Argentina se prepara para recibir, el Domingo, 7 de Abril de 2024, a casi 1000 atletas que buscaran superar sus l\u00edmites y alzarse con la gloria en la modalidad conocida como medio Ironman o Ironman 70.3<\/p>\n<p>El circuito comprendido cuenta de 1,9 kil\u00f3metros de nataci\u00f3n, 90 kil\u00f3metros de ciclismo y 21 km de atletismo, recorriendo lugares emblem\u00e1ticos de la provincia del deporte.<\/p>\n<p>El triatl\u00f3n de San Juan vive la tercera edici\u00f3n consecutiva en la provincia con la participaci\u00f3n de cientos de competidores de San Juan, de otras provincias argentinas y de diferentes pa\u00edses del mundo para vivir la fiesta del Ironman 70.3<\/p>\n<p>La cuenta regresiva ha comenzado para el esperado Ironman 70.3 en San Juan, que inicia en el Dique Punta Negra, con la primera disciplina centrada en la nataci\u00f3n, donde los atletas se enfrentan a las aguas desafiantes.<\/p>\n<p>Por segunda vez, el Dique Punta Negra se convierte en el escenario principal para esta competencia de resistencia, atrayendo a atletas y espectadores de todo el pa\u00eds. La distancia establecida para la nataci\u00f3n es de 1,9 km, con los competidores dando una sola vuelta al circuito designado dentro del dique. La salida y la llegada est\u00e1n ubicadas en el embarcadero de Punta Negra, creando un punto focal emocionante para el inicio y el final de esta etapa crucial.<\/p>\n<p>La etapa de nataci\u00f3n no solo pondr\u00e1 a prueba la habilidad de los atletas en el agua, sino tambi\u00e9n su resistencia y determinaci\u00f3n mientras recorren las aguas del dique.<\/p>\n<p>Tras completar los 1,9 kil\u00f3metros de nataci\u00f3n, los atletas se preparan para el siguiente desaf\u00edo que son los 90 kil\u00f3metros de ciclismo. El circuito, que comenzar\u00e1 en el embarcadero del dique Punta Negra, pasando por el dique de Ullum y atravesando Rivadavia. La ruta culmina en la Plaza del Bicentenario, en Capital, donde se ubica la transici\u00f3n 2, marcando una etapa crucial en la competencia.<\/p>\n<p>Este tramo de ciclismo no solo pone a prueba la fuerza f\u00edsica de los participantes, sino tambi\u00e9n su resistencia mental y estrategia t\u00e1ctica. Desde terrenos planos hasta desafiantes pendientes, los ciclistas enfrentar\u00e1n una variedad de condiciones mientras se esfuerzan por alcanzar la l\u00ednea de meta.<\/p>\n<p>La combinaci\u00f3n de elementos naturales y urbanos en el circuito ofrece una oportunidad \u00fanica para que los atletas exploren la belleza de la regi\u00f3n mientras se enfrentan a un desaf\u00edo f\u00edsico exigente.<\/p>\n<p>En el marco del cierre de la competencia, los atletas tienen como \u00faltimo tramo el pedestrismo. Con un recorrido de 21,1 km, los participantes parten desde la emblem\u00e1tica Plaza del Bicentenario, para adentrarse en las pintorescas calles de la ciudad Capital de San Juan.<\/p>\n<p><img loading=\"lazy\" decoding=\"async\" class=\"alignnone size-full wp-image-67926\" src=\"https:\/\/vocesparalelas.com.ar\/sitio\/wp-content\/uploads\/2024\/01\/IRONMAN-CICLISMO.jpg\" alt=\"\" width=\"800\" height=\"533\" srcset=\"https:\/\/vocesparalelas.com.ar\/sitio\/wp-content\/uploads\/2024\/01\/IRONMAN-CICLISMO.jpg 800w, https:\/\/vocesparalelas.com.ar\/sitio\/wp-content\/uploads\/2024\/01\/IRONMAN-CICLISMO-300x200.jpg 300w, https:\/\/vocesparalelas.com.ar\/sitio\/wp-content\/uploads\/2024\/01\/IRONMAN-CICLISMO-768x512.jpg 768w\" sizes=\"auto, (max-width: 800px) 100vw, 800px\" \/> <img loading=\"lazy\" decoding=\"async\" class=\"alignnone size-full wp-image-67928\" src=\"https:\/\/vocesparalelas.com.ar\/sitio\/wp-content\/uploads\/2024\/01\/IRONMAN-RUNNING.jpg\" alt=\"\" width=\"800\" height=\"534\" srcset=\"https:\/\/vocesparalelas.com.ar\/sitio\/wp-content\/uploads\/2024\/01\/IRONMAN-RUNNING.jpg 800w, https:\/\/vocesparalelas.com.ar\/sitio\/wp-content\/uploads\/2024\/01\/IRONMAN-RUNNING-300x200.jpg 300w, https:\/\/vocesparalelas.com.ar\/sitio\/wp-content\/uploads\/2024\/01\/IRONMAN-RUNNING-768x513.jpg 768w\" sizes=\"auto, (max-width: 800px) 100vw, 800px\" \/><\/p>\n<p>&nbsp;<\/p>\n<p>&nbsp;<\/p>\n","protected":false},"excerpt":{"rendered":"<p>La provincia de San Juan, Rep\u00fablica Argentina se prepara para recibir, el Domingo, 7 de Abril de 2024, a casi<\/p>\n","protected":false},"author":3,"featured_media":67927,"comment_status":"closed","ping_status":"closed","sticky":false,"template":"","format":"standard","meta":{"_acf_changed":false,"_seopress_robots_primary_cat":"none","_seopress_titles_title":"","_seopress_titles_desc":"","_seopress_robots_index":"","colormag_page_container_layout":"default_layout","colormag_page_sidebar_layout":"default_layout","footnotes":""},"categories":[6],"tags":[],"class_list":["post-70977","post","type-post","status-publish","format-standard","has-post-thumbnail","hentry","category-eventos"],"acf":[],"_links":{"self":[{"href":"https:\/\/vocesparalelas.com.ar\/sitio\/wp-json\/wp\/v2\/posts\/70977","targetHints":{"allow":["GET"]}}],"collection":[{"href":"https:\/\/vocesparalelas.com.ar\/sitio\/wp-json\/wp\/v2\/posts"}],"about":[{"href":"https:\/\/vocesparalelas.com.ar\/sitio\/wp-json\/wp\/v2\/types\/post"}],"author":[{"embeddable":true,"href":"https:\/\/vocesparalelas.com.ar\/sitio\/wp-json\/wp\/v2\/users\/3"}],"replies":[{"embeddable":true,"href":"https:\/\/vocesparalelas.com.ar\/sitio\/wp-json\/wp\/v2\/comments?post=70977"}],"version-history":[{"count":1,"href":"https:\/\/vocesparalelas.com.ar\/sitio\/wp-json\/wp\/v2\/posts\/70977\/revisions"}],"predecessor-version":[{"id":70980,"href":"https:\/\/vocesparalelas.com.ar\/sitio\/wp-json\/wp\/v2\/posts\/70977\/revisions\/70980"}],"wp:featuredmedia":[{"embeddable":true,"href":"https:\/\/vocesparalelas.com.ar\/sitio\/wp-json\/wp\/v2\/media\/67927"}],"wp:attachment":[{"href":"https:\/\/vocesparalelas.com.ar\/sitio\/wp-json\/wp\/v2\/media?parent=70977"}],"wp:term":[{"taxonomy":"category","embeddable":true,"href":"https:\/\/vocesparalelas.com.ar\/sitio\/wp-json\/wp\/v2\/categories?post=70977"},{"taxonomy":"post_tag","embeddable":true,"href":"https:\/\/vocesparalelas.com.ar\/sitio\/wp-json\/wp\/v2\/tags?post=70977"}],"curies":[{"name":"wp","href":"https:\/\/api.w.org\/{rel}","templated":true}]}}