{"id":70970,"date":"2024-04-04T20:28:36","date_gmt":"2024-04-04T23:28:36","guid":{"rendered":"https:\/\/vocesparalelas.com.ar\/sitio\/?p=70970"},"modified":"2024-04-05T23:32:30","modified_gmt":"2024-04-06T02:32:30","slug":"se-desarrollo-la-reunion-de-gobernadores-de-jxc-en-casa-rosada","status":"publish","type":"post","link":"https:\/\/vocesparalelas.com.ar\/sitio\/se-desarrollo-la-reunion-de-gobernadores-de-jxc-en-casa-rosada\/","title":{"rendered":"Se desarroll\u00f3 la reuni\u00f3n de Gobernadores de JxC en Casa Rosada"},"content":{"rendered":"<p>El encuentro se realiz\u00f3 durante poco m\u00e1s de una hora y media en la planta baja de la Casa Rosada, donde tiene sus dependencias el Ministerio del Interior, y estuvo presidida por el Dr. Guillermo Francos, acompa\u00f1ado por el jefe de Gabinete, Dr. Nicol\u00e1s Posse y Santiago Caputo.<\/p>\n<p>La reuni\u00f3n fue calificada como \u201cpositiva\u201d por el gobernador de San Juan, Dr. Marcelo Orrego y detall\u00f3 que, \u201ccomo siempre, estos encuentros dan lugar al di\u00e1logo y nos dan la posibilidad a los gobernadores de poner en com\u00fan y plantear los temas que nos parecen m\u00e1s importantes. El esp\u00edritu de la reuni\u00f3n ha sido ratificar la Ley Bases y el Pacto Fiscal. Se acord\u00f3 que la semana pr\u00f3xima recibamos un borrador condensado con ambos proyectos para que podamos hacer el an\u00e1lisis correspondiente. Como siempre he dicho, nuestra vocaci\u00f3n es acompa\u00f1ar en todo lo que le haga bien al pa\u00eds y cuidar a nuestras provincias, en mi caso a San Juan\u201d.<\/p>\n<p><strong><span style=\"color: #339966;\">A la reuni\u00f3n asistieron los gobernadores <\/span><\/strong><\/p>\n<ul>\n<li>Santa Fe, Maximiliano Pullaro;<\/li>\n<li>Entre R\u00edos, Rogelio Frigerio;<\/li>\n<li>Chubut, Ignacio Torres;<\/li>\n<li>Corrientes, Gustavo Vald\u00e9s;<\/li>\n<li>Jujuy, Carlos Sadir;<\/li>\n<li>Mendoza, Alfredo Cornejo;<\/li>\n<li>San Luis, Claudio Poggi;<\/li>\n<li>Chaco, Leandro Zdero y<\/li>\n<li>Ciudad de Buenos Aires, Vicejefa Clara Muzzio<\/li>\n<\/ul>\n","protected":false},"excerpt":{"rendered":"<p>El encuentro se realiz\u00f3 durante poco m\u00e1s de una hora y media en la planta baja de la Casa Rosada,<\/p>\n","protected":false},"author":3,"featured_media":70973,"comment_status":"closed","ping_status":"closed","sticky":false,"template":"","format":"standard","meta":{"_acf_changed":false,"_seopress_robots_primary_cat":"none","_seopress_titles_title":"","_seopress_titles_desc":"","_seopress_robots_index":"","colormag_page_container_layout":"default_layout","colormag_page_sidebar_layout":"default_layout","footnotes":""},"categories":[10],"tags":[],"class_list":["post-70970","post","type-post","status-publish","format-standard","has-post-thumbnail","hentry","category-opiniones"],"acf":[],"_links":{"self":[{"href":"https:\/\/vocesparalelas.com.ar\/sitio\/wp-json\/wp\/v2\/posts\/70970","targetHints":{"allow":["GET"]}}],"collection":[{"href":"https:\/\/vocesparalelas.com.ar\/sitio\/wp-json\/wp\/v2\/posts"}],"about":[{"href":"https:\/\/vocesparalelas.com.ar\/sitio\/wp-json\/wp\/v2\/types\/post"}],"author":[{"embeddable":true,"href":"https:\/\/vocesparalelas.com.ar\/sitio\/wp-json\/wp\/v2\/users\/3"}],"replies":[{"embeddable":true,"href":"https:\/\/vocesparalelas.com.ar\/sitio\/wp-json\/wp\/v2\/comments?post=70970"}],"version-history":[{"count":1,"href":"https:\/\/vocesparalelas.com.ar\/sitio\/wp-json\/wp\/v2\/posts\/70970\/revisions"}],"predecessor-version":[{"id":70974,"href":"https:\/\/vocesparalelas.com.ar\/sitio\/wp-json\/wp\/v2\/posts\/70970\/revisions\/70974"}],"wp:featuredmedia":[{"embeddable":true,"href":"https:\/\/vocesparalelas.com.ar\/sitio\/wp-json\/wp\/v2\/media\/70973"}],"wp:attachment":[{"href":"https:\/\/vocesparalelas.com.ar\/sitio\/wp-json\/wp\/v2\/media?parent=70970"}],"wp:term":[{"taxonomy":"category","embeddable":true,"href":"https:\/\/vocesparalelas.com.ar\/sitio\/wp-json\/wp\/v2\/categories?post=70970"},{"taxonomy":"post_tag","embeddable":true,"href":"https:\/\/vocesparalelas.com.ar\/sitio\/wp-json\/wp\/v2\/tags?post=70970"}],"curies":[{"name":"wp","href":"https:\/\/api.w.org\/{rel}","templated":true}]}}