{"id":70966,"date":"2024-04-04T00:06:09","date_gmt":"2024-04-04T03:06:09","guid":{"rendered":"https:\/\/vocesparalelas.com.ar\/sitio\/?p=70966"},"modified":"2024-04-05T22:52:54","modified_gmt":"2024-04-06T01:52:54","slug":"1-festival-de-ciencia-y-tecnologia-en-san-juan-crear-con-ciencia","status":"publish","type":"post","link":"https:\/\/vocesparalelas.com.ar\/sitio\/1-festival-de-ciencia-y-tecnologia-en-san-juan-crear-con-ciencia\/","title":{"rendered":"1\u00b0 Festival de Ciencia y Tecnolog\u00eda en San Juan \u00abCrear Con-Ciencia\u00bb"},"content":{"rendered":"<p>El S\u00e1bado, 6 de Abril, de 17 a 22 hs, en el Chalet Cantoni Casa Cultural, se realiza el 1\u00b0 Festival de Ciencia y Tecnolog\u00eda en San Juan: Crear Con-Ciencia.<\/p>\n<p><strong><span style=\"color: #ff6600;\">Organiza<\/span><\/strong><\/p>\n<ul>\n<li>Red de Investigadores de Ciencia, T\u00e9cnica, Humanidades y Arte de San Juan &#8211; RICTHA.<\/li>\n<\/ul>\n<p><strong><span style=\"color: #ff6600;\">Objetivos<\/span><\/strong><\/p>\n<ul>\n<li>Fomentar el intercambio de conocimientos entre cient\u00edficos y el p\u00fablico en general, en un ambiente informal y agradable.<\/li>\n<li>Interactuar con m\u00e1s de 30 stands de diferentes institutos y grupos de investigaci\u00f3n de la provincia de San Juan, donde los cient\u00edficos muestran y explican sus l\u00edneas de investigaci\u00f3n, su importancia y sus aplicaciones en la vida diaria.<\/li>\n<li>Apreciar la serigraf\u00eda y trae tu prenda lisa para serigrafiar<\/li>\n<li>Disfrutar de una variedad de talleres cient\u00edficos para ni\u00f1os y adolescentes que estimulan tu curiosidad y creatividad.<\/li>\n<li>Aprender t\u00e9cnicas para dibujar croquis, buscar f\u00f3siles, crear un planeta ideal, conocer nuestras plantas y animales, hasta usar inteligencia artificial para crear un chatbot.<\/li>\n<\/ul>\n<p>\u00a1Hay actividades para todos los gustos!<\/p>\n<p>Durante el festival, disfruta del \u00abstand up cient\u00edfico\u00bb para el p\u00fablico con expertos de la comunidad, quienes hablan sobre temas fascinantes como mosquitos, sismos, dinosaurios y nuestro prestigioso filosofo Gabriel Paravano, quien responde a la pregunta si la ciencia se piensa.<\/p>\n<p>En un ambiente relajado y parquizado con mate de por medio, puedes charlar cara a cara con expertos en diferentes campos, como entomolog\u00eda forense, Cannabis medicinal, meteoritos,<br \/>\nlenguas ind\u00edgenas, entre otros.<\/p>\n<p>Disfrutar de un patio de comidas con food trucks y buena m\u00fasica durante todo el Festival.<\/p>\n<p><strong><span style=\"color: #ff6600;\">Programa<\/span><\/strong><\/p>\n<p><strong><span style=\"color: #ff6600;\">CHARLAS MAGISTRALES: \u201cSTAND UP\u201d CIENT\u00cdFICO<\/span><\/strong><\/p>\n<ul>\n<li>18 hs La ciencia, \u00bfse piensa? Gabriel Paravano<\/li>\n<li>19 hs Invasi\u00f3n de mosquitos Leonardo Diaz<\/li>\n<li>20 hs Hablemos de sismos Gustavo Ortiz<\/li>\n<li>21 hs Dinosaurios Cecilia Apaldetti<\/li>\n<\/ul>\n<p><strong><span style=\"color: #ff6600;\">TALLERES CIENT\u00cdFICOS<\/span><\/strong><\/p>\n<p><strong><span style=\"color: #ff6600;\">SALA 1<\/span><\/strong><\/p>\n<ul>\n<li>17:15 a 17:45 hs Bus del croquis Todo p\u00fablico<\/li>\n<li>18 a 19:15 hs Crea tu planeta ideal 4 a 12 a\u00f1os<\/li>\n<li>19:30 a 21 hs El valor patrimonial de lo nuestro: Parque Provincial Ischigualasto<br \/>\n8 a 14 a\u00f1os<\/li>\n<\/ul>\n<p><strong><span style=\"color: #ff6600;\">SALA 2<\/span><\/strong><\/p>\n<ul>\n<li>18 a 18:30 hs Puchuzum: conociendo mi provincial (1\u00b0 turno) 8 a 17 a\u00f1os<\/li>\n<li>18:45 a 19:45 hs Puchuzum: conociendo mi provincial (2\u00b0 turno) 8 a 17 a\u00f1os<\/li>\n<li>19:30 a 21 hs Elaboraci\u00f3n de un Chatbot con iA 13 a 22 a\u00f1os (deben llevar notebook)<\/li>\n<\/ul>\n<p><strong><span style=\"color: #ff6600;\">SALA 3<\/span><\/strong><\/p>\n<ul>\n<li>18 a 19 hs Guardianes del desierto: explora y protege las plantas nativas 3 a 10 a\u00f1os<\/li>\n<li>19:15 a 19:45 hs Es tiempo de leer e imaginar 3 a 10 a\u00f1os<\/li>\n<li>20 a 21 hs \u00bfConocemos nuestras plantas y animales? Juguemos\u2026. 5 a 12 a\u00f1os<\/li>\n<\/ul>\n<p><img loading=\"lazy\" decoding=\"async\" class=\"alignnone size-full wp-image-46297\" src=\"https:\/\/vocesparalelas.com.ar\/sitio\/wp-content\/uploads\/2022\/02\/CHALET-CANTONI.jpg\" alt=\"\" width=\"782\" height=\"440\" srcset=\"https:\/\/vocesparalelas.com.ar\/sitio\/wp-content\/uploads\/2022\/02\/CHALET-CANTONI.jpg 782w, https:\/\/vocesparalelas.com.ar\/sitio\/wp-content\/uploads\/2022\/02\/CHALET-CANTONI-300x169.jpg 300w, https:\/\/vocesparalelas.com.ar\/sitio\/wp-content\/uploads\/2022\/02\/CHALET-CANTONI-768x432.jpg 768w\" sizes=\"auto, (max-width: 782px) 100vw, 782px\" \/><\/p>\n","protected":false},"excerpt":{"rendered":"<p>El S\u00e1bado, 6 de Abril, de 17 a 22 hs, en el Chalet Cantoni Casa Cultural, se realiza el 1\u00b0<\/p>\n","protected":false},"author":3,"featured_media":60137,"comment_status":"closed","ping_status":"closed","sticky":false,"template":"","format":"standard","meta":{"_acf_changed":false,"_seopress_robots_primary_cat":"none","_seopress_titles_title":"","_seopress_titles_desc":"","_seopress_robots_index":"","colormag_page_container_layout":"default_layout","colormag_page_sidebar_layout":"default_layout","footnotes":""},"categories":[6],"tags":[],"class_list":["post-70966","post","type-post","status-publish","format-standard","has-post-thumbnail","hentry","category-eventos"],"acf":[],"_links":{"self":[{"href":"https:\/\/vocesparalelas.com.ar\/sitio\/wp-json\/wp\/v2\/posts\/70966","targetHints":{"allow":["GET"]}}],"collection":[{"href":"https:\/\/vocesparalelas.com.ar\/sitio\/wp-json\/wp\/v2\/posts"}],"about":[{"href":"https:\/\/vocesparalelas.com.ar\/sitio\/wp-json\/wp\/v2\/types\/post"}],"author":[{"embeddable":true,"href":"https:\/\/vocesparalelas.com.ar\/sitio\/wp-json\/wp\/v2\/users\/3"}],"replies":[{"embeddable":true,"href":"https:\/\/vocesparalelas.com.ar\/sitio\/wp-json\/wp\/v2\/comments?post=70966"}],"version-history":[{"count":1,"href":"https:\/\/vocesparalelas.com.ar\/sitio\/wp-json\/wp\/v2\/posts\/70966\/revisions"}],"predecessor-version":[{"id":70969,"href":"https:\/\/vocesparalelas.com.ar\/sitio\/wp-json\/wp\/v2\/posts\/70966\/revisions\/70969"}],"wp:featuredmedia":[{"embeddable":true,"href":"https:\/\/vocesparalelas.com.ar\/sitio\/wp-json\/wp\/v2\/media\/60137"}],"wp:attachment":[{"href":"https:\/\/vocesparalelas.com.ar\/sitio\/wp-json\/wp\/v2\/media?parent=70966"}],"wp:term":[{"taxonomy":"category","embeddable":true,"href":"https:\/\/vocesparalelas.com.ar\/sitio\/wp-json\/wp\/v2\/categories?post=70966"},{"taxonomy":"post_tag","embeddable":true,"href":"https:\/\/vocesparalelas.com.ar\/sitio\/wp-json\/wp\/v2\/tags?post=70966"}],"curies":[{"name":"wp","href":"https:\/\/api.w.org\/{rel}","templated":true}]}}