{"id":70899,"date":"2024-04-02T22:30:41","date_gmt":"2024-04-03T01:30:41","guid":{"rendered":"https:\/\/vocesparalelas.com.ar\/sitio\/?p=70899"},"modified":"2024-04-03T22:55:49","modified_gmt":"2024-04-04T01:55:49","slug":"42-anos-honor-y-gloria-a-los-caidos-y-veteranos-de-malvinas-en-san-juan","status":"publish","type":"post","link":"https:\/\/vocesparalelas.com.ar\/sitio\/42-anos-honor-y-gloria-a-los-caidos-y-veteranos-de-malvinas-en-san-juan\/","title":{"rendered":"42\u00b0 a\u00f1os \u00abHonor y Gloria a los Ca\u00eddos y Veteranos de Malvinas\u00bb en San Juan"},"content":{"rendered":"<p>El Martes, 2 de Abril, en el Monumento a los Ca\u00eddos en la Guerra de las Islas Malvinas 1982 &#8211; 2024 se desarroll\u00f3 el acto central del 42\u00b0 aniversario de la Gesta de Malvinas en honor a los veteranos y ca\u00eddos en la defensa de las Islas y el Atl\u00e1ntico Sur.<\/p>\n<p>El vicegobernador de San Juan, en ejercicio del Poder Ejecutivo, Dr. Fabi\u00e1n Mart\u00edn, particip\u00f3 de un emotivo y sentido D\u00eda del Veterano y de los ca\u00eddos en la Guerra de Malvinas.<\/p>\n<p>El acto se inici\u00f3 con el saludo a la Agrupaci\u00f3n 2 de Abril, luego, se procedi\u00f3 al izamiento del Pabell\u00f3n Nacional, que continu\u00f3 con la entonaci\u00f3n de las estrofas del Himno Nacional.<\/p>\n<p><img loading=\"lazy\" decoding=\"async\" class=\"alignnone size-full wp-image-70903\" src=\"https:\/\/vocesparalelas.com.ar\/sitio\/wp-content\/uploads\/2024\/04\/MALVINAS-2024-02.jpg\" alt=\"\" width=\"800\" height=\"533\" srcset=\"https:\/\/vocesparalelas.com.ar\/sitio\/wp-content\/uploads\/2024\/04\/MALVINAS-2024-02.jpg 800w, https:\/\/vocesparalelas.com.ar\/sitio\/wp-content\/uploads\/2024\/04\/MALVINAS-2024-02-300x200.jpg 300w, https:\/\/vocesparalelas.com.ar\/sitio\/wp-content\/uploads\/2024\/04\/MALVINAS-2024-02-768x512.jpg 768w\" sizes=\"auto, (max-width: 800px) 100vw, 800px\" \/><\/p>\n<p>Posteriormente, se colocaron ofrendas de laureles\u00a0distintas autoridades e instituciones provinciales, miembros de Veteranos de Guerra y familiares invitados.<\/p>\n<p>Seguidamente, se coloc\u00f3 en la fuente de Malvinas por parte de los familiares flores que representa el recordatorio de los que fallecieron por la Patria en el Mar.<\/p>\n<p><iframe loading=\"lazy\" title=\"SAN JUAN MALVINAS 42 A\u00d1OS\" width=\"800\" height=\"450\" src=\"https:\/\/www.youtube.com\/embed\/6SYeSx5TfDM?feature=oembed\" frameborder=\"0\" allow=\"accelerometer; autoplay; clipboard-write; encrypted-media; gyroscope; picture-in-picture; web-share\" referrerpolicy=\"strict-origin-when-cross-origin\" allowfullscreen><\/iframe><\/p>\n<p>Otra ofrenda se coloc\u00f3 sobre el busto del primer sanjuanino ca\u00eddo en Malvinas, Hugo Monta\u00f1o. Seguidamente, la Banda de M\u00fasica del RIM 22 interpret\u00f3 un minuto de silencio por los veteranos y ca\u00eddos en la guerra.<\/p>\n<p><iframe loading=\"lazy\" title=\"SAN JUAN MALVINAS 42 A\u00d1OS\" width=\"800\" height=\"450\" src=\"https:\/\/www.youtube.com\/embed\/Ps_9paMfKuA?feature=oembed\" frameborder=\"0\" allow=\"accelerometer; autoplay; clipboard-write; encrypted-media; gyroscope; picture-in-picture; web-share\" referrerpolicy=\"strict-origin-when-cross-origin\" allowfullscreen><\/iframe><\/p>\n<p>&nbsp;<\/p>\n<p>A continuaci\u00f3n, el Arzobispo Monse\u00f1or Jorge Lozano fue el responsable de la invocaci\u00f3n religiosa, donde el silenci\u00f3 se hizo presente en los corazones de cada uno de los presentes.<\/p>\n<p><iframe loading=\"lazy\" title=\"SAN JUAN MALVINAS 42 A\u00d1OS MONS JORGE LOZANO\" width=\"800\" height=\"450\" src=\"https:\/\/www.youtube.com\/embed\/1ejh1lPUdPs?feature=oembed\" frameborder=\"0\" allow=\"accelerometer; autoplay; clipboard-write; encrypted-media; gyroscope; picture-in-picture; web-share\" referrerpolicy=\"strict-origin-when-cross-origin\" allowfullscreen><\/iframe><\/p>\n<p>&nbsp;<\/p>\n<p>El representante del grupo CEAS, V\u00edctor Hugo Sierra manifest\u00f3 que \u00abhace 42 a\u00f1os atr\u00e1s, la dictadura c\u00edvico-militar inici\u00f3 el desembarco de tropas en las Islas Malvinas, usurpadas por Inglaterra desde 1833, y que concluy\u00f3 con la rendici\u00f3n de Argentina, el 14 de junio de 1982. Durante el conflicto fallecieron 649 combatientes argentinos, de los cuales 24 eran de San Juan, tambi\u00e9n, 255 brit\u00e1nicos y 3 civiles isle\u00f1os\u00bb.<\/p>\n<p><iframe loading=\"lazy\" title=\"SAN JUAN MALVINAS 42 A\u00d1OS V\u00cdCTOR HUGO SIERRA\" width=\"800\" height=\"450\" src=\"https:\/\/www.youtube.com\/embed\/-8X3fDqgoU0?feature=oembed\" frameborder=\"0\" allow=\"accelerometer; autoplay; clipboard-write; encrypted-media; gyroscope; picture-in-picture; web-share\" referrerpolicy=\"strict-origin-when-cross-origin\" allowfullscreen><\/iframe><\/p>\n<p>Por su parte, la ministra de Gobierno, Laura Palma, agradeci\u00f3 a los presentes y sostuvo la importancia de \u201creivindicar como Estado que las Malvinas fueron, son y siempre ser\u00e1n argentinas\u201d y asegur\u00f3 que \u201cno perdemos la esperanza de ver flamear nuestra bandera, en esa tierra, alg\u00fan d\u00eda como debe ser\u201d.<\/p>\n<p>Para cerra los discursos, el vicegobernador, Dr. Fabi\u00e1n Mart\u00edn coment\u00f3 que \u201ces un d\u00eda muy sentido para todos los sanjuaninos, es un d\u00eda para escuchar y acompa\u00f1ar, y trabajar mucho para que nuestros h\u00e9roes de Malvinas nunca sean olvidados\u201d.<\/p>\n<p><iframe loading=\"lazy\" title=\"SAN JUAN MALVINAS 42 A\u00d1OS VICEGOBERNADOR DR FABI\u00c1N MART\u00cdN\" width=\"800\" height=\"450\" src=\"https:\/\/www.youtube.com\/embed\/fdb8MjQ-Vww?feature=oembed\" frameborder=\"0\" allow=\"accelerometer; autoplay; clipboard-write; encrypted-media; gyroscope; picture-in-picture; web-share\" referrerpolicy=\"strict-origin-when-cross-origin\" allowfullscreen><\/iframe><\/p>\n<p>&nbsp;<\/p>\n<p>Otro momento emotivo fue entonar la Marcha a Malvinas, interpretada por la banda de m\u00fasica del RIM 22.<\/p>\n<p><iframe loading=\"lazy\" title=\"SAN JUAN MALVINAS 42  A\u00d1OS\" width=\"800\" height=\"450\" src=\"https:\/\/www.youtube.com\/embed\/kfBXNv43gB8?feature=oembed\" frameborder=\"0\" allow=\"accelerometer; autoplay; clipboard-write; encrypted-media; gyroscope; picture-in-picture; web-share\" referrerpolicy=\"strict-origin-when-cross-origin\" allowfullscreen><\/iframe><\/p>\n<p>&nbsp;<\/p>\n<p>Los presentes se trasladaron para el inicio del desfile de las fuerzas de seguridad de San Juan y el paso seguro y de honor de los veteranos y familiares.<\/p>\n<p><iframe loading=\"lazy\" title=\"SAN JUAN MALVINAS 42 A\u00d1OS\" width=\"800\" height=\"450\" src=\"https:\/\/www.youtube.com\/embed\/7grcKPs3ntc?feature=oembed\" frameborder=\"0\" allow=\"accelerometer; autoplay; clipboard-write; encrypted-media; gyroscope; picture-in-picture; web-share\" referrerpolicy=\"strict-origin-when-cross-origin\" allowfullscreen><\/iframe><\/p>\n<p><img loading=\"lazy\" decoding=\"async\" class=\"alignnone size-full wp-image-70906\" src=\"https:\/\/vocesparalelas.com.ar\/sitio\/wp-content\/uploads\/2024\/04\/MALVINAS-2024-05.jpg\" alt=\"\" width=\"800\" height=\"533\" srcset=\"https:\/\/vocesparalelas.com.ar\/sitio\/wp-content\/uploads\/2024\/04\/MALVINAS-2024-05.jpg 800w, https:\/\/vocesparalelas.com.ar\/sitio\/wp-content\/uploads\/2024\/04\/MALVINAS-2024-05-300x200.jpg 300w, https:\/\/vocesparalelas.com.ar\/sitio\/wp-content\/uploads\/2024\/04\/MALVINAS-2024-05-768x512.jpg 768w\" sizes=\"auto, (max-width: 800px) 100vw, 800px\" \/><\/p>\n<p><iframe loading=\"lazy\" title=\"SAN JUAN MALVINAS 42 A\u00d1OS\" width=\"800\" height=\"450\" src=\"https:\/\/www.youtube.com\/embed\/fx5yr6rrKqg?feature=oembed\" frameborder=\"0\" allow=\"accelerometer; autoplay; clipboard-write; encrypted-media; gyroscope; picture-in-picture; web-share\" referrerpolicy=\"strict-origin-when-cross-origin\" allowfullscreen><\/iframe><\/p>\n<p>&nbsp;<\/p>\n<p><img loading=\"lazy\" decoding=\"async\" class=\"alignnone size-full wp-image-70905\" src=\"https:\/\/vocesparalelas.com.ar\/sitio\/wp-content\/uploads\/2024\/04\/MALVINAS-2024-04.jpg\" alt=\"\" width=\"800\" height=\"533\" srcset=\"https:\/\/vocesparalelas.com.ar\/sitio\/wp-content\/uploads\/2024\/04\/MALVINAS-2024-04.jpg 800w, https:\/\/vocesparalelas.com.ar\/sitio\/wp-content\/uploads\/2024\/04\/MALVINAS-2024-04-300x200.jpg 300w, https:\/\/vocesparalelas.com.ar\/sitio\/wp-content\/uploads\/2024\/04\/MALVINAS-2024-04-768x512.jpg 768w\" sizes=\"auto, (max-width: 800px) 100vw, 800px\" \/><\/p>\n<p><iframe loading=\"lazy\" title=\"SAN JUAN MALVINAS 42 A\u00d1OS\" width=\"800\" height=\"450\" src=\"https:\/\/www.youtube.com\/embed\/Bh-5nkwrcOA?feature=oembed\" frameborder=\"0\" allow=\"accelerometer; autoplay; clipboard-write; encrypted-media; gyroscope; picture-in-picture; web-share\" referrerpolicy=\"strict-origin-when-cross-origin\" allowfullscreen><\/iframe><\/p>\n<p><img loading=\"lazy\" decoding=\"async\" class=\"alignnone size-full wp-image-70904\" src=\"https:\/\/vocesparalelas.com.ar\/sitio\/wp-content\/uploads\/2024\/04\/MALVINAS-2024-03.jpg\" alt=\"\" width=\"800\" height=\"533\" srcset=\"https:\/\/vocesparalelas.com.ar\/sitio\/wp-content\/uploads\/2024\/04\/MALVINAS-2024-03.jpg 800w, https:\/\/vocesparalelas.com.ar\/sitio\/wp-content\/uploads\/2024\/04\/MALVINAS-2024-03-300x200.jpg 300w, https:\/\/vocesparalelas.com.ar\/sitio\/wp-content\/uploads\/2024\/04\/MALVINAS-2024-03-768x512.jpg 768w\" sizes=\"auto, (max-width: 800px) 100vw, 800px\" \/><\/p>\n","protected":false},"excerpt":{"rendered":"<p>El Martes, 2 de Abril, en el Monumento a los Ca\u00eddos en la Guerra de las Islas Malvinas 1982 &#8211;<\/p>\n","protected":false},"author":3,"featured_media":70902,"comment_status":"closed","ping_status":"closed","sticky":false,"template":"","format":"standard","meta":{"_acf_changed":false,"_seopress_robots_primary_cat":"none","_seopress_titles_title":"","_seopress_titles_desc":"","_seopress_robots_index":"","colormag_page_container_layout":"default_layout","colormag_page_sidebar_layout":"default_layout","footnotes":""},"categories":[10,7],"tags":[],"class_list":["post-70899","post","type-post","status-publish","format-standard","has-post-thumbnail","hentry","category-opiniones","category-videos"],"acf":[],"_links":{"self":[{"href":"https:\/\/vocesparalelas.com.ar\/sitio\/wp-json\/wp\/v2\/posts\/70899","targetHints":{"allow":["GET"]}}],"collection":[{"href":"https:\/\/vocesparalelas.com.ar\/sitio\/wp-json\/wp\/v2\/posts"}],"about":[{"href":"https:\/\/vocesparalelas.com.ar\/sitio\/wp-json\/wp\/v2\/types\/post"}],"author":[{"embeddable":true,"href":"https:\/\/vocesparalelas.com.ar\/sitio\/wp-json\/wp\/v2\/users\/3"}],"replies":[{"embeddable":true,"href":"https:\/\/vocesparalelas.com.ar\/sitio\/wp-json\/wp\/v2\/comments?post=70899"}],"version-history":[{"count":4,"href":"https:\/\/vocesparalelas.com.ar\/sitio\/wp-json\/wp\/v2\/posts\/70899\/revisions"}],"predecessor-version":[{"id":70910,"href":"https:\/\/vocesparalelas.com.ar\/sitio\/wp-json\/wp\/v2\/posts\/70899\/revisions\/70910"}],"wp:featuredmedia":[{"embeddable":true,"href":"https:\/\/vocesparalelas.com.ar\/sitio\/wp-json\/wp\/v2\/media\/70902"}],"wp:attachment":[{"href":"https:\/\/vocesparalelas.com.ar\/sitio\/wp-json\/wp\/v2\/media?parent=70899"}],"wp:term":[{"taxonomy":"category","embeddable":true,"href":"https:\/\/vocesparalelas.com.ar\/sitio\/wp-json\/wp\/v2\/categories?post=70899"},{"taxonomy":"post_tag","embeddable":true,"href":"https:\/\/vocesparalelas.com.ar\/sitio\/wp-json\/wp\/v2\/tags?post=70899"}],"curies":[{"name":"wp","href":"https:\/\/api.w.org\/{rel}","templated":true}]}}