{"id":70894,"date":"2024-04-01T19:24:22","date_gmt":"2024-04-01T22:24:22","guid":{"rendered":"https:\/\/vocesparalelas.com.ar\/sitio\/?p=70894"},"modified":"2024-04-03T15:24:25","modified_gmt":"2024-04-03T18:24:25","slug":"el-gobernador-de-san-juan-dr-marcelo-orrego-con-su-discurso-anual-comienza-el-periodo-ordinario-de-sesiones-2024-de-la-cdsj","status":"publish","type":"post","link":"https:\/\/vocesparalelas.com.ar\/sitio\/el-gobernador-de-san-juan-dr-marcelo-orrego-con-su-discurso-anual-comienza-el-periodo-ordinario-de-sesiones-2024-de-la-cdsj\/","title":{"rendered":"El gobernador de San Juan, Dr. Marcelo Orrego con su discurso anual comienza el per\u00edodo ordinario de sesiones 2024 de la CDSJ"},"content":{"rendered":"<p>La C\u00e1mara de Diputados de San Juan inicia el per\u00edodo ordinario de sesiones 2024 como consecuencia del Discurso Anual del Gobernador, Dr. Marcelo Orrego, cuyo contenido est\u00e1 dirigido al pueblo de San Juan.<\/p>\n<p>La convocatoria para la celebraci\u00f3n de la Primera Sesi\u00f3n del per\u00edodo ordinario, fue realizada en virtud del Decreto N\u00ba 252-P-2024 para el Mi\u00e9rcoles, 3 de Abril, a las 9 horas, por el que cita a los diputados para el tratamiento del orden del d\u00eda cuyo punto central es el discurso del gobernador, Dr. Marcelo Orrego, de acuerdo a lo dispuesto en el art\u00edculo 189\u00ba, inciso 6 de la Constituci\u00f3n provincial y acompa\u00f1ador del Vicegobernador, Dr. Fabi\u00e1n Mart\u00edn.<\/p>\n<p><strong><span style=\"color: #800080;\">Transmisi\u00f3n en vivo<\/span><\/strong><\/p>\n<p>La Legislatura invita a seguir la transmisi\u00f3n en vivo a trav\u00e9s de las redes sociales, Facebook: C\u00e1mara de Diputados de San Juan o el sitio informativo oficial de <a href=\"http:\/\/www.diputadossanjuan.gob.ar\">http:\/\/www.diputadossanjuan.gob.ar<\/a><\/p>\n<p><iframe loading=\"lazy\" title=\"I Sesi\u00f3n Ordinaria - 03 de abril de 2024\" width=\"800\" height=\"450\" src=\"https:\/\/www.youtube.com\/embed\/oeGooQNPYxo?feature=oembed\" frameborder=\"0\" allow=\"accelerometer; autoplay; clipboard-write; encrypted-media; gyroscope; picture-in-picture; web-share\" referrerpolicy=\"strict-origin-when-cross-origin\" allowfullscreen><\/iframe><\/p>\n<p><iframe loading=\"lazy\" title=\"APERTURA DE SESIONES ORDINARIAS 2024\" width=\"800\" height=\"450\" src=\"https:\/\/www.youtube.com\/embed\/xjnru56YAc8?feature=oembed\" frameborder=\"0\" allow=\"accelerometer; autoplay; clipboard-write; encrypted-media; gyroscope; picture-in-picture; web-share\" referrerpolicy=\"strict-origin-when-cross-origin\" allowfullscreen><\/iframe><\/p>\n<figure id=\"attachment_37951\" aria-describedby=\"caption-attachment-37951\" style=\"width: 800px\" class=\"wp-caption alignnone\"><img loading=\"lazy\" decoding=\"async\" class=\"size-full wp-image-37951\" src=\"https:\/\/vocesparalelas.com.ar\/sitio\/wp-content\/uploads\/2021\/05\/CAMARA-EDIFICIO.jpg\" alt=\"\" width=\"800\" height=\"515\" srcset=\"https:\/\/vocesparalelas.com.ar\/sitio\/wp-content\/uploads\/2021\/05\/CAMARA-EDIFICIO.jpg 800w, https:\/\/vocesparalelas.com.ar\/sitio\/wp-content\/uploads\/2021\/05\/CAMARA-EDIFICIO-300x193.jpg 300w, https:\/\/vocesparalelas.com.ar\/sitio\/wp-content\/uploads\/2021\/05\/CAMARA-EDIFICIO-768x494.jpg 768w\" sizes=\"auto, (max-width: 800px) 100vw, 800px\" \/><figcaption id=\"caption-attachment-37951\" class=\"wp-caption-text\">Legislatura Provincial de San Juan, Rep\u00fablica Argentina<\/figcaption><\/figure>\n","protected":false},"excerpt":{"rendered":"<p>La C\u00e1mara de Diputados de San Juan inicia el per\u00edodo ordinario de sesiones 2024 como consecuencia del Discurso Anual del<\/p>\n","protected":false},"author":3,"featured_media":66814,"comment_status":"closed","ping_status":"closed","sticky":false,"template":"","format":"standard","meta":{"_acf_changed":false,"_seopress_robots_primary_cat":"none","_seopress_titles_title":"","_seopress_titles_desc":"","_seopress_robots_index":"","colormag_page_container_layout":"default_layout","colormag_page_sidebar_layout":"default_layout","footnotes":""},"categories":[1],"tags":[],"class_list":["post-70894","post","type-post","status-publish","format-standard","has-post-thumbnail","hentry","category-destacadas"],"acf":[],"_links":{"self":[{"href":"https:\/\/vocesparalelas.com.ar\/sitio\/wp-json\/wp\/v2\/posts\/70894","targetHints":{"allow":["GET"]}}],"collection":[{"href":"https:\/\/vocesparalelas.com.ar\/sitio\/wp-json\/wp\/v2\/posts"}],"about":[{"href":"https:\/\/vocesparalelas.com.ar\/sitio\/wp-json\/wp\/v2\/types\/post"}],"author":[{"embeddable":true,"href":"https:\/\/vocesparalelas.com.ar\/sitio\/wp-json\/wp\/v2\/users\/3"}],"replies":[{"embeddable":true,"href":"https:\/\/vocesparalelas.com.ar\/sitio\/wp-json\/wp\/v2\/comments?post=70894"}],"version-history":[{"count":4,"href":"https:\/\/vocesparalelas.com.ar\/sitio\/wp-json\/wp\/v2\/posts\/70894\/revisions"}],"predecessor-version":[{"id":70921,"href":"https:\/\/vocesparalelas.com.ar\/sitio\/wp-json\/wp\/v2\/posts\/70894\/revisions\/70921"}],"wp:featuredmedia":[{"embeddable":true,"href":"https:\/\/vocesparalelas.com.ar\/sitio\/wp-json\/wp\/v2\/media\/66814"}],"wp:attachment":[{"href":"https:\/\/vocesparalelas.com.ar\/sitio\/wp-json\/wp\/v2\/media?parent=70894"}],"wp:term":[{"taxonomy":"category","embeddable":true,"href":"https:\/\/vocesparalelas.com.ar\/sitio\/wp-json\/wp\/v2\/categories?post=70894"},{"taxonomy":"post_tag","embeddable":true,"href":"https:\/\/vocesparalelas.com.ar\/sitio\/wp-json\/wp\/v2\/tags?post=70894"}],"curies":[{"name":"wp","href":"https:\/\/api.w.org\/{rel}","templated":true}]}}