{"id":70890,"date":"2024-04-01T22:48:58","date_gmt":"2024-04-02T01:48:58","guid":{"rendered":"https:\/\/vocesparalelas.com.ar\/sitio\/?p=70890"},"modified":"2024-04-03T22:52:43","modified_gmt":"2024-04-04T01:52:43","slug":"reunion-en-casa-rosada-de-los-gobernadores-dialoguistas-de-argentina","status":"publish","type":"post","link":"https:\/\/vocesparalelas.com.ar\/sitio\/reunion-en-casa-rosada-de-los-gobernadores-dialoguistas-de-argentina\/","title":{"rendered":"Reuni\u00f3n en Casa Rosada, de los gobernadores dialoguistas de Argentina"},"content":{"rendered":"<p>Faltan\u00a044 d\u00edas\u00a0para el\u00a0Pacto de Mayo, el acuerdo al que\u00a0Javier Milei\u00a0invit\u00f3 a firmar a todas las provincias el 25 de Mayo, en C\u00f3rdoba.<\/p>\n<p>El Viernes\u00a0tomar\u00e1 estado parlamentario la\u00a0nueva Ley Bases\u00a0y el articulado con el\u00a0paquete fiscal. En una especie de\u00a0eterno retorno\u00a0nietzscheano, los gobernadores\u00a0vuelven a ejercer presi\u00f3n\u00a0sobre la Casa Rosada en una discusi\u00f3n signada por el\u00a0reparto de fondos\u00a0del Gobierno central a los estados provinciales: una\u00a0disputa por caja\u00a0id\u00e9ntica a la que en enero\u00a0empantan\u00f3\u00a0el debate de la Ley \u00d3mnibus en el Congreso.<\/p>\n<p>En esta ocasi\u00f3n, lo que motiva el reclamo de un grupo de mandatarios es un decreto que el Jefe de Estado emiti\u00f3 el Jueves pasado y que elimin\u00f3 los anticipos de pagos a las cajas jubilatorias de los distritos que en los 90\u2032 no transfirieron a la Naci\u00f3n sus sistemas previsionales.<\/p>\n<p>La discusi\u00f3n se produce a d\u00edas de una\u00a0nueva reuni\u00f3n\u00a0entre el Gobierno y un grupo de gobernadores considerados \u201cdialoguistas\u201d o \u201caliados\u201d.\u00a0Guillermo Francos, ministro del Interior de la Naci\u00f3n, recibir\u00e1 este jueves a los mandatarios agrupados en lo que fue Juntos por el Cambio.<\/p>\n<p><strong><span style=\"color: #ff6600;\">Gobernadores convocados<\/span><\/strong><\/p>\n<ul>\n<li>Alfredo Cornejo (Mendoza),<\/li>\n<li>Gustavo Vald\u00e9s (Corrientes),<\/li>\n<li>Rogelio Frigerio (Entre R\u00edos),<\/li>\n<li>Ignacio Torres (Chubut),<\/li>\n<li>Carlos Sadir (Jujuy),<\/li>\n<li>Leandro Zdero (Chaco),<\/li>\n<li>Marcelo Orrego (San Juan),<\/li>\n<li>Jorge Macri (CABA),<\/li>\n<li>Maximiliano Pullaro (Santa Fe), y<\/li>\n<li>Claudio Poggi (San Luis).<\/li>\n<\/ul>\n<p>Se trata de un c\u00f3nclave que se iba a desarrollar la semana pasada y que, finalmente, fue postergado para luego del fin de semana largo de Semana Santa. Los mandatarios ir\u00e1n a la reuni\u00f3n con reclamos y sugerencias de cambios para perfeccionar la nueva Ley Bases. Pero sobre todo, conforme pudo conocer este medio, respecto a puntos del paquete fiscal que est\u00e1 contenido en un articulado aparte.<\/p>\n<div class=\"headline-wrapper\">\n<p class=\"header headline-class-h2\"><strong><span style=\"color: #ff6600;\">Las claves de la reuni\u00f3n de los gobernadores con la Casa Rosada<\/span><\/strong><\/p>\n<\/div>\n<p class=\"paragraph\" data-mrf-recirculation=\"Links inline\">El apartado central de discusi\u00f3n es la restituci\u00f3n de la cuarta categor\u00eda del\u00a0Impuesto a las Ganancias. Los gobernadores del norte del pa\u00eds ven con buenos ojos la medidas. Sin embargo, los del centro y el sur plantean objeciones: centralmente, proponen que se aplique un piso m\u00e1s alto para el m\u00ednimo no imponible y que se retoquen las al\u00edcuotas y deducciones del proyecto del Ejecutivo.<\/p>\n<p data-mrf-recirculation=\"Links inline\">De fondo, asoma una disputa por qui\u00e9n abonar\u00e1 el\u00a0costo pol\u00edtico\u00a0de una medida un tanto impopular. Implica que el Gobierno vuelva a cobrar un impuesto que afectar\u00e1, sobre todo, a la clase media. Milei prometi\u00f3 en campa\u00f1a electoral \u201ccortarse un brazo\u00a0antes de aumentar o crear nuevos impuestos\u201d. Pero la decisi\u00f3n de la administraci\u00f3n anterior, que sustrajo la cuarta categor\u00eda de ese tributo, dej\u00f3 a la Casa Rosada en una especie de\u00a0callej\u00f3n sin salida\u00a0y en pie de guerra con las provincias, que reclaman por la restauraci\u00f3n de esa medida. Se trata de un impuesto coparticipable y, por lo tanto, son fondos que llegan a las provincias de forma autom\u00e1tica.<\/p>\n<p data-mrf-recirculation=\"Links inline\">En la previa al debate de la nueva Ley \u00d3mnibus, Milei se mantiene\u00a0f\u00e9rreo\u00a0en la decisi\u00f3n\u00a0no coparticipar ning\u00fan impuesto m\u00e1s. Los gobernadores insistieron en el verano para que se coparticipara el\u00a0Impuesto Pa\u00eds, el\u00a0Impuesto al Cheque\u00a0o, bien, que se distribuya a las provincias parte de lo recaudado en el blanqueo que pretende ejecutar Balcarce 50. Ninguno de los puntos es, en principio, aceptado por el Jefe de Estado.<\/p>\n<p data-mrf-recirculation=\"Links inline\">Como para sumar pimienta a esta situaci\u00f3n, Milei volvi\u00f3 a apuntar ayer, en una entrevista con la\u00a0<i>CNN<\/i>, que \u201cfue un error haber ido a hablar con los gobernadores de una manera tan transparente y tan honesta\u201d. Para el Jefe de Estado, los mandatarios \u201cse pusieron a trabajar sobre el cap\u00edtulo fiscal para destrozar las finanzas p\u00fablicas y romper el resultado fiscal y mandarnos a una hiper\u201d. Las declaraciones no fueron bien recibidas por las provincias.<\/p>\n<div class=\"headline-wrapper\">\n<p class=\"header headline-class-h2\"><strong><span style=\"color: #ff6600;\">La pelea por los fondos para las jubilaciones<\/span><\/strong><\/p>\n<\/div>\n<p class=\"paragraph\" data-mrf-recirculation=\"Links inline\">La tensi\u00f3n hab\u00eda vuelto a escalar el jueves, por la medida que afect\u00f3 las cajas previsionales de\u00a013 provincias. Ese d\u00eda, el Gobierno public\u00f3 en el Bolet\u00edn Oficial el\u00a0Decreto 280\/2024\u00a0que modific\u00f3 la Ley de Presupuesto de 2023. Milei no sancion\u00f3 un nuevo Presupuesto y, entonces, trabaja con la ley de leyes del ejercicio anterior. En esa medida, el Poder Ejecutivo dispuso no transferir a las provincias el dinero correspondiente al d\u00e9ficit de las cajas previsionales. Aunque desde la Casa Rosada aseguran que no se trata de la \u201celiminaci\u00f3n\u201d de esas transferencias, sino de un redireccionamiento para otras partidas.<\/p>\n<p class=\"paragraph\" data-mrf-recirculation=\"Links inline\">A su vez, la misma normativa formaliz\u00f3 la eliminaci\u00f3n del\u00a0Fondo Nacional del Incentivo Docente\u00a0(FONID) y del\u00a0Fondo Compensador del Transporte. Se trata de dos programas clave para financiar parte de los sueldos docente y subsidiar los boletos de los colectivos en las provincias. En un contexto de licuaci\u00f3n y ajuste fiscal, los gobernadores alegan que dejar de percibir esos recursos agrava a\u00fan m\u00e1s la situaci\u00f3n econ\u00f3mica en sus territorios.<\/p>\n<p class=\"paragraph\" data-mrf-recirculation=\"Links inline\">La decisi\u00f3n que modifica el pago a las cajas previsionales, empero, es el\u00a0punto m\u00e1s sensible\u00a0de la disputa. Fue lo que motiv\u00f3 que un grupo de gobernadores vuelva a amagar con\u00a0judicializar\u00a0la medida ante la Corte Suprema de Justicia de la Naci\u00f3n. En ese sentido se manifestaron.<\/p>\n<p class=\"paragraph\" data-mrf-recirculation=\"Links inline\">Algunos gobernadores ordenaron a sus equipos legales\u00a0evaluar una ofensiva judicial. Son los casos de\u00a0C\u00f3rdoba, Santa Fe y Chubut. \u00c9sta \u00faltima, no obstante, reconsiderar\u00e1 la situaci\u00f3n. Nacho Torres, gobernador chubutense, tom\u00f3 la palabra del ministro del Interior, respecto a que el dinero para las cajas previsionales est\u00e1 y enviar\u00e1, y opt\u00f3 por mantener la cautela.<\/p>\n<p class=\"paragraph\" data-mrf-recirculation=\"Links inline\">Si bien cada provincia y cada caso es particular, con una sola provincia que obtenga el visto bueno de la Corte Suprema, ser\u00e1 suficiente como\u00a0precedente\u00a0para que el resto de los estados subnacionales apelen a id\u00e9ntico recurso.<\/p>\n<div class=\"headline-wrapper\">\n<p class=\"header headline-class-h2\"><strong><span style=\"color: #ff6600;\">El trasfondo hist\u00f3rico del reclamo por las cajas previsionales<\/span><\/strong><\/p>\n<\/div>\n<p class=\"paragraph\" data-mrf-recirculation=\"Links inline\">El reclamo estiba en que hay\u00a013 provincias que tienen un sistema previsional propio. En esos casos, la ANSES cubre una parte del d\u00e9ficit de las cajas de jubilaciones no transferidas. El resto de las provincias, en cambio, transfirieron sus cajas jubilatorias al Estado central luego de la reforma constitucional de 1994.<\/p>\n<p class=\"paragraph\" data-mrf-recirculation=\"Links inline\">Esa situaci\u00f3n implic\u00f3 numerosas demandas judiciales entre las provincias que tienen un sistema previsional propio contra la Naci\u00f3n. El caso de C\u00f3rdoba es, posiblemente, de los m\u00e1s ic\u00f3nicos. Esa provincia estuvo en pie de guerra con la Casa Rosada durante a\u00f1os. Durante la presidencia de Mauricio Macri y la gobernaci\u00f3n de\u00a0Juan Schiaretti, ambas partes hab\u00edan llegado a un principio de acuerdo. Sin embargo, los cordobeses sostienen que Balcarce 50 no cancel\u00f3 a\u00fan la deuda por las cajas jubilatorias y eval\u00faa con insistir en la Corte con el mismo planteo.<\/p>\n<p class=\"paragraph\" data-mrf-recirculation=\"Links inline\">En la v\u00edspera de un nuevo debate en el Congreso, y a semanas del Pacto de Mayo, el clima pol\u00edtico entre las provincias y el Gobierno nacional vuelve a caldearse.<\/p>\n<p data-mrf-recirculation=\"Links inline\">Fuente: Infobae<\/p>\n","protected":false},"excerpt":{"rendered":"<p>Faltan\u00a044 d\u00edas\u00a0para el\u00a0Pacto de Mayo, el acuerdo al que\u00a0Javier Milei\u00a0invit\u00f3 a firmar a todas las provincias el 25 de Mayo,<\/p>\n","protected":false},"author":3,"featured_media":66021,"comment_status":"closed","ping_status":"closed","sticky":false,"template":"","format":"standard","meta":{"_acf_changed":false,"_seopress_robots_primary_cat":"none","_seopress_titles_title":"","_seopress_titles_desc":"","_seopress_robots_index":"","colormag_page_container_layout":"default_layout","colormag_page_sidebar_layout":"default_layout","footnotes":""},"categories":[6],"tags":[],"class_list":["post-70890","post","type-post","status-publish","format-standard","has-post-thumbnail","hentry","category-eventos"],"acf":[],"_links":{"self":[{"href":"https:\/\/vocesparalelas.com.ar\/sitio\/wp-json\/wp\/v2\/posts\/70890","targetHints":{"allow":["GET"]}}],"collection":[{"href":"https:\/\/vocesparalelas.com.ar\/sitio\/wp-json\/wp\/v2\/posts"}],"about":[{"href":"https:\/\/vocesparalelas.com.ar\/sitio\/wp-json\/wp\/v2\/types\/post"}],"author":[{"embeddable":true,"href":"https:\/\/vocesparalelas.com.ar\/sitio\/wp-json\/wp\/v2\/users\/3"}],"replies":[{"embeddable":true,"href":"https:\/\/vocesparalelas.com.ar\/sitio\/wp-json\/wp\/v2\/comments?post=70890"}],"version-history":[{"count":1,"href":"https:\/\/vocesparalelas.com.ar\/sitio\/wp-json\/wp\/v2\/posts\/70890\/revisions"}],"predecessor-version":[{"id":70893,"href":"https:\/\/vocesparalelas.com.ar\/sitio\/wp-json\/wp\/v2\/posts\/70890\/revisions\/70893"}],"wp:featuredmedia":[{"embeddable":true,"href":"https:\/\/vocesparalelas.com.ar\/sitio\/wp-json\/wp\/v2\/media\/66021"}],"wp:attachment":[{"href":"https:\/\/vocesparalelas.com.ar\/sitio\/wp-json\/wp\/v2\/media?parent=70890"}],"wp:term":[{"taxonomy":"category","embeddable":true,"href":"https:\/\/vocesparalelas.com.ar\/sitio\/wp-json\/wp\/v2\/categories?post=70890"},{"taxonomy":"post_tag","embeddable":true,"href":"https:\/\/vocesparalelas.com.ar\/sitio\/wp-json\/wp\/v2\/tags?post=70890"}],"curies":[{"name":"wp","href":"https:\/\/api.w.org\/{rel}","templated":true}]}}