{"id":70885,"date":"2024-04-01T19:09:08","date_gmt":"2024-04-01T22:09:08","guid":{"rendered":"https:\/\/vocesparalelas.com.ar\/sitio\/?p=70885"},"modified":"2024-04-01T19:09:08","modified_gmt":"2024-04-01T22:09:08","slug":"modifican-la-frecuencia-de-las-lineas-101-y-242-de-redtulum-en-beneficio-de-los-usuarios-de-san-juan","status":"publish","type":"post","link":"https:\/\/vocesparalelas.com.ar\/sitio\/modifican-la-frecuencia-de-las-lineas-101-y-242-de-redtulum-en-beneficio-de-los-usuarios-de-san-juan\/","title":{"rendered":"Modifican la frecuencia de las l\u00edneas 101 y 242 de RedTulum en beneficio de los usuarios de San Juan"},"content":{"rendered":"<p>El Ministerio de Gobierno de San Juan, a trav\u00e9s de la Direcci\u00f3n de Coordinaci\u00f3n de la RedTulum, informa que desde el Mi\u00e9rcoles, 3 de Abril de 2024, las l\u00edneas 101 &#8211; UTE La Marina S.A- La Positiva S.A. &#8211; y 242 &#8211; Empresa Mayo S.R.L &#8211; realizan modificaciones en sus frecuencias, conforme a lo evaluado por las autoridades para mejorar el servicio de colectivos.<\/p>\n<p>Para lograr el mejoramiento del servicio de transporte p\u00fablico, agregan unidades a su n\u00f3mina, acortando as\u00ed el tiempo de espera de los usuario. Esta medida acorta la frecuencia en un per\u00edodo de tres minutos aproximadamente.<\/p>\n<p>&nbsp;<\/p>\n<p>&nbsp;<\/p>\n","protected":false},"excerpt":{"rendered":"<p>El Ministerio de Gobierno de San Juan, a trav\u00e9s de la Direcci\u00f3n de Coordinaci\u00f3n de la RedTulum, informa que desde<\/p>\n","protected":false},"author":3,"featured_media":48167,"comment_status":"closed","ping_status":"closed","sticky":false,"template":"","format":"standard","meta":{"_acf_changed":false,"_seopress_robots_primary_cat":"none","_seopress_titles_title":"","_seopress_titles_desc":"","_seopress_robots_index":"","colormag_page_container_layout":"default_layout","colormag_page_sidebar_layout":"default_layout","footnotes":""},"categories":[1],"tags":[],"class_list":["post-70885","post","type-post","status-publish","format-standard","has-post-thumbnail","hentry","category-destacadas"],"acf":[],"_links":{"self":[{"href":"https:\/\/vocesparalelas.com.ar\/sitio\/wp-json\/wp\/v2\/posts\/70885","targetHints":{"allow":["GET"]}}],"collection":[{"href":"https:\/\/vocesparalelas.com.ar\/sitio\/wp-json\/wp\/v2\/posts"}],"about":[{"href":"https:\/\/vocesparalelas.com.ar\/sitio\/wp-json\/wp\/v2\/types\/post"}],"author":[{"embeddable":true,"href":"https:\/\/vocesparalelas.com.ar\/sitio\/wp-json\/wp\/v2\/users\/3"}],"replies":[{"embeddable":true,"href":"https:\/\/vocesparalelas.com.ar\/sitio\/wp-json\/wp\/v2\/comments?post=70885"}],"version-history":[{"count":1,"href":"https:\/\/vocesparalelas.com.ar\/sitio\/wp-json\/wp\/v2\/posts\/70885\/revisions"}],"predecessor-version":[{"id":70888,"href":"https:\/\/vocesparalelas.com.ar\/sitio\/wp-json\/wp\/v2\/posts\/70885\/revisions\/70888"}],"wp:featuredmedia":[{"embeddable":true,"href":"https:\/\/vocesparalelas.com.ar\/sitio\/wp-json\/wp\/v2\/media\/48167"}],"wp:attachment":[{"href":"https:\/\/vocesparalelas.com.ar\/sitio\/wp-json\/wp\/v2\/media?parent=70885"}],"wp:term":[{"taxonomy":"category","embeddable":true,"href":"https:\/\/vocesparalelas.com.ar\/sitio\/wp-json\/wp\/v2\/categories?post=70885"},{"taxonomy":"post_tag","embeddable":true,"href":"https:\/\/vocesparalelas.com.ar\/sitio\/wp-json\/wp\/v2\/tags?post=70885"}],"curies":[{"name":"wp","href":"https:\/\/api.w.org\/{rel}","templated":true}]}}