{"id":70871,"date":"2024-04-01T10:56:07","date_gmt":"2024-04-01T13:56:07","guid":{"rendered":"https:\/\/vocesparalelas.com.ar\/sitio\/?p=70871"},"modified":"2024-04-04T21:35:45","modified_gmt":"2024-04-05T00:35:45","slug":"no-se-convoca-a-inscripcion-de-aspirantes-a-las-becas-progresar-en-argentina","status":"publish","type":"post","link":"https:\/\/vocesparalelas.com.ar\/sitio\/no-se-convoca-a-inscripcion-de-aspirantes-a-las-becas-progresar-en-argentina\/","title":{"rendered":"No se convoca a inscripci\u00f3n de aspirantes a las Becas Progresar en Argentina"},"content":{"rendered":"<p>La Direcci\u00f3n de Educaci\u00f3n de J\u00f3venes y Adultos del Ministerio de Educaci\u00f3n del Gobierno de San Juan, informa que de acuerdo a la informaci\u00f3n brindada por la direcci\u00f3n Nacional de Becas y Democratizaci\u00f3n Educativa hasta el momento no se convoca a inscripci\u00f3n de aspirantes a las Becas Progresar.<\/p>\n<p><span style=\"color: #339966;\"><strong>Plan FinEs<\/strong><\/span><\/p>\n<p>Sobre el Plan FinEs, Naci\u00f3n confirm\u00f3 la continuidad, pero a\u00fan no estableci\u00f3 fecha de inscripci\u00f3n para el Ciclo Lectivo 2024.<\/p>\n<p>Una vez que Naci\u00f3n habilite el registro, se informa adecuadamente requisitos y fechas para matricularse en cada uno de los programas.<\/p>\n<p><img loading=\"lazy\" decoding=\"async\" class=\"alignnone size-full wp-image-28629\" src=\"https:\/\/vocesparalelas.com.ar\/sitio\/wp-content\/uploads\/2020\/05\/MINISTERIO-EDUCACION-SJ.jpg\" alt=\"\" width=\"800\" height=\"533\" srcset=\"https:\/\/vocesparalelas.com.ar\/sitio\/wp-content\/uploads\/2020\/05\/MINISTERIO-EDUCACION-SJ.jpg 800w, https:\/\/vocesparalelas.com.ar\/sitio\/wp-content\/uploads\/2020\/05\/MINISTERIO-EDUCACION-SJ-300x200.jpg 300w, https:\/\/vocesparalelas.com.ar\/sitio\/wp-content\/uploads\/2020\/05\/MINISTERIO-EDUCACION-SJ-768x512.jpg 768w\" sizes=\"auto, (max-width: 800px) 100vw, 800px\" \/><\/p>\n<p>&nbsp;<\/p>\n","protected":false},"excerpt":{"rendered":"<p>La Direcci\u00f3n de Educaci\u00f3n de J\u00f3venes y Adultos del Ministerio de Educaci\u00f3n del Gobierno de San Juan, informa que de<\/p>\n","protected":false},"author":3,"featured_media":35746,"comment_status":"closed","ping_status":"closed","sticky":false,"template":"","format":"standard","meta":{"_acf_changed":false,"_seopress_robots_primary_cat":"none","_seopress_titles_title":"","_seopress_titles_desc":"","_seopress_robots_index":"","colormag_page_container_layout":"default_layout","colormag_page_sidebar_layout":"default_layout","footnotes":""},"categories":[2],"tags":[],"class_list":["post-70871","post","type-post","status-publish","format-standard","has-post-thumbnail","hentry","category-convocatorias"],"acf":[],"_links":{"self":[{"href":"https:\/\/vocesparalelas.com.ar\/sitio\/wp-json\/wp\/v2\/posts\/70871","targetHints":{"allow":["GET"]}}],"collection":[{"href":"https:\/\/vocesparalelas.com.ar\/sitio\/wp-json\/wp\/v2\/posts"}],"about":[{"href":"https:\/\/vocesparalelas.com.ar\/sitio\/wp-json\/wp\/v2\/types\/post"}],"author":[{"embeddable":true,"href":"https:\/\/vocesparalelas.com.ar\/sitio\/wp-json\/wp\/v2\/users\/3"}],"replies":[{"embeddable":true,"href":"https:\/\/vocesparalelas.com.ar\/sitio\/wp-json\/wp\/v2\/comments?post=70871"}],"version-history":[{"count":1,"href":"https:\/\/vocesparalelas.com.ar\/sitio\/wp-json\/wp\/v2\/posts\/70871\/revisions"}],"predecessor-version":[{"id":70874,"href":"https:\/\/vocesparalelas.com.ar\/sitio\/wp-json\/wp\/v2\/posts\/70871\/revisions\/70874"}],"wp:featuredmedia":[{"embeddable":true,"href":"https:\/\/vocesparalelas.com.ar\/sitio\/wp-json\/wp\/v2\/media\/35746"}],"wp:attachment":[{"href":"https:\/\/vocesparalelas.com.ar\/sitio\/wp-json\/wp\/v2\/media?parent=70871"}],"wp:term":[{"taxonomy":"category","embeddable":true,"href":"https:\/\/vocesparalelas.com.ar\/sitio\/wp-json\/wp\/v2\/categories?post=70871"},{"taxonomy":"post_tag","embeddable":true,"href":"https:\/\/vocesparalelas.com.ar\/sitio\/wp-json\/wp\/v2\/tags?post=70871"}],"curies":[{"name":"wp","href":"https:\/\/api.w.org\/{rel}","templated":true}]}}