{"id":70851,"date":"2024-03-30T15:11:33","date_gmt":"2024-03-30T18:11:33","guid":{"rendered":"https:\/\/vocesparalelas.com.ar\/sitio\/?p=70851"},"modified":"2024-04-02T00:02:48","modified_gmt":"2024-04-02T03:02:48","slug":"amplio-la-atencion-el-hospital-dr-guillermo-rawson-en-san-juan","status":"publish","type":"post","link":"https:\/\/vocesparalelas.com.ar\/sitio\/amplio-la-atencion-el-hospital-dr-guillermo-rawson-en-san-juan\/","title":{"rendered":"Ampli\u00f3 la atenci\u00f3n el Hospital Dr. Guillermo Rawson en San Juan"},"content":{"rendered":"<p>La apertura de atenci\u00f3n de\u00a0algunas especialidades en horario de tarde\u00a0logr\u00f3 implementarse en las \u00faltimas semanas, ayudando a\u00a0reducir la demanda y dar soluciones en aspectos muy espec\u00edficos que ahora tienen mayor accesibilidad.<\/p>\n<p>La atenci\u00f3n de\u00a0Cl\u00ednica M\u00e9dica, Cardiolog\u00eda, Infectolog\u00eda, Ginecolog\u00eda, Nutrici\u00f3n y Oftalmolog\u00eda, cada uno con sus d\u00edas y algunas especificaciones a tener en cuenta es la siguiente:<\/p>\n<ul>\n<li><span style=\"color: #ff0000;\"><strong>Cl\u00ednica M\u00e9dica:\u00a0<\/strong><\/span>12 turnos de lunes a viernes a partir de las 14:00, por el momento a demanda espont\u00e1nea, probablemente en poco tiempo se dar\u00e1n los turnos por SIDI y por el 0800.<\/li>\n<li><strong><span style=\"color: #ff0000;\">Cardiolog\u00eda:<\/span><\/strong>\u00a0Lunes, mi\u00e9rcoles y viernes de 14 a 17 hs, doce pacientes por demanda espont\u00e1nea, principalmente para estudios pre quir\u00fargicos.<\/li>\n<li><strong><span style=\"color: #ff0000;\">Infectolog\u00eda:<\/span><\/strong>\u00a0los d\u00edas jueves a partir de las 13:00 para aquellos casos de urgencia por post exposici\u00f3n, o para pacientes que se quedan sin medicaci\u00f3n o alg\u00fan otro caso de urgencia que tenga que ver con infecciones que necesitan de un inicio urgente de tratamiento.<\/li>\n<li><strong><span style=\"color: #ff0000;\">Ginecolog\u00eda de TGI<\/span><\/strong> &#8211; Tracto genital Inferior &#8211; los lunes a las 13:00 para todo lo que tiene que ver con colposcopia, marcaci\u00f3n del HPV para diez a doce pacientes.<\/li>\n<li><strong><span style=\"color: #ff0000;\">Oftalmolog\u00eda<\/span><\/strong> de lunes a viernes desde las 14:00 hs. para estudios de agudeza visual, presi\u00f3n ocular y controles oftalmol\u00f3gicos en general.<\/li>\n<li>Nutrici\u00f3n desde las 14:00 hs. para adultos los martes y jueves para cuatro pacientes por d\u00eda y los mi\u00e9rcoles s\u00f3lo para ni\u00f1os.<\/li>\n<li><strong><span style=\"color: #ff0000;\">M\u00e9dico Cl\u00ednico o Infect\u00f3logos<\/span><\/strong> no es necesaria derivaci\u00f3n, s\u00ed para el cardi\u00f3logo, para nutrici\u00f3n o para Ginecolog\u00eda por tratarse de estudios o casos muy espec\u00edficos.<\/li>\n<li><strong><span style=\"color: #ff0000;\"> Otorrinolaringolog\u00eda<\/span> <\/strong>que tiene mayor demanda sobre todo en ni\u00f1os, que muchas veces deben faltar a la escuela para poder recibir atenci\u00f3n.<\/li>\n<\/ul>\n<p>Hasta el momento la respuesta de los pacientes ha sido inmediata, se trabaja a plena demanda y la poblaci\u00f3n lo deja en claro al preferir esperar en el hospital para ser atendida.<\/p>\n<p>&nbsp;<\/p>\n<p>&nbsp;<\/p>\n","protected":false},"excerpt":{"rendered":"<p>La apertura de atenci\u00f3n de\u00a0algunas especialidades en horario de tarde\u00a0logr\u00f3 implementarse en las \u00faltimas semanas, ayudando a\u00a0reducir la demanda y<\/p>\n","protected":false},"author":3,"featured_media":27493,"comment_status":"closed","ping_status":"closed","sticky":false,"template":"","format":"standard","meta":{"_acf_changed":false,"_seopress_robots_primary_cat":"none","_seopress_titles_title":"","_seopress_titles_desc":"","_seopress_robots_index":"","colormag_page_container_layout":"default_layout","colormag_page_sidebar_layout":"default_layout","footnotes":""},"categories":[5],"tags":[],"class_list":["post-70851","post","type-post","status-publish","format-standard","has-post-thumbnail","hentry","category-ofrecimientos"],"acf":[],"_links":{"self":[{"href":"https:\/\/vocesparalelas.com.ar\/sitio\/wp-json\/wp\/v2\/posts\/70851","targetHints":{"allow":["GET"]}}],"collection":[{"href":"https:\/\/vocesparalelas.com.ar\/sitio\/wp-json\/wp\/v2\/posts"}],"about":[{"href":"https:\/\/vocesparalelas.com.ar\/sitio\/wp-json\/wp\/v2\/types\/post"}],"author":[{"embeddable":true,"href":"https:\/\/vocesparalelas.com.ar\/sitio\/wp-json\/wp\/v2\/users\/3"}],"replies":[{"embeddable":true,"href":"https:\/\/vocesparalelas.com.ar\/sitio\/wp-json\/wp\/v2\/comments?post=70851"}],"version-history":[{"count":2,"href":"https:\/\/vocesparalelas.com.ar\/sitio\/wp-json\/wp\/v2\/posts\/70851\/revisions"}],"predecessor-version":[{"id":70855,"href":"https:\/\/vocesparalelas.com.ar\/sitio\/wp-json\/wp\/v2\/posts\/70851\/revisions\/70855"}],"wp:featuredmedia":[{"embeddable":true,"href":"https:\/\/vocesparalelas.com.ar\/sitio\/wp-json\/wp\/v2\/media\/27493"}],"wp:attachment":[{"href":"https:\/\/vocesparalelas.com.ar\/sitio\/wp-json\/wp\/v2\/media?parent=70851"}],"wp:term":[{"taxonomy":"category","embeddable":true,"href":"https:\/\/vocesparalelas.com.ar\/sitio\/wp-json\/wp\/v2\/categories?post=70851"},{"taxonomy":"post_tag","embeddable":true,"href":"https:\/\/vocesparalelas.com.ar\/sitio\/wp-json\/wp\/v2\/tags?post=70851"}],"curies":[{"name":"wp","href":"https:\/\/api.w.org\/{rel}","templated":true}]}}