{"id":70795,"date":"2024-03-27T19:37:08","date_gmt":"2024-03-27T22:37:08","guid":{"rendered":"https:\/\/vocesparalelas.com.ar\/sitio\/?p=70795"},"modified":"2024-03-30T12:24:18","modified_gmt":"2024-03-30T15:24:18","slug":"atencion-vecinos-de-santa-lucia","status":"publish","type":"post","link":"https:\/\/vocesparalelas.com.ar\/sitio\/atencion-vecinos-de-santa-lucia\/","title":{"rendered":"Atenci\u00f3n vecinos de Santa Luc\u00eda"},"content":{"rendered":"<p>La Municipalidad de la Ciudad de Santa Luc\u00eda informa los horarios para los servicios de recolecci\u00f3n de residuos y el cementerio durante el Fin de semana.<\/p>\n<p><span style=\"color: #339966;\"><strong>Recolecci\u00f3n de Residuos<\/strong><\/span><\/p>\n<ul>\n<li>Jueves 28 al Domingo, 31 de Marzo, de 8 a 20 hs.<\/li>\n<li>Lunes, 1 de Abril, de 8 a 12:30 hs.; y de 16 a 20 hs.<\/li>\n<li>Martes, 2 de Abril, de 8 a 12:30 hs.;\u00a0 y de 16 a 20 hs.<\/li>\n<\/ul>\n<p>Se solicita colaboraci\u00f3n en el manteniendo de la limpieza de las calles y cuidando el medio ambiente.<\/p>\n<p><span style=\"color: #339966;\"><strong>El Cementerio Municipal<\/strong><\/span><\/p>\n<ul>\n<li>Jueves, 28 de Marzo, horario normal.<\/li>\n<li>Viernes, 29 de Marzo, Cerrado.<\/li>\n<li>S\u00e1bado, 30 de Marzo, de 8 a 12:30 hs.; y de 16 a 20 hs.<\/li>\n<li>Domingo y Martes: Horario normal.<\/li>\n<\/ul>\n<p>&nbsp;<\/p>\n","protected":false},"excerpt":{"rendered":"<p>La Municipalidad de la Ciudad de Santa Luc\u00eda informa los horarios para los servicios de recolecci\u00f3n de residuos y el<\/p>\n","protected":false},"author":3,"featured_media":68122,"comment_status":"closed","ping_status":"closed","sticky":false,"template":"","format":"standard","meta":{"_acf_changed":false,"_seopress_robots_primary_cat":"none","_seopress_titles_title":"","_seopress_titles_desc":"","_seopress_robots_index":"","colormag_page_container_layout":"default_layout","colormag_page_sidebar_layout":"default_layout","footnotes":""},"categories":[6],"tags":[],"class_list":["post-70795","post","type-post","status-publish","format-standard","has-post-thumbnail","hentry","category-eventos"],"acf":[],"_links":{"self":[{"href":"https:\/\/vocesparalelas.com.ar\/sitio\/wp-json\/wp\/v2\/posts\/70795","targetHints":{"allow":["GET"]}}],"collection":[{"href":"https:\/\/vocesparalelas.com.ar\/sitio\/wp-json\/wp\/v2\/posts"}],"about":[{"href":"https:\/\/vocesparalelas.com.ar\/sitio\/wp-json\/wp\/v2\/types\/post"}],"author":[{"embeddable":true,"href":"https:\/\/vocesparalelas.com.ar\/sitio\/wp-json\/wp\/v2\/users\/3"}],"replies":[{"embeddable":true,"href":"https:\/\/vocesparalelas.com.ar\/sitio\/wp-json\/wp\/v2\/comments?post=70795"}],"version-history":[{"count":1,"href":"https:\/\/vocesparalelas.com.ar\/sitio\/wp-json\/wp\/v2\/posts\/70795\/revisions"}],"predecessor-version":[{"id":70798,"href":"https:\/\/vocesparalelas.com.ar\/sitio\/wp-json\/wp\/v2\/posts\/70795\/revisions\/70798"}],"wp:featuredmedia":[{"embeddable":true,"href":"https:\/\/vocesparalelas.com.ar\/sitio\/wp-json\/wp\/v2\/media\/68122"}],"wp:attachment":[{"href":"https:\/\/vocesparalelas.com.ar\/sitio\/wp-json\/wp\/v2\/media?parent=70795"}],"wp:term":[{"taxonomy":"category","embeddable":true,"href":"https:\/\/vocesparalelas.com.ar\/sitio\/wp-json\/wp\/v2\/categories?post=70795"},{"taxonomy":"post_tag","embeddable":true,"href":"https:\/\/vocesparalelas.com.ar\/sitio\/wp-json\/wp\/v2\/tags?post=70795"}],"curies":[{"name":"wp","href":"https:\/\/api.w.org\/{rel}","templated":true}]}}