{"id":70784,"date":"2024-03-27T19:02:37","date_gmt":"2024-03-27T22:02:37","guid":{"rendered":"https:\/\/vocesparalelas.com.ar\/sitio\/?p=70784"},"modified":"2024-03-29T22:38:00","modified_gmt":"2024-03-30T01:38:00","slug":"se-prorroga-la-renovacion-de-credenciales-estudiantiles-y-docentes-en-san-juan","status":"publish","type":"post","link":"https:\/\/vocesparalelas.com.ar\/sitio\/se-prorroga-la-renovacion-de-credenciales-estudiantiles-y-docentes-en-san-juan\/","title":{"rendered":"Se prorroga la renovaci\u00f3n de credenciales estudiantiles y docentes en San Juan"},"content":{"rendered":"<p>El Ministerio de Gobierno, a trav\u00e9s de la Secretar\u00eda de Tr\u00e1nsito y Transporte y junto a las empresas de transporte p\u00fablico de San Juan, estableci\u00f3 una pr\u00f3rroga en el vencimiento de las credenciales estudiantiles y docentes, poniendo como nuevo plazo para su renovaci\u00f3n el d\u00eda 15 de abril de 2024.<\/p>\n<p>Esto permitir\u00e1 que quienes no hayan actualizado sus credenciales puedan continuar accediendo al beneficio del precio diferenciado en el pasaje de colectivo en cualquier l\u00ednea de la Red Tulum, extendiendo la medida hasta el 15 de abril, fecha en la cual los pasajeros deber\u00e1n contar con sus credenciales nuevas para el descuento en su pasaje.<\/p>\n<blockquote class=\"wp-embedded-content\" data-secret=\"iglovTbLbu\"><p><a href=\"https:\/\/vocesparalelas.com.ar\/sitio\/requisitos-credencial-estudiantil-unica-para-estudiantes-secundario-universitario-y-docentes-en-san-juan\/\">Requisitos \u00abCredencial Estudiantil \u00danica\u00bb para Estudiantes Secundario, Universitario y Docentes en San Juan<\/a><\/p><\/blockquote>\n<p><iframe loading=\"lazy\" class=\"wp-embedded-content\" sandbox=\"allow-scripts\" security=\"restricted\" style=\"position: absolute; clip: rect(1px, 1px, 1px, 1px);\" title=\"\u00abRequisitos \u00abCredencial Estudiantil \u00danica\u00bb para Estudiantes Secundario, Universitario y Docentes en San Juan\u00bb \u2014 Voces Paralelas\" src=\"https:\/\/vocesparalelas.com.ar\/sitio\/requisitos-credencial-estudiantil-unica-para-estudiantes-secundario-universitario-y-docentes-en-san-juan\/embed\/#?secret=bC1EQ8zcLL#?secret=iglovTbLbu\" data-secret=\"iglovTbLbu\" width=\"600\" height=\"338\" frameborder=\"0\" marginwidth=\"0\" marginheight=\"0\" scrolling=\"no\"><\/iframe><\/p>\n","protected":false},"excerpt":{"rendered":"<p>El Ministerio de Gobierno, a trav\u00e9s de la Secretar\u00eda de Tr\u00e1nsito y Transporte y junto a las empresas de transporte<\/p>\n","protected":false},"author":3,"featured_media":60984,"comment_status":"closed","ping_status":"closed","sticky":false,"template":"","format":"standard","meta":{"_acf_changed":false,"_seopress_robots_primary_cat":"none","_seopress_titles_title":"","_seopress_titles_desc":"","_seopress_robots_index":"","colormag_page_container_layout":"default_layout","colormag_page_sidebar_layout":"default_layout","footnotes":""},"categories":[2],"tags":[],"class_list":["post-70784","post","type-post","status-publish","format-standard","has-post-thumbnail","hentry","category-convocatorias"],"acf":[],"_links":{"self":[{"href":"https:\/\/vocesparalelas.com.ar\/sitio\/wp-json\/wp\/v2\/posts\/70784","targetHints":{"allow":["GET"]}}],"collection":[{"href":"https:\/\/vocesparalelas.com.ar\/sitio\/wp-json\/wp\/v2\/posts"}],"about":[{"href":"https:\/\/vocesparalelas.com.ar\/sitio\/wp-json\/wp\/v2\/types\/post"}],"author":[{"embeddable":true,"href":"https:\/\/vocesparalelas.com.ar\/sitio\/wp-json\/wp\/v2\/users\/3"}],"replies":[{"embeddable":true,"href":"https:\/\/vocesparalelas.com.ar\/sitio\/wp-json\/wp\/v2\/comments?post=70784"}],"version-history":[{"count":1,"href":"https:\/\/vocesparalelas.com.ar\/sitio\/wp-json\/wp\/v2\/posts\/70784\/revisions"}],"predecessor-version":[{"id":70787,"href":"https:\/\/vocesparalelas.com.ar\/sitio\/wp-json\/wp\/v2\/posts\/70784\/revisions\/70787"}],"wp:featuredmedia":[{"embeddable":true,"href":"https:\/\/vocesparalelas.com.ar\/sitio\/wp-json\/wp\/v2\/media\/60984"}],"wp:attachment":[{"href":"https:\/\/vocesparalelas.com.ar\/sitio\/wp-json\/wp\/v2\/media?parent=70784"}],"wp:term":[{"taxonomy":"category","embeddable":true,"href":"https:\/\/vocesparalelas.com.ar\/sitio\/wp-json\/wp\/v2\/categories?post=70784"},{"taxonomy":"post_tag","embeddable":true,"href":"https:\/\/vocesparalelas.com.ar\/sitio\/wp-json\/wp\/v2\/tags?post=70784"}],"curies":[{"name":"wp","href":"https:\/\/api.w.org\/{rel}","templated":true}]}}