{"id":70761,"date":"2024-03-26T20:44:42","date_gmt":"2024-03-26T23:44:42","guid":{"rendered":"https:\/\/vocesparalelas.com.ar\/sitio\/?p=70761"},"modified":"2024-03-29T22:38:34","modified_gmt":"2024-03-30T01:38:34","slug":"obras-publicas-esperan-y-reparacion-de-edificios-escolares-en-san-juan","status":"publish","type":"post","link":"https:\/\/vocesparalelas.com.ar\/sitio\/obras-publicas-esperan-y-reparacion-de-edificios-escolares-en-san-juan\/","title":{"rendered":"Obras P\u00fablicas esperan y reparaci\u00f3n de edificios escolares en San Juan"},"content":{"rendered":"<p>El Ministro de Infraestructura, Agua y Energ\u00eda del Gobierno de San Juan, Arq. Fernando Perea hizo declaraciones sobre Obras P\u00fablicas esperan y reparaci\u00f3n de edificios escolares.<\/p>\n<p><iframe loading=\"lazy\" title=\"SAN JUAN MINISTRO ARQ PEREA\" width=\"800\" height=\"450\" src=\"https:\/\/www.youtube.com\/embed\/egxHDou9BzY?feature=oembed\" frameborder=\"0\" allow=\"accelerometer; autoplay; clipboard-write; encrypted-media; gyroscope; picture-in-picture; web-share\" referrerpolicy=\"strict-origin-when-cross-origin\" allowfullscreen><\/iframe><\/p>\n<p>&nbsp;<\/p>\n<p>&nbsp;<\/p>\n","protected":false},"excerpt":{"rendered":"<p>El Ministro de Infraestructura, Agua y Energ\u00eda del Gobierno de San Juan, Arq. Fernando Perea hizo declaraciones sobre Obras P\u00fablicas<\/p>\n","protected":false},"author":3,"featured_media":70764,"comment_status":"closed","ping_status":"closed","sticky":false,"template":"","format":"standard","meta":{"_acf_changed":false,"_seopress_robots_primary_cat":"none","_seopress_titles_title":"","_seopress_titles_desc":"","_seopress_robots_index":"","colormag_page_container_layout":"default_layout","colormag_page_sidebar_layout":"default_layout","footnotes":""},"categories":[10,7],"tags":[],"class_list":["post-70761","post","type-post","status-publish","format-standard","has-post-thumbnail","hentry","category-opiniones","category-videos"],"acf":[],"_links":{"self":[{"href":"https:\/\/vocesparalelas.com.ar\/sitio\/wp-json\/wp\/v2\/posts\/70761","targetHints":{"allow":["GET"]}}],"collection":[{"href":"https:\/\/vocesparalelas.com.ar\/sitio\/wp-json\/wp\/v2\/posts"}],"about":[{"href":"https:\/\/vocesparalelas.com.ar\/sitio\/wp-json\/wp\/v2\/types\/post"}],"author":[{"embeddable":true,"href":"https:\/\/vocesparalelas.com.ar\/sitio\/wp-json\/wp\/v2\/users\/3"}],"replies":[{"embeddable":true,"href":"https:\/\/vocesparalelas.com.ar\/sitio\/wp-json\/wp\/v2\/comments?post=70761"}],"version-history":[{"count":2,"href":"https:\/\/vocesparalelas.com.ar\/sitio\/wp-json\/wp\/v2\/posts\/70761\/revisions"}],"predecessor-version":[{"id":70766,"href":"https:\/\/vocesparalelas.com.ar\/sitio\/wp-json\/wp\/v2\/posts\/70761\/revisions\/70766"}],"wp:featuredmedia":[{"embeddable":true,"href":"https:\/\/vocesparalelas.com.ar\/sitio\/wp-json\/wp\/v2\/media\/70764"}],"wp:attachment":[{"href":"https:\/\/vocesparalelas.com.ar\/sitio\/wp-json\/wp\/v2\/media?parent=70761"}],"wp:term":[{"taxonomy":"category","embeddable":true,"href":"https:\/\/vocesparalelas.com.ar\/sitio\/wp-json\/wp\/v2\/categories?post=70761"},{"taxonomy":"post_tag","embeddable":true,"href":"https:\/\/vocesparalelas.com.ar\/sitio\/wp-json\/wp\/v2\/tags?post=70761"}],"curies":[{"name":"wp","href":"https:\/\/api.w.org\/{rel}","templated":true}]}}