{"id":70756,"date":"2024-03-26T21:19:15","date_gmt":"2024-03-27T00:19:15","guid":{"rendered":"https:\/\/vocesparalelas.com.ar\/sitio\/?p=70756"},"modified":"2024-03-28T23:38:03","modified_gmt":"2024-03-29T02:38:03","slug":"ciclo-solo-de-guitarra-presenta-cuerdas-al-viento","status":"publish","type":"post","link":"https:\/\/vocesparalelas.com.ar\/sitio\/ciclo-solo-de-guitarra-presenta-cuerdas-al-viento\/","title":{"rendered":"Ciclo S\u00f3lo de Guitarra presenta \u00abCuerdas al Viento\u00bb"},"content":{"rendered":"<p>El S\u00e1bado, 6 de Abril, a las 22 hs.; en el Anfiteatro Buenaventura Luna del Complejo Ing. Juan Victoria, con Entrada libre y gratuita, se desarrolla el Ciclo Solo de Guitarra presenta \u00abCuerdas al Viento\u00bb.<\/p>\n<p><strong><span style=\"color: #ff6600;\">Act\u00faan<\/span><\/strong><\/p>\n<ul>\n<li>Jonatan Vera &#8211; Guitarra<\/li>\n<li>Flavia Dom\u00ednguez &#8211; Palabras<\/li>\n<li>Ariel Curth &#8211; Artista pl\u00e1stico<\/li>\n<li>Rolando Garc\u00eda G\u00f3mez &#8211; M\u00fasico Invitado<\/li>\n<\/ul>\n<p>Adem\u00e1s, acompa\u00f1a la Feria de emprendedores La Lolita, desde las 18 hs.<\/p>\n<p><span style=\"color: #ff6600;\"><strong>Auspician<\/strong><\/span><\/p>\n<ul>\n<li>MINERVA<\/li>\n<li>La Lolita<\/li>\n<li>Complejo Auditorio Ing. Juan Victoria<\/li>\n<li>San Juan Gobierno<\/li>\n<li>Ministerio de Turismo, Cultura y Deporte<\/li>\n<\/ul>\n<p><img loading=\"lazy\" decoding=\"async\" class=\"alignnone size-full wp-image-68678\" src=\"https:\/\/vocesparalelas.com.ar\/sitio\/wp-content\/uploads\/2024\/01\/ANFITEATRO-AUDITORIO.jpg\" alt=\"\" width=\"800\" height=\"600\" srcset=\"https:\/\/vocesparalelas.com.ar\/sitio\/wp-content\/uploads\/2024\/01\/ANFITEATRO-AUDITORIO.jpg 800w, https:\/\/vocesparalelas.com.ar\/sitio\/wp-content\/uploads\/2024\/01\/ANFITEATRO-AUDITORIO-300x225.jpg 300w, https:\/\/vocesparalelas.com.ar\/sitio\/wp-content\/uploads\/2024\/01\/ANFITEATRO-AUDITORIO-768x576.jpg 768w\" sizes=\"auto, (max-width: 800px) 100vw, 800px\" \/><\/p>\n","protected":false},"excerpt":{"rendered":"<p>El S\u00e1bado, 6 de Abril, a las 22 hs.; en el Anfiteatro Buenaventura Luna del Complejo Ing. Juan Victoria, con<\/p>\n","protected":false},"author":3,"featured_media":24065,"comment_status":"closed","ping_status":"closed","sticky":false,"template":"","format":"standard","meta":{"_acf_changed":false,"_seopress_robots_primary_cat":"none","_seopress_titles_title":"","_seopress_titles_desc":"","_seopress_robots_index":"","colormag_page_container_layout":"default_layout","colormag_page_sidebar_layout":"default_layout","footnotes":""},"categories":[20],"tags":[],"class_list":["post-70756","post","type-post","status-publish","format-standard","has-post-thumbnail","hentry","category-cartelera"],"acf":[],"_links":{"self":[{"href":"https:\/\/vocesparalelas.com.ar\/sitio\/wp-json\/wp\/v2\/posts\/70756","targetHints":{"allow":["GET"]}}],"collection":[{"href":"https:\/\/vocesparalelas.com.ar\/sitio\/wp-json\/wp\/v2\/posts"}],"about":[{"href":"https:\/\/vocesparalelas.com.ar\/sitio\/wp-json\/wp\/v2\/types\/post"}],"author":[{"embeddable":true,"href":"https:\/\/vocesparalelas.com.ar\/sitio\/wp-json\/wp\/v2\/users\/3"}],"replies":[{"embeddable":true,"href":"https:\/\/vocesparalelas.com.ar\/sitio\/wp-json\/wp\/v2\/comments?post=70756"}],"version-history":[{"count":2,"href":"https:\/\/vocesparalelas.com.ar\/sitio\/wp-json\/wp\/v2\/posts\/70756\/revisions"}],"predecessor-version":[{"id":70760,"href":"https:\/\/vocesparalelas.com.ar\/sitio\/wp-json\/wp\/v2\/posts\/70756\/revisions\/70760"}],"wp:featuredmedia":[{"embeddable":true,"href":"https:\/\/vocesparalelas.com.ar\/sitio\/wp-json\/wp\/v2\/media\/24065"}],"wp:attachment":[{"href":"https:\/\/vocesparalelas.com.ar\/sitio\/wp-json\/wp\/v2\/media?parent=70756"}],"wp:term":[{"taxonomy":"category","embeddable":true,"href":"https:\/\/vocesparalelas.com.ar\/sitio\/wp-json\/wp\/v2\/categories?post=70756"},{"taxonomy":"post_tag","embeddable":true,"href":"https:\/\/vocesparalelas.com.ar\/sitio\/wp-json\/wp\/v2\/tags?post=70756"}],"curies":[{"name":"wp","href":"https:\/\/api.w.org\/{rel}","templated":true}]}}