{"id":70749,"date":"2024-03-26T22:13:27","date_gmt":"2024-03-27T01:13:27","guid":{"rendered":"https:\/\/vocesparalelas.com.ar\/sitio\/?p=70749"},"modified":"2024-03-27T22:16:24","modified_gmt":"2024-03-28T01:16:24","slug":"programa-de-apoyo-a-las-pymes-y-emprendedores-de-san-juan","status":"publish","type":"post","link":"https:\/\/vocesparalelas.com.ar\/sitio\/programa-de-apoyo-a-las-pymes-y-emprendedores-de-san-juan\/","title":{"rendered":"Programa de apoyo a las PyMES y emprendedores de San Juan"},"content":{"rendered":"<p>En Casa de Gobierno, el gobernador de San Juan, Dr. Marcelo Orrego, el vicegobernador, Dr. Fabi\u00e1n Mart\u00edn y el Ministro de Producci\u00f3n, de Trabajo e Innovaci\u00f3n, CPN Gustavo Fern\u00e1ndez lanzaron el Programa de apoyo a las PyMES y emprendedores para apalear la situaci\u00f3n econ\u00f3mica que atraviesa San Juan y la Rep\u00fablica Argentina.<\/p>\n<p>Es importante destacar que, son cr\u00e9ditos destinados a financiar el Capital Trabajo o Bienes de Capital, Proyectos de Asistencia T\u00e9cnica, consultor\u00eda y capacitaci\u00f3n.<\/p>\n<p><img loading=\"lazy\" decoding=\"async\" class=\"alignnone size-full wp-image-70752\" src=\"https:\/\/vocesparalelas.com.ar\/sitio\/wp-content\/uploads\/2024\/03\/SAN-JUAN-CREDITOS-02.jpg\" alt=\"\" width=\"800\" height=\"533\" srcset=\"https:\/\/vocesparalelas.com.ar\/sitio\/wp-content\/uploads\/2024\/03\/SAN-JUAN-CREDITOS-02.jpg 800w, https:\/\/vocesparalelas.com.ar\/sitio\/wp-content\/uploads\/2024\/03\/SAN-JUAN-CREDITOS-02-300x200.jpg 300w, https:\/\/vocesparalelas.com.ar\/sitio\/wp-content\/uploads\/2024\/03\/SAN-JUAN-CREDITOS-02-768x512.jpg 768w\" sizes=\"auto, (max-width: 800px) 100vw, 800px\" \/><\/p>\n<p>Por ello, el Gobernador de San Juan, Dr. Marcelo Orrego preocupado y con el fin aportar ayuda con herramientas financieras para sostener el empleo y activar la econom\u00eda de San Juan.<\/p>\n<p><iframe loading=\"lazy\" title=\"SAN JUAN GOBERNADOR DR MARCELO ORREGO\" width=\"800\" height=\"450\" src=\"https:\/\/www.youtube.com\/embed\/PkCkWdEqYmk?feature=oembed\" frameborder=\"0\" allow=\"accelerometer; autoplay; clipboard-write; encrypted-media; gyroscope; picture-in-picture; web-share\" referrerpolicy=\"strict-origin-when-cross-origin\" allowfullscreen><\/iframe><\/p>\n<p>&nbsp;<\/p>\n<p>Luego, el Ministro de Producci\u00f3n, de Trabajo e Innovaci\u00f3n, CPN Gustavo Fern\u00e1ndez describi\u00f3 el contenido de cada uno de los cr\u00e9ditos.<\/p>\n<p><iframe loading=\"lazy\" title=\"SAN JUAN MINISTRO CPN GUSTAVO FERN\u00c1NDEZ\" width=\"800\" height=\"450\" src=\"https:\/\/www.youtube.com\/embed\/HmKR3jCOlRQ?feature=oembed\" frameborder=\"0\" allow=\"accelerometer; autoplay; clipboard-write; encrypted-media; gyroscope; picture-in-picture; web-share\" referrerpolicy=\"strict-origin-when-cross-origin\" allowfullscreen><\/iframe><\/p>\n<p>Para finalizar por su compromisos protocolares, el Gobernador, Dr. Marcelo Orrego invit\u00f3 a que se sumaran a los cr\u00e9ditos para lograr que los trabajadores conserven su trabajo.<\/p>\n<p><iframe loading=\"lazy\" title=\"SAN JUAN GOBERNADOR DR MARCELO ORREGO\" width=\"800\" height=\"450\" src=\"https:\/\/www.youtube.com\/embed\/JI0K0eNpw1Y?feature=oembed\" frameborder=\"0\" allow=\"accelerometer; autoplay; clipboard-write; encrypted-media; gyroscope; picture-in-picture; web-share\" referrerpolicy=\"strict-origin-when-cross-origin\" allowfullscreen><\/iframe><\/p>\n<p>&nbsp;<\/p>\n<p>Adem\u00e1s, estuvieron los titulares de las agencias mediante las que se instrumentan las distintas l\u00edneas crediticias:<\/p>\n<p><img loading=\"lazy\" decoding=\"async\" class=\"alignnone size-large wp-image-70754\" src=\"https:\/\/vocesparalelas.com.ar\/sitio\/wp-content\/uploads\/2024\/03\/SAN-JUAN-CREDITOS-03.jpg\" alt=\"\" width=\"800\" height=\"533\" srcset=\"https:\/\/vocesparalelas.com.ar\/sitio\/wp-content\/uploads\/2024\/03\/SAN-JUAN-CREDITOS-03.jpg 800w, https:\/\/vocesparalelas.com.ar\/sitio\/wp-content\/uploads\/2024\/03\/SAN-JUAN-CREDITOS-03-300x200.jpg 300w, https:\/\/vocesparalelas.com.ar\/sitio\/wp-content\/uploads\/2024\/03\/SAN-JUAN-CREDITOS-03-768x512.jpg 768w\" sizes=\"auto, (max-width: 800px) 100vw, 800px\" \/><\/p>\n<ul>\n<li>director de Agencia Calidad San Juan, Manuel Rodr\u00edguez<\/li>\n<li>Agencia San Juan de Inversiones, Mart\u00edn Palisa<\/li>\n<li>Presidente de Fiduciaria San Juan, Gustavo Gelusini<\/li>\n<\/ul>\n<p>Ellos se sumaron a la mesa acad\u00e9mica para responder preguntas de los Periodistas San Juan que fueron respondidas.<\/p>\n<p><iframe loading=\"lazy\" title=\"SAN JUAN MINISTRO CPN GUSTAVO FERN\u00c1NDEZ\" width=\"800\" height=\"450\" src=\"https:\/\/www.youtube.com\/embed\/6nK-GjVw2LU?feature=oembed\" frameborder=\"0\" allow=\"accelerometer; autoplay; clipboard-write; encrypted-media; gyroscope; picture-in-picture; web-share\" referrerpolicy=\"strict-origin-when-cross-origin\" allowfullscreen><\/iframe><\/p>\n<p>&nbsp;<\/p>\n<p><strong><span style=\"color: #339966;\">El programa abarca<\/span><\/strong><\/p>\n<div id=\"taboola-below-article-1\" class=\"taboola-below-article trc_related_container trc_spotlight_widget\">\n<ol>\n<li>Microcr\u00e9ditos a emprendedores en actividad para capital de trabajo y\/o herramientas o bienes de capital mediante la Agencia Calidad San Juan. Una l\u00ednea total de $500 millones: en pr\u00e9stamos de hasta $1 mill\u00f3n para capital de trabajo y hasta $4 millones para bienes de capital.<\/li>\n<\/ol>\n<ul>\n<li>Los plazos de pago para capital de trabajo ser\u00e1n de 12 meses y para los pr\u00e9stamos de bienes de capital de hasta 36 meses.<\/li>\n<li>Las tasas, ser\u00e1n del 29%.<\/li>\n<li>Para todos los casos, la garant\u00eda ser\u00e1 mediante cheque de pago diferido propio o de terceros.<\/li>\n<li>Para acceder a estas l\u00edneas hay que dirigirse a la Agencia ubicada en 25 de Mayo este 577 con la copia del D.N.I. del solicitante, la constancia vigente de inscripci\u00f3n ante la A.F.I.P vigente, inscripci\u00f3n de Ingresos Brutos, presupuesto formal expresado en pesos argentinos por cada bien a adquirir.<\/li>\n<li>En caso de ser persona jur\u00eddica deber\u00e1 presentar contrato o estatuto social; en cuanto a los proveedores deber\u00e1 indicar CBU\/CVU.<\/li>\n<li>Para financiar bienes de capital, deber\u00e1n presentar tambi\u00e9n certificado Mi PYME vigente, donde conste ser de la categor\u00eda de microempresa.<\/li>\n<\/ul>\n<ol start=\"2\">\n<li>Cr\u00e9ditos a Pymes de los sectores comercio, industria y servicios para capital de trabajo y\/o bienes de capital, herramientas o equipamiento mediante <strong>Fiduciaria San Juan<\/strong>. <strong>Una l\u00ednea total de $2.500 millones<\/strong>: en pr\u00e9stamos de hasta $8 millones para capital de trabajo y hasta $30 millones para bienes de capital.<\/li>\n<\/ol>\n<ul>\n<li>Los plazos de pago para capital de trabajo ser\u00e1n de 12 meses y para los pr\u00e9stamos de bienes de capital de hasta 36 meses.<\/li>\n<li>Las tasas ser\u00e1n del 34%.<\/li>\n<li>El requisito fundamental para acceder a estos cr\u00e9ditos es tener el certificado Mi PYME. A lo que se suma presentaci\u00f3n de certificado de Cumplimiento Fiscal, Iva o pagos de monotributo, DDJJ y, balances en el caso de ser una empresa. Las consultas pueden responderse en las oficinas de C\u00f3rdoba 390 este o en <a href=\"https:\/\/fiduciariasanjuan.com\/\">https:\/\/fiduciariasanjuan.com\/<\/a><\/li>\n<li>La garant\u00eda para los cr\u00e9ditos de capital de trabajo, ser\u00e1 mediante cheque de pago diferido propio o de terceros. En tanto, para bienes de capital, puede ser aval de SGR, garant\u00eda San Juan, seguro de cauci\u00f3n, prenda o hipoteca.<\/li>\n<\/ul>\n<p><img loading=\"lazy\" decoding=\"async\" class=\"alignnone size-full wp-image-65642\" src=\"https:\/\/vocesparalelas.com.ar\/sitio\/wp-content\/uploads\/2023\/11\/GOBIERNO-SAN-JUAN.jpg\" alt=\"\" width=\"800\" height=\"600\" srcset=\"https:\/\/vocesparalelas.com.ar\/sitio\/wp-content\/uploads\/2023\/11\/GOBIERNO-SAN-JUAN.jpg 800w, https:\/\/vocesparalelas.com.ar\/sitio\/wp-content\/uploads\/2023\/11\/GOBIERNO-SAN-JUAN-300x225.jpg 300w, https:\/\/vocesparalelas.com.ar\/sitio\/wp-content\/uploads\/2023\/11\/GOBIERNO-SAN-JUAN-768x576.jpg 768w\" sizes=\"auto, (max-width: 800px) 100vw, 800px\" \/><\/p>\n<\/div>\n","protected":false},"excerpt":{"rendered":"<p>En Casa de Gobierno, el gobernador de San Juan, Dr. Marcelo Orrego, el vicegobernador, Dr. Fabi\u00e1n Mart\u00edn y el Ministro<\/p>\n","protected":false},"author":3,"featured_media":70753,"comment_status":"closed","ping_status":"closed","sticky":false,"template":"","format":"standard","meta":{"_acf_changed":false,"_seopress_robots_primary_cat":"none","_seopress_titles_title":"","_seopress_titles_desc":"","_seopress_robots_index":"","colormag_page_container_layout":"default_layout","colormag_page_sidebar_layout":"default_layout","footnotes":""},"categories":[11,7],"tags":[],"class_list":["post-70749","post","type-post","status-publish","format-standard","has-post-thumbnail","hentry","category-sociales","category-videos"],"acf":[],"_links":{"self":[{"href":"https:\/\/vocesparalelas.com.ar\/sitio\/wp-json\/wp\/v2\/posts\/70749","targetHints":{"allow":["GET"]}}],"collection":[{"href":"https:\/\/vocesparalelas.com.ar\/sitio\/wp-json\/wp\/v2\/posts"}],"about":[{"href":"https:\/\/vocesparalelas.com.ar\/sitio\/wp-json\/wp\/v2\/types\/post"}],"author":[{"embeddable":true,"href":"https:\/\/vocesparalelas.com.ar\/sitio\/wp-json\/wp\/v2\/users\/3"}],"replies":[{"embeddable":true,"href":"https:\/\/vocesparalelas.com.ar\/sitio\/wp-json\/wp\/v2\/comments?post=70749"}],"version-history":[{"count":3,"href":"https:\/\/vocesparalelas.com.ar\/sitio\/wp-json\/wp\/v2\/posts\/70749\/revisions"}],"predecessor-version":[{"id":70794,"href":"https:\/\/vocesparalelas.com.ar\/sitio\/wp-json\/wp\/v2\/posts\/70749\/revisions\/70794"}],"wp:featuredmedia":[{"embeddable":true,"href":"https:\/\/vocesparalelas.com.ar\/sitio\/wp-json\/wp\/v2\/media\/70753"}],"wp:attachment":[{"href":"https:\/\/vocesparalelas.com.ar\/sitio\/wp-json\/wp\/v2\/media?parent=70749"}],"wp:term":[{"taxonomy":"category","embeddable":true,"href":"https:\/\/vocesparalelas.com.ar\/sitio\/wp-json\/wp\/v2\/categories?post=70749"},{"taxonomy":"post_tag","embeddable":true,"href":"https:\/\/vocesparalelas.com.ar\/sitio\/wp-json\/wp\/v2\/tags?post=70749"}],"curies":[{"name":"wp","href":"https:\/\/api.w.org\/{rel}","templated":true}]}}