{"id":70693,"date":"2024-03-25T21:18:16","date_gmt":"2024-03-26T00:18:16","guid":{"rendered":"https:\/\/vocesparalelas.com.ar\/sitio\/?p=70693"},"modified":"2024-03-26T23:20:32","modified_gmt":"2024-03-27T02:20:32","slug":"cronograma-de-actividades-para-la-familia-en-rivadavia","status":"publish","type":"post","link":"https:\/\/vocesparalelas.com.ar\/sitio\/cronograma-de-actividades-para-la-familia-en-rivadavia\/","title":{"rendered":"Cronograma de actividades para la familia en Rivadavia"},"content":{"rendered":"<p>La Municipalidad de la Ciudad de Rivadavia coordin\u00f3 con sus diferentes \u00e1reas y prestadores tur\u00edsticos, un cronograma de actividades para la familia para el per\u00edodo del Mi\u00e9rcoles, 27 de Marzo al Martes 2 de Abril.<\/p>\n<p>Teniendo en cuenta, la suspensi\u00f3n administrativo en Argentina, por celebrarse la Semana Santa y los feriados tur\u00edstico y por los veteranos y ca\u00eddos en Malvinas, desde la gesti\u00f3n del Intendente Sergio Miodowsky, se confeccion\u00f3 un completo men\u00fa de opciones para todos los gustos.<\/p>\n<p>En una acci\u00f3n colaborativa entre el sector p\u00fablico y el privado, el departamento ofrecer\u00e1 desde eventos culturales con m\u00fasica, actuaci\u00f3n y danza en vivo a ferias y degustaciones, pasando por visitas guiadas, paseos y pr\u00e1ctica deportiva.<\/p>\n<p>Se destacan dentro de la programaci\u00f3n: la Camerata San Juan en la Quebrada, la Visita a las Siete Iglesias en minib\u00fas y la Pascua Flamenca en el Parque.<\/p>\n<p>Rivadavia Ciudad y su Intendente, coordinaron una serie de eventos de baja erogaci\u00f3n, en com\u00fan acci\u00f3n con el Gobierno de San Juan y los emprendedores privados del departamento, para fomentar el turismo y as\u00ed potenciar un c\u00edrculo virtuoso que reactiva las econom\u00edas departamentales.<\/p>\n<p><strong><span style=\"color: #339966;\">Programa<\/span><\/strong><\/p>\n<p><strong><span style=\"color: #339966;\">Mi\u00e9rcoles, 27 de Marzo, a las 21 hs \u00abMELODIAS DE LA QUEBRADA\u00bb<\/span><\/strong><\/p>\n<p>Concierto de la Camerata San Juan en Jardines de la Hoster\u00eda, sumado a intervenci\u00f3n del artista pl\u00e1stico Gabriel Burkhard y degustaciones de productos regionales.<\/p>\n<p><span style=\"color: #339966;\"><strong>Lugar:<\/strong><\/span> Plaza Jardines de la Hoster\u00eda \u2013 Quebrada de Zonda<\/p>\n<p><span style=\"color: #339966;\"><strong>Hora:<\/strong><\/span> 21hs.<\/p>\n<p><span style=\"color: #339966;\"><strong>Informaci\u00f3n:<\/strong> <\/span>2644417892<\/p>\n<p><strong>\u00a0<\/strong><\/p>\n<p><span style=\"color: #339966;\">Jueves Santo 28 De Marzo &#8211; 20hs<\/span><\/p>\n<p><span style=\"color: #339966;\">TURISMO RELIGIOSO \u2013 VISITA A LAS 7 IGLESIAS<\/span><\/p>\n<p>Recorrido de tradici\u00f3n cat\u00f3lica en minib\u00fas por los 7 templos caracter\u00edsticos del departamento:<\/p>\n<ul>\n<li>Capilla Mar\u00eda Auxiliadora &#8211; Barrio Rivadavia Norte<\/li>\n<li>Parroquia Nuestra Se\u00f1ora de Andacollo &#8211; La Bebida<\/li>\n<li>Parroquia Sagrado Coraz\u00f3n de Jes\u00fas \u2013 Marquesado<\/li>\n<li>Capilla Sant\u00edsimo Sacramento &#8211; Barrio Camus<\/li>\n<li>Parroquia Divino Salvador \u2013 Univ. Cat\u00f3lica de Cuyo<\/li>\n<li>Parroquia Mar\u00eda Madre de Dios &#8211; Barrio Aramburu<\/li>\n<li>Bas\u00edlica Nuestra Se\u00f1ora de los Desamparados<\/li>\n<\/ul>\n<p>&nbsp;<\/p>\n<p><strong><span style=\"color: #339966;\">Punto de encuentro:<\/span><\/strong> CIT Rivadavia (Av. Libertador esquina R. Calivar)<\/p>\n<p>&nbsp;<\/p>\n<p>Actividad totalmente gratuita con cupos limitados. Horario a confirmar<\/p>\n<p><span style=\"color: #339966;\"><strong>Informaci\u00f3n:<\/strong> <\/span>2644417892<\/p>\n<p><strong>\u00a0<\/strong><\/p>\n<p><span style=\"color: #339966;\"><strong>Jueves Santo 28 De Marzo &#8211; 19hs.<\/strong><\/span><\/p>\n<p><span style=\"color: #339966;\"><strong>EXPOARTE<\/strong><\/span><\/p>\n<p>Feria de artesanos y emprendedores, intervenciones de danza y\u00a0 show de m\u00fasica en vivo.<\/p>\n<p><strong>Lugar:<\/strong> Plaza C\u00edvica del Parque de Rivadavia<\/p>\n<p><span style=\"color: #339966;\"><strong>Hora:<\/strong><\/span> 19hs.<\/p>\n<p><strong>\u00a0<\/strong><\/p>\n<p><strong>\u00a0<\/strong><\/p>\n<p><span style=\"color: #339966;\"><strong>Jueves Santo 28 De Marzo<\/strong><\/span><\/p>\n<p><span style=\"color: #339966;\"><strong>TURISMO RELIGIOSO \u2013 PROGRAMACION DE LAS IGLESIAS<\/strong><\/span><\/p>\n<p><span style=\"color: #339966;\"><strong>BASILICA NTRA. SRA. DE LOS DESAMPARADOS<\/strong><\/span><\/p>\n<p>20hs &#8211; Misa Lavado de pies<\/p>\n<p><span style=\"color: #339966;\"><strong>PARROQUIA SAGRADO CORAZON &#8211; MARQUESADO<\/strong><\/span><\/p>\n<p>18hs &#8211; Cena hebraica (Pascua Jud\u00eda)<\/p>\n<p>21hs &#8211; Celebraci\u00f3n de la \u00faltima cena &#8211; Misa de lavado de pies<\/p>\n<p><span style=\"color: #339966;\"><strong>PARROQUIA MARIA MADRE DE DIOS \u2013 BARRIO ARAMBURU<\/strong><\/span><\/p>\n<p>21hs &#8211; Misa de lavado de pies<\/p>\n<p><span style=\"color: #339966;\"><strong>PARROQUIA NTRA. SRA. DEL ROSARIO DE ANDACOLLO &#8211; LA BEBIDA<\/strong><\/span><\/p>\n<p>18hs &#8211; Cena hebraica (Pascua Jud\u00eda)<\/p>\n<p>21hs &#8211; Celebraci\u00f3n de la \u00faltima cena \u2013 Misa de lavado de pies<\/p>\n<p><span style=\"color: #339966;\"><strong>PARROQUIA DIVINO SALVADOR &#8211; UNIVERSIDAD CATOLICA DE CUYO<\/strong><\/span><\/p>\n<p>20hs &#8211; Celebraci\u00f3n de la \u00faltima cena &#8211; Misa de lavado de pies<\/p>\n<p><strong>\u00a0<\/strong><\/p>\n<p><span style=\"color: #339966;\"><strong>Viernes 29 de marzo \u2013 20hs.<\/strong><\/span><\/p>\n<p><span style=\"color: #339966;\"><strong>VIACRUCIS <\/strong><\/span><\/p>\n<p>Camino de la Cruz desde la Parroquia Sagrado Coraz\u00f3n de Jes\u00fas hasta calles Teniente Galindez y Sgto. Baigorria. Predio del RIM 22 en Marquesado.<\/p>\n<p><span style=\"color: #339966;\"><strong>Punto de encuentro:<\/strong> <\/span>Parroquia Sagrado Coraz\u00f3n de Jes\u00fas, Marquesado.<\/p>\n<p><strong><span style=\"color: #339966;\">Duraci\u00f3n:<\/span> <\/strong>2 horas aproximadamente.<\/p>\n<p><span style=\"color: #339966;\"><strong>Organizan:<\/strong> <\/span>Miembros de la Parroquia Sagrado Coraz\u00f3n de Jes\u00fas<\/p>\n<p><strong>\u00a0<\/strong><\/p>\n<p><span style=\"color: #339966;\"><strong>Viernes 29 De Marzo<\/strong><\/span><\/p>\n<p><span style=\"color: #339966;\"><strong>TURISMO RELIGIOSO &#8211; PROGRAMACION DE LAS IGLESIAS<\/strong><\/span><\/p>\n<p><span style=\"color: #339966;\"><strong>BASILICA NTRA. SRA. DE LOS DESAMPARADOS \u2013 ZONA CENTRO<\/strong><\/span><\/p>\n<p>20hs &#8211;<\/p>\n<p><span style=\"color: #339966;\"><strong>PARROQUIA SAGRADO CORAZON &#8211; MARQUESADO<\/strong><\/span><\/p>\n<p>19hs &#8211; V\u00eda Crucis viviente<\/p>\n<p><span style=\"color: #339966;\"><strong>PARROQUIA MARIA MADRE DE DIOS \u2013 B\u00ba ARAMBURU<\/strong><\/span><\/p>\n<p>15hs &#8211; Celebraci\u00f3n de la Pasi\u00f3n<\/p>\n<p>21hs &#8211; V\u00eda Crucis viviente<\/p>\n<p><span style=\"color: #339966;\"><strong>PARROQUIA NTRA. SRA. DEL ROSARIO DE ANDACOLLO \u2013 LA BEBIDA<\/strong><\/span><\/p>\n<p>19hs &#8211; V\u00eda Crucis viviente<\/p>\n<p>21hs &#8211; Celebraci\u00f3n de la Pasi\u00f3n<\/p>\n<p><span style=\"color: #339966;\"><strong>PARROQUIA DIVINO SALVADOR \u2013 UNIVERSIDAD CATOLICA DE CUYO<\/strong><\/span><\/p>\n<p>20hs &#8211; Celebraci\u00f3n de la Pasi\u00f3n<\/p>\n<p>21.30hs \u2013 Rezo del V\u00eda Crucis<\/p>\n<p><strong>\u00a0<\/strong><\/p>\n<p><span style=\"color: #339966;\"><strong>S\u00e1bado 30 de marzo \u2013 20:30 hs.<\/strong><\/span><\/p>\n<p><span style=\"color: #339966;\"><strong>FAUNISTICO \u2013 PASCUA ANIMAL<\/strong><\/span><\/p>\n<p>Exposici\u00f3n de huevos, stand de animales ov\u00edparos.<\/p>\n<p><span style=\"color: #339966;\"><strong>Horario:<\/strong><\/span> 12 a 16hs.<\/p>\n<p><strong>\u00a0<\/strong><\/p>\n<p><span style=\"color: #339966;\"><strong>S\u00e1bado 30 de marzo \u2013 19hs.<\/strong><\/span><\/p>\n<p><span style=\"color: #339966;\"><strong>EXPOARTE<\/strong><\/span><\/p>\n<p>Feria de artesanos y emprendedores, intervenciones de danza y\u00a0 show de m\u00fasica en vivo.<\/p>\n<p><span style=\"color: #339966;\"><strong>Lugar:<\/strong><\/span> Plaza C\u00edvica del Parque de Rivadavia<\/p>\n<p><span style=\"color: #339966;\"><strong>Hora:<\/strong><\/span> 19:00 hs.<\/p>\n<p><strong>\u00a0<\/strong><\/p>\n<p><span style=\"color: #339966;\"><strong>S\u00e1bado 30 de marzo \u2013 20:30 hs.<\/strong><\/span><\/p>\n<p><span style=\"color: #339966;\"><strong>FERIA DE EMPRENDEDORES Y MODA CIRCULAR\u00a0 MIRADA SUR<\/strong><\/span><\/p>\n<p>Artesanos emprendedores y productores.<\/p>\n<p><span style=\"color: #339966;\"><strong>Lugar:<\/strong> <\/span>Plaza Humoristas Argentinos. B\u00ba SOEVA 3 (Rastreador Calivar entre Av. Ig. de la Roza y Republica del L\u00edbano)<\/p>\n<p><span style=\"color: #339966;\"><strong>Hora:<\/strong><\/span> a partir de las 20hs.<\/p>\n<p><strong>\u00a0<\/strong><\/p>\n<p><span style=\"color: #339966;\"><strong>S\u00e1bado 30 de marzo \u2013 20:30 hs.<\/strong><\/span><\/p>\n<p><span style=\"color: #339966;\"><strong>FERIA DE ARTESANOS MARIA MADRE DE DIOS<\/strong><\/span><\/p>\n<p>Artesanos emprendedores y productores.<\/p>\n<p><span style=\"color: #339966;\"><strong>Lugar:<\/strong><\/span> Plaza Mar\u00eda Madre de Dios. B\u00ba Aramburu<\/p>\n<p><span style=\"color: #339966;\"><strong>Hora:<\/strong> <\/span>9 a 13hs.<\/p>\n<p>&nbsp;<\/p>\n<p><span style=\"color: #339966;\"><strong>Domingo 31 De Marzo &#8211; 19:00 Hs<\/strong><\/span><\/p>\n<p><span style=\"color: #339966;\"><strong>FERIA DE PASCUAS<\/strong><\/span><\/p>\n<p>Artesanos emprendedores, intervenciones de danza<\/p>\n<p><span style=\"color: #339966;\"><strong>Lugar:<\/strong><\/span> Plaza C\u00edvica del Parque de Rivadavia<\/p>\n<p><span style=\"color: #339966;\"><strong>Hora:<\/strong> <\/span>19:00 hs.<\/p>\n<p>Informaci\u00f3n al 2644417892<\/p>\n<p>&nbsp;<\/p>\n<p><span style=\"color: #339966;\"><strong>Domingo 31 de marzo \u2013 19hs.<\/strong><\/span><\/p>\n<p><span style=\"color: #339966;\"><strong>PASCUA FLAMENCA<\/strong><\/span><\/p>\n<p>Feria de artesanos y emprendedores, intervenciones de danza y\u00a0 show de m\u00fasica en vivo.<\/p>\n<p><span style=\"color: #339966;\"><strong>Lugar:<\/strong><\/span> Plaza C\u00edvica del Parque de Rivadavia<\/p>\n<p><span style=\"color: #339966;\"><strong>Hora:<\/strong><\/span> 19:00 hs.<\/p>\n<p><strong>\u00a0<\/strong><\/p>\n<p><span style=\"color: #339966;\"><strong>Domingo 31 De Marzo<\/strong><\/span><\/p>\n<p><span style=\"color: #339966;\"><strong>TURISMO RELIGIOSO \u2013 PROGRAMACION DE LAS IGLESIAS<\/strong><\/span><\/p>\n<p><span style=\"color: #339966;\"><strong>BASILICA NTRA. SRA. DE LOS DESAMPARADOS \u2013 ZONA CENTRO<\/strong><\/span><\/p>\n<p>20hs &#8211;<\/p>\n<p><span style=\"color: #339966;\"><strong>PARROQUIA SAGRADO CORAZON &#8211; MARQUESADO<\/strong><\/span><\/p>\n<p>20hs \u2013 Misa de Resurrecci\u00f3n<\/p>\n<p><span style=\"color: #339966;\"><strong>PARROQUIA MARIA MADRE DE DIOS \u2013 B\u00ba ARAMBURU<\/strong><\/span><\/p>\n<p>9hs y 20hs \u2013 Misa de Resurrecci\u00f3n<\/p>\n<p><span style=\"color: #339966;\"><strong>PARROQUIA NTRA. SRA. DEL ROSARIO DE ANDACOLLO \u2013 LA BEBIDA<\/strong><\/span><\/p>\n<p>9hs y 20hs \u2013 Misa de Resurrecci\u00f3n<\/p>\n<p><span style=\"color: #339966;\"><strong>CAPILLA SANTISIMO SACRAMENTO \u2013 B\u00ba CAMUS<\/strong><\/span><\/p>\n<p>11hs \u2013 Misa de Resurrecci\u00f3n<\/p>\n<p><span style=\"color: #339966;\"><strong>CAPILLA SAGRADO CORAZON DE JES\u00daS \u2013 B\u00ba HUAZIUL<\/strong><\/span><\/p>\n<p>11hs &#8211; Misa de Resurrecci\u00f3n<\/p>\n<p><span style=\"color: #339966;\"><strong>CAPILLA MARIA AUXILIADORA \u2013 B\u00ba RIVADAVIA NORTE<\/strong><\/span><\/p>\n<p>19hs \u2013 Misa de Resurrecci\u00f3n<\/p>\n<p><span style=\"color: #339966;\"><strong>PARROQUIA DIVINO SALVADOR \u2013 UNIVERSIDAD CATOLICA DE CUYO<\/strong><\/span><\/p>\n<p>10hs y 20hs \u2013 Misa Pascual<\/p>\n<p>&nbsp;<\/p>\n<p><span style=\"color: #339966;\"><strong>Lunes 1 de abril \u2013 19hs.<\/strong><\/span><\/p>\n<p><span style=\"color: #339966;\"><strong>EXPOARTE<\/strong><\/span><\/p>\n<p>Feria de artesanos y emprendedores, intervenciones de danza y show de m\u00fasica en vivo.<\/p>\n<p><span style=\"color: #339966;\"><strong>Lugar:<\/strong> <\/span>Plaza C\u00edvica del Parque de Rivadavia<\/p>\n<p><span style=\"color: #339966;\"><strong>Hora:<\/strong> <\/span>19:00 hs.<\/p>\n<p><span style=\"color: #339966;\"><strong>PRESTADORES TURISTICOS y ESPACIOS RECREATIVOS<\/strong><\/span><\/p>\n<p><span style=\"color: #339966;\"><strong>SEMANA SANTA Y FERIADOS 1 y 2 DE ABRIL<\/strong><\/span><\/p>\n<p>&nbsp;<\/p>\n<p><span style=\"color: #339966;\"><strong>FAUNISTICO<\/strong><\/span><\/p>\n<p><span style=\"color: #339966;\"><strong>Jueves 28, viernes 29 y domingo 31 de marzo<\/strong><\/span><\/p>\n<p>Visitas guiadas<\/p>\n<p><span style=\"color: #339966;\"><strong>Turnos:<\/strong> <\/span>12 y 14hs<\/p>\n<p><span style=\"color: #339966;\"><strong>Duraci\u00f3n:<\/strong><\/span> 40 a 60 minutos<\/p>\n<p><span style=\"color: #339966;\"><strong>ACTIVIDADES RECREATIVAS EN EL PARQUE DE RIVADAVIA<\/strong><\/span><\/p>\n<p><span style=\"color: #339966;\"><strong>Del mi\u00e9rcoles 27 al martes 2 de abril <\/strong><\/span><\/p>\n<p>Patio gastron\u00f3mico, intervenciones art\u00edsticas y actividades recreativas para ni\u00f1os: pintura en atriles, camas el\u00e1sticas, maquillaje art\u00edstico y juegos de kerm\u00e9s.<\/p>\n<p><strong>Lugar:<\/strong> Parque de Rivadavia<\/p>\n<p><strong>Hora:<\/strong> A partir de las 16hs.<\/p>\n<p><span style=\"color: #339966;\"><strong>ACEITERA CAMPO DE OLIVOS<\/strong><\/span><\/p>\n<p><span style=\"color: #339966;\"><strong>Lunes a s\u00e1bado de 10 a 18hs.<\/strong><\/span><\/p>\n<p>Visita guiada gratuita por la f\u00e1brica, degustaci\u00f3n y venta de productos regionales.<\/p>\n<p>Domingo de Pascuas <strong>CERRADO<\/strong>.<\/p>\n<p><span style=\"color: #339966;\"><strong>CABALGATAS RAPHAEL JOLIAT<\/strong><\/span><\/p>\n<p><span style=\"color: #339966;\"><strong>Todos los d\u00edas<\/strong><\/span><\/p>\n<p>Paseos a caballo de 2hs y 3.30hs de duraci\u00f3n, por Marquesado, Quebrada de Zonda y alrededores.<\/p>\n<p>Valor seg\u00fan duraci\u00f3n y cantidad de personas. M\u00e1ximo 5 personas.<\/p>\n<p><span style=\"color: #339966;\"><strong>Informaci\u00f3n al<\/strong><\/span> 2644824039<\/p>\n<p><span style=\"color: #339966;\"><strong>BODEGA MERCED DEL ESTERO<\/strong><\/span><\/p>\n<p><span style=\"color: #339966;\"><strong>FABRICA DE CERVEZA ARTESANAL DONATA DEL DESIERTO<\/strong><\/span><\/p>\n<p><span style=\"color: #339966;\"><strong>Mi\u00e9rcoles 27 de marzo<\/strong><\/span><\/p>\n<p>Visita guiada por la f\u00e1brica de cerveza artesanal, degustaci\u00f3n de los estilos de cerveza que producen y venta.<\/p>\n<p><span style=\"color: #339966;\"><strong>Horario:<\/strong> <\/span>19hs<\/p>\n<p><span style=\"color: #339966;\"><strong>Ubicaci\u00f3n:<\/strong><\/span> Av. Libertador Gral. San Mart\u00edn 3311<\/p>\n<p><span style=\"color: #339966;\"><strong>Informaci\u00f3n: <\/strong><\/span>2645304639<\/p>\n<p><span style=\"color: #339966;\"><strong>TIROLESA EN PARQUE AVENTURA DEL SOL<\/strong><\/span><\/p>\n<p><span style=\"color: #339966;\"><strong>Todos los d\u00edas<\/strong><\/span><\/p>\n<p>Recreaci\u00f3n en el rio San Juan, descanso en la playita, proveedur\u00eda y actividad de aventura.<\/p>\n<p><span style=\"color: #339966;\"><strong>Horario:<\/strong><\/span> 9 a 20hs<\/p>\n<p><span style=\"color: #339966;\"><strong>Ubicaci\u00f3n:<\/strong><\/span> Av. Libertador Gral. San Mart\u00edn 3311<\/p>\n<p><span style=\"color: #339966;\"><strong>Informaci\u00f3n: <\/strong><\/span>2644803923<\/p>\n<p><span style=\"color: #339966;\"><strong>KAYAK CLUB SAN JUAN<\/strong><\/span><\/p>\n<p><span style=\"color: #339966;\"><strong>MUSEO EINSTEIN<\/strong><\/span><\/p>\n<p><span style=\"color: #339966;\"><strong>Todos los d\u00edas<\/strong><\/span><\/p>\n<p>Recorrido por el t\u00fanel perteneciente al segundo nivel de los 7 Caminos, donde se pueden apreciar piezas de Bot\u00e1nica, Zoolog\u00eda, Paleontolog\u00eda y Arqueolog\u00eda.<\/p>\n<p><span style=\"color: #339966;\"><strong>Horario:<\/strong><\/span> 9 a 20hs<\/p>\n<p><span style=\"color: #339966;\"><strong>Ubicaci\u00f3n:<\/strong> <\/span>RP12 km 19, Quebrada de Zonda<\/p>\n<p><span style=\"color: #339966;\"><strong>Informaci\u00f3n: <\/strong><\/span>2644803923<\/p>\n<p><strong>\u00a0<\/strong><span style=\"color: #339966;\"><strong>CUATRICICLOS<\/strong><\/span><\/p>\n<p><span style=\"color: #339966;\"><strong>BICICLETAS<\/strong><\/span><\/p>\n<p><span style=\"color: #339966;\"><strong>ANCHIPURAC<\/strong><\/span><\/p>\n<p><span style=\"color: #339966;\"><strong>PARQUE DE LA BIODIVERSIDAD<\/strong><\/span><\/p>\n<p>&nbsp;<\/p>\n<p><img loading=\"lazy\" decoding=\"async\" class=\"alignnone size-full wp-image-66896\" src=\"https:\/\/vocesparalelas.com.ar\/sitio\/wp-content\/uploads\/2023\/12\/RIVADAVIA-LOGO-NUEVO.jpg\" alt=\"\" width=\"800\" height=\"533\" srcset=\"https:\/\/vocesparalelas.com.ar\/sitio\/wp-content\/uploads\/2023\/12\/RIVADAVIA-LOGO-NUEVO.jpg 800w, https:\/\/vocesparalelas.com.ar\/sitio\/wp-content\/uploads\/2023\/12\/RIVADAVIA-LOGO-NUEVO-300x200.jpg 300w, https:\/\/vocesparalelas.com.ar\/sitio\/wp-content\/uploads\/2023\/12\/RIVADAVIA-LOGO-NUEVO-768x512.jpg 768w\" sizes=\"auto, (max-width: 800px) 100vw, 800px\" \/><\/p>\n","protected":false},"excerpt":{"rendered":"<p>La Municipalidad de la Ciudad de Rivadavia coordin\u00f3 con sus diferentes \u00e1reas y prestadores tur\u00edsticos, un cronograma de actividades para<\/p>\n","protected":false},"author":3,"featured_media":68384,"comment_status":"closed","ping_status":"closed","sticky":false,"template":"","format":"standard","meta":{"_acf_changed":false,"_seopress_robots_primary_cat":"none","_seopress_titles_title":"","_seopress_titles_desc":"","_seopress_robots_index":"","colormag_page_container_layout":"default_layout","colormag_page_sidebar_layout":"default_layout","footnotes":""},"categories":[20],"tags":[],"class_list":["post-70693","post","type-post","status-publish","format-standard","has-post-thumbnail","hentry","category-cartelera"],"acf":[],"_links":{"self":[{"href":"https:\/\/vocesparalelas.com.ar\/sitio\/wp-json\/wp\/v2\/posts\/70693","targetHints":{"allow":["GET"]}}],"collection":[{"href":"https:\/\/vocesparalelas.com.ar\/sitio\/wp-json\/wp\/v2\/posts"}],"about":[{"href":"https:\/\/vocesparalelas.com.ar\/sitio\/wp-json\/wp\/v2\/types\/post"}],"author":[{"embeddable":true,"href":"https:\/\/vocesparalelas.com.ar\/sitio\/wp-json\/wp\/v2\/users\/3"}],"replies":[{"embeddable":true,"href":"https:\/\/vocesparalelas.com.ar\/sitio\/wp-json\/wp\/v2\/comments?post=70693"}],"version-history":[{"count":3,"href":"https:\/\/vocesparalelas.com.ar\/sitio\/wp-json\/wp\/v2\/posts\/70693\/revisions"}],"predecessor-version":[{"id":70722,"href":"https:\/\/vocesparalelas.com.ar\/sitio\/wp-json\/wp\/v2\/posts\/70693\/revisions\/70722"}],"wp:featuredmedia":[{"embeddable":true,"href":"https:\/\/vocesparalelas.com.ar\/sitio\/wp-json\/wp\/v2\/media\/68384"}],"wp:attachment":[{"href":"https:\/\/vocesparalelas.com.ar\/sitio\/wp-json\/wp\/v2\/media?parent=70693"}],"wp:term":[{"taxonomy":"category","embeddable":true,"href":"https:\/\/vocesparalelas.com.ar\/sitio\/wp-json\/wp\/v2\/categories?post=70693"},{"taxonomy":"post_tag","embeddable":true,"href":"https:\/\/vocesparalelas.com.ar\/sitio\/wp-json\/wp\/v2\/tags?post=70693"}],"curies":[{"name":"wp","href":"https:\/\/api.w.org\/{rel}","templated":true}]}}