{"id":70668,"date":"2024-03-21T21:01:18","date_gmt":"2024-03-22T00:01:18","guid":{"rendered":"https:\/\/vocesparalelas.com.ar\/sitio\/?p=70668"},"modified":"2024-03-25T20:57:37","modified_gmt":"2024-03-25T23:57:37","slug":"varias-voces-religiosas-en-el-dia-del-nino-por-nacer-en-san-juan","status":"publish","type":"post","link":"https:\/\/vocesparalelas.com.ar\/sitio\/varias-voces-religiosas-en-el-dia-del-nino-por-nacer-en-san-juan\/","title":{"rendered":"Varias voces religiosas en el D\u00eda del Ni\u00f1o por Nacer en San Juan"},"content":{"rendered":"<p>El Ministerio de Gobierno de San Juan, en coordinaci\u00f3n con la Direcci\u00f3n de Cultos y ONG, invita a la comunidad a la conmemoraci\u00f3n del \u201cD\u00eda del Ni\u00f1o por Nacer\u201d, el Lunes, 25 de Marzo, a las 18 hs, en la Plaza 25 de Mayo con una actividad ecum\u00e9nica.<\/p>\n<p><span style=\"color: #ff00ff;\"><strong>Programa<\/strong><\/span><\/p>\n<ul>\n<li>Video alusivo a la fecha<\/li>\n<li>Momento Musical<\/li>\n<li>Oraci\u00f3n Interreligiosa de la Asociaci\u00f3n por la Vida, de autoridades de Gobierno, del Arzobispo de San Juan, Monse\u00f1or Jorge Eduardo Lozano, del Pastor Andr\u00e9s Gonz\u00e1lez, del Pastor Delfor Luna, de Leonel Romeu<\/li>\n<li>Momento Musical<\/li>\n<li>Caminata alrededor de la plaza 25 de mayo: oraciones por religiosos.<\/li>\n<\/ul>\n<p>En la Argentina, el D\u00eda del Ni\u00f1o por Nacer fue declarado el 7 de diciembre de 1998, mediante el decreto 1406. Y su celebraci\u00f3n comenz\u00f3 un a\u00f1o m\u00e1s tarde, en 1999, con un acto oficial en el Teatro Coliseo, de la ciudad de Buenos Aires.<\/p>\n","protected":false},"excerpt":{"rendered":"<p>El Ministerio de Gobierno de San Juan, en coordinaci\u00f3n con la Direcci\u00f3n de Cultos y ONG, invita a la comunidad<\/p>\n","protected":false},"author":3,"featured_media":27291,"comment_status":"closed","ping_status":"closed","sticky":false,"template":"","format":"standard","meta":{"_acf_changed":false,"_seopress_robots_primary_cat":"none","_seopress_titles_title":"","_seopress_titles_desc":"","_seopress_robots_index":"","colormag_page_container_layout":"default_layout","colormag_page_sidebar_layout":"default_layout","footnotes":""},"categories":[1],"tags":[],"class_list":["post-70668","post","type-post","status-publish","format-standard","has-post-thumbnail","hentry","category-destacadas"],"acf":[],"_links":{"self":[{"href":"https:\/\/vocesparalelas.com.ar\/sitio\/wp-json\/wp\/v2\/posts\/70668","targetHints":{"allow":["GET"]}}],"collection":[{"href":"https:\/\/vocesparalelas.com.ar\/sitio\/wp-json\/wp\/v2\/posts"}],"about":[{"href":"https:\/\/vocesparalelas.com.ar\/sitio\/wp-json\/wp\/v2\/types\/post"}],"author":[{"embeddable":true,"href":"https:\/\/vocesparalelas.com.ar\/sitio\/wp-json\/wp\/v2\/users\/3"}],"replies":[{"embeddable":true,"href":"https:\/\/vocesparalelas.com.ar\/sitio\/wp-json\/wp\/v2\/comments?post=70668"}],"version-history":[{"count":3,"href":"https:\/\/vocesparalelas.com.ar\/sitio\/wp-json\/wp\/v2\/posts\/70668\/revisions"}],"predecessor-version":[{"id":70673,"href":"https:\/\/vocesparalelas.com.ar\/sitio\/wp-json\/wp\/v2\/posts\/70668\/revisions\/70673"}],"wp:featuredmedia":[{"embeddable":true,"href":"https:\/\/vocesparalelas.com.ar\/sitio\/wp-json\/wp\/v2\/media\/27291"}],"wp:attachment":[{"href":"https:\/\/vocesparalelas.com.ar\/sitio\/wp-json\/wp\/v2\/media?parent=70668"}],"wp:term":[{"taxonomy":"category","embeddable":true,"href":"https:\/\/vocesparalelas.com.ar\/sitio\/wp-json\/wp\/v2\/categories?post=70668"},{"taxonomy":"post_tag","embeddable":true,"href":"https:\/\/vocesparalelas.com.ar\/sitio\/wp-json\/wp\/v2\/tags?post=70668"}],"curies":[{"name":"wp","href":"https:\/\/api.w.org\/{rel}","templated":true}]}}