{"id":70632,"date":"2024-03-22T21:39:15","date_gmt":"2024-03-23T00:39:15","guid":{"rendered":"https:\/\/vocesparalelas.com.ar\/sitio\/?p=70632"},"modified":"2024-03-23T01:03:25","modified_gmt":"2024-03-23T04:03:25","slug":"inauguraron-la-plaza-heroes-de-malvinas-en-el-barrio-centinela-ii-de-rivadavia","status":"publish","type":"post","link":"https:\/\/vocesparalelas.com.ar\/sitio\/inauguraron-la-plaza-heroes-de-malvinas-en-el-barrio-centinela-ii-de-rivadavia\/","title":{"rendered":"Inauguraron la Plaza \u00abH\u00e9roes de Malvinas\u00bb en el Barrio Centinela II de Rivadavia"},"content":{"rendered":"<p>La Municipalidad de la Ciudad de Rivadavia trabaj\u00f3 para entregarle a los vecinos del Barrio Centinela II la remodelaci\u00f3n de la Plaza \u00abH\u00e9roes de Malvinas\u00bb, Rep\u00fablica del L\u00edbano e Hip\u00f3lito Yrigoyen, el nuevo espacio recreativo cuenta con una redefinici\u00f3n absoluta desde lo funcional y lo est\u00e9tico.<\/p>\n<p>En el lugar se realizaron 600 m2 de veredas, 120 m2 de cord\u00f3n cuneta, 200 m2 de banquina y se colocaron flamantes juegos infantiles y vers\u00e1tiles ejercitadores en un lugar preparado para la diversi\u00f3n de los chicos y el cuidado de la salud de los grandes.<\/p>\n<p>Adem\u00e1s, se coloc\u00f3 una importante garita para los vecinos que esperan el colectivo con banco de espera bajo techo y espacio de publicidad est\u00e1tica para los privados y un cartel identificador retro iluminado en homenaje a nuestros H\u00e9roes de Malvinas.<\/p>\n<p>En la previa, el Intendente de la Municipalidad de la Ciudad de Rivadavia, Sergio Miodowsky, respondi\u00f3 preguntas de los Periodistas San Juan.<\/p>\n<p><iframe loading=\"lazy\" title=\"RIVADAVIA INTENDENTE SERGIO MIODOWSKY\" width=\"800\" height=\"450\" src=\"https:\/\/www.youtube.com\/embed\/3m_Pd0AIjt8?feature=oembed\" frameborder=\"0\" allow=\"accelerometer; autoplay; clipboard-write; encrypted-media; gyroscope; picture-in-picture; web-share\" allowfullscreen><\/iframe><\/p>\n<p>El acto comenz\u00f3 con el tradicional corte de la cinta argentina para que los vecinos puedan disfrutar el espacio de amistad liderada por el Intendente de la Municipalidad de la Ciudad de Rivadavia, Sergio Miodowsky, quien hab\u00eda prometido la realizaci\u00f3n de la obra y pudo finalizarla a los tres meses de haber asumido el mandato municipal.<\/p>\n<p><img loading=\"lazy\" decoding=\"async\" class=\"alignnone size-full wp-image-70636\" src=\"https:\/\/vocesparalelas.com.ar\/sitio\/wp-content\/uploads\/2024\/03\/RIVADAVIA-MALVINAS-02.jpg\" alt=\"\" width=\"800\" height=\"533\" srcset=\"https:\/\/vocesparalelas.com.ar\/sitio\/wp-content\/uploads\/2024\/03\/RIVADAVIA-MALVINAS-02.jpg 800w, https:\/\/vocesparalelas.com.ar\/sitio\/wp-content\/uploads\/2024\/03\/RIVADAVIA-MALVINAS-02-300x200.jpg 300w, https:\/\/vocesparalelas.com.ar\/sitio\/wp-content\/uploads\/2024\/03\/RIVADAVIA-MALVINAS-02-768x512.jpg 768w\" sizes=\"auto, (max-width: 800px) 100vw, 800px\" \/><\/p>\n<p>Adem\u00e1s lo acompa\u00f1aron el Vicegobernador Dr. Fabi\u00e1n Mart\u00edn, el intendente de la Ciudad de Rawson Rawson, Dr. Carlos Munisaga, los representantes de las agrupaciones de Malvinas Argentinas, entre otros funcionarios y gran cantidad de vecinos.<\/p>\n<p>Luego, la Banda de M\u00fasica del RIM 22 \u00abEl Tambolar\u00bb que acompa\u00f1\u00f3 e interpret\u00f3 el Himno Nacional Argentino que le dio el color de sentimiento acompa\u00f1ado por las voces de los presentes con un fuerte deseo que al Departamento de Rivadavia, a la Provincia de San Juan y a la Rep\u00fablica Argentina despegue al mundo.<\/p>\n<p><iframe loading=\"lazy\" title=\"RIVADAVIA HIMNO NACIONAL ARGENTINO\" width=\"800\" height=\"450\" src=\"https:\/\/www.youtube.com\/embed\/rIjTIEeuPe0?feature=oembed\" frameborder=\"0\" allow=\"accelerometer; autoplay; clipboard-write; encrypted-media; gyroscope; picture-in-picture; web-share\" allowfullscreen><\/iframe><\/p>\n<p>Los vecinos del Barrio Centinela, las autoridades y las agrupaciones de Malvinas Argentina descubrieron el cartel que identifica a la Plaza.<\/p>\n<p><img loading=\"lazy\" decoding=\"async\" class=\"alignnone size-large wp-image-70635\" src=\"https:\/\/vocesparalelas.com.ar\/sitio\/wp-content\/uploads\/2024\/03\/RIVADAVIA-MALVINAS-01-800x534.jpg\" alt=\"\" width=\"800\" height=\"534\" srcset=\"https:\/\/vocesparalelas.com.ar\/sitio\/wp-content\/uploads\/2024\/03\/RIVADAVIA-MALVINAS-01-800x534.jpg 800w, https:\/\/vocesparalelas.com.ar\/sitio\/wp-content\/uploads\/2024\/03\/RIVADAVIA-MALVINAS-01-300x200.jpg 300w, https:\/\/vocesparalelas.com.ar\/sitio\/wp-content\/uploads\/2024\/03\/RIVADAVIA-MALVINAS-01-768x512.jpg 768w, https:\/\/vocesparalelas.com.ar\/sitio\/wp-content\/uploads\/2024\/03\/RIVADAVIA-MALVINAS-01.jpg 1024w\" sizes=\"auto, (max-width: 800px) 100vw, 800px\" \/><\/p>\n<p>&nbsp;<\/p>\n<p>La concreci\u00f3n de la obra es apenas el comienzo de un total de 14 otros trabajos proyectados para el actual per\u00edodo de gobierno, en los que se prioriza el inter\u00e9s de los vecinos.<\/p>\n<p>El Intendente Sergio Miodowsky disfrut\u00f3 junto al ballet cultural municipal y a ex combatientes rivadavienses quienes fueron homenajeados con la imposici\u00f3n del nombre de la plaza en v\u00edsperas del 2 de abril por su valent\u00eda en combate.<\/p>\n<p><img loading=\"lazy\" decoding=\"async\" class=\"alignnone size-full wp-image-70637\" src=\"https:\/\/vocesparalelas.com.ar\/sitio\/wp-content\/uploads\/2024\/03\/RIVADAVIA-MALVINAS-04.jpg\" alt=\"\" width=\"800\" height=\"533\" srcset=\"https:\/\/vocesparalelas.com.ar\/sitio\/wp-content\/uploads\/2024\/03\/RIVADAVIA-MALVINAS-04.jpg 800w, https:\/\/vocesparalelas.com.ar\/sitio\/wp-content\/uploads\/2024\/03\/RIVADAVIA-MALVINAS-04-300x200.jpg 300w, https:\/\/vocesparalelas.com.ar\/sitio\/wp-content\/uploads\/2024\/03\/RIVADAVIA-MALVINAS-04-768x512.jpg 768w\" sizes=\"auto, (max-width: 800px) 100vw, 800px\" \/><\/p>\n<p>&nbsp;<\/p>\n<p><img loading=\"lazy\" decoding=\"async\" class=\"alignnone size-full wp-image-66896\" src=\"https:\/\/vocesparalelas.com.ar\/sitio\/wp-content\/uploads\/2023\/12\/RIVADAVIA-LOGO-NUEVO.jpg\" alt=\"\" width=\"800\" height=\"533\" srcset=\"https:\/\/vocesparalelas.com.ar\/sitio\/wp-content\/uploads\/2023\/12\/RIVADAVIA-LOGO-NUEVO.jpg 800w, https:\/\/vocesparalelas.com.ar\/sitio\/wp-content\/uploads\/2023\/12\/RIVADAVIA-LOGO-NUEVO-300x200.jpg 300w, https:\/\/vocesparalelas.com.ar\/sitio\/wp-content\/uploads\/2023\/12\/RIVADAVIA-LOGO-NUEVO-768x512.jpg 768w\" sizes=\"auto, (max-width: 800px) 100vw, 800px\" \/><\/p>\n","protected":false},"excerpt":{"rendered":"<p>La Municipalidad de la Ciudad de Rivadavia trabaj\u00f3 para entregarle a los vecinos del Barrio Centinela II la remodelaci\u00f3n de<\/p>\n","protected":false},"author":3,"featured_media":70635,"comment_status":"closed","ping_status":"closed","sticky":false,"template":"","format":"standard","meta":{"_acf_changed":false,"_seopress_robots_primary_cat":"none","_seopress_titles_title":"","_seopress_titles_desc":"","_seopress_robots_index":"","colormag_page_container_layout":"default_layout","colormag_page_sidebar_layout":"default_layout","footnotes":""},"categories":[1,7],"tags":[],"class_list":["post-70632","post","type-post","status-publish","format-standard","has-post-thumbnail","hentry","category-destacadas","category-videos"],"acf":[],"_links":{"self":[{"href":"https:\/\/vocesparalelas.com.ar\/sitio\/wp-json\/wp\/v2\/posts\/70632","targetHints":{"allow":["GET"]}}],"collection":[{"href":"https:\/\/vocesparalelas.com.ar\/sitio\/wp-json\/wp\/v2\/posts"}],"about":[{"href":"https:\/\/vocesparalelas.com.ar\/sitio\/wp-json\/wp\/v2\/types\/post"}],"author":[{"embeddable":true,"href":"https:\/\/vocesparalelas.com.ar\/sitio\/wp-json\/wp\/v2\/users\/3"}],"replies":[{"embeddable":true,"href":"https:\/\/vocesparalelas.com.ar\/sitio\/wp-json\/wp\/v2\/comments?post=70632"}],"version-history":[{"count":1,"href":"https:\/\/vocesparalelas.com.ar\/sitio\/wp-json\/wp\/v2\/posts\/70632\/revisions"}],"predecessor-version":[{"id":70638,"href":"https:\/\/vocesparalelas.com.ar\/sitio\/wp-json\/wp\/v2\/posts\/70632\/revisions\/70638"}],"wp:featuredmedia":[{"embeddable":true,"href":"https:\/\/vocesparalelas.com.ar\/sitio\/wp-json\/wp\/v2\/media\/70635"}],"wp:attachment":[{"href":"https:\/\/vocesparalelas.com.ar\/sitio\/wp-json\/wp\/v2\/media?parent=70632"}],"wp:term":[{"taxonomy":"category","embeddable":true,"href":"https:\/\/vocesparalelas.com.ar\/sitio\/wp-json\/wp\/v2\/categories?post=70632"},{"taxonomy":"post_tag","embeddable":true,"href":"https:\/\/vocesparalelas.com.ar\/sitio\/wp-json\/wp\/v2\/tags?post=70632"}],"curies":[{"name":"wp","href":"https:\/\/api.w.org\/{rel}","templated":true}]}}