{"id":70626,"date":"2024-03-22T21:22:04","date_gmt":"2024-03-23T00:22:04","guid":{"rendered":"https:\/\/vocesparalelas.com.ar\/sitio\/?p=70626"},"modified":"2024-03-22T23:22:18","modified_gmt":"2024-03-23T02:22:18","slug":"dia-del-nino-por-nacer-en-defensa-de-la-vida-en-san-juan","status":"publish","type":"post","link":"https:\/\/vocesparalelas.com.ar\/sitio\/dia-del-nino-por-nacer-en-defensa-de-la-vida-en-san-juan\/","title":{"rendered":"D\u00eda del Ni\u00f1o por Nacer en defensa de la vida en San Juan"},"content":{"rendered":"<div class=\"itemBody\">\n<div class=\"itemFullText\">\n<div class=\"itemFullText\">\n<p>El D\u00eda del Ni\u00f1o por Nacer se celebra cada 25 de Marzo y busca conmemorar, promover y defender la vida humana desde la concepci\u00f3n en el vientre de la madre.<\/p>\n<p>En esa fecha, el movimiento provida organiza en todo el mundo celebraciones y actividades destinadas a la concientizaci\u00f3n sobre la necesidad de defender la vida desde la concepci\u00f3n y en todas sus etapas.<\/p>\n<p>Por ello, En la jornada del Viernes, 22 de Marzo, el gobernador Dr. Marcelo Orrego particip\u00f3 del acto del D\u00eda del Ni\u00f1o por Nacer, que se realiz\u00f3 en la Plaza Seca del Centro C\u00edvico.<\/p>\n<p>El mandatario estuvo acompa\u00f1ado por la intendente de la Municipalidad de la Ciudad Capital, Dra. Susana Laciar, el ministro de Salud, Dr. Amilcar Dobladez, el arzobispo de San Juan de Cuyo, Monse\u00f1or Jorge Lozano y dem\u00e1s autoridades.<\/p>\n<p>En el marco de este acto, el gobernador Dr. Marcelo Orrego resalt\u00f3 que \u00absoy un fiel defensor del derecho a la vida y lo digo porque adem\u00e1s lo siento en el alma, en el coraz\u00f3n. Estas batallas hay que darlas desde el primer momento. Nos toc\u00f3 estar donde se estaba votando una ley, donde algunos dec\u00edan que la vida de la madre era una cosa y que recuerdo en ese momento, el ministro que estaba, solo dec\u00eda que lo dem\u00e1s era un fen\u00f3meno. Una cosa de loco \u00bfno? Yo creo que la vida de la madre no es una cosa y la vida del ni\u00f1o no es una cosa, hay que protegerlo en todos los sentidos y con toda la fuerza\u201d.<\/p>\n<p>\u00abNos va a encontrar siempre la misma postura y en esto no estamos involucrados, estamos comprometidos, comprometidos con el coraz\u00f3n, con nuestra cabeza, con nuestra alma, porque adem\u00e1s as\u00ed lo tutela la constituci\u00f3n, protege a la vida, lo conoc\u00eda en los tratados internacionales, la Convenci\u00f3n de los Derechos del Ni\u00f1o\u00bb &#8211; destac\u00f3 el Gobernador.<\/p>\n<p>Luego, la intendente, Dra<img loading=\"lazy\" decoding=\"async\" class=\"alignnone size-full wp-image-70630\" src=\"https:\/\/vocesparalelas.com.ar\/sitio\/wp-content\/uploads\/2024\/03\/SAN-JUAN-VIDA-02.jpg\" alt=\"\" width=\"800\" height=\"454\" srcset=\"https:\/\/vocesparalelas.com.ar\/sitio\/wp-content\/uploads\/2024\/03\/SAN-JUAN-VIDA-02.jpg 800w, https:\/\/vocesparalelas.com.ar\/sitio\/wp-content\/uploads\/2024\/03\/SAN-JUAN-VIDA-02-300x170.jpg 300w, https:\/\/vocesparalelas.com.ar\/sitio\/wp-content\/uploads\/2024\/03\/SAN-JUAN-VIDA-02-768x436.jpg 768w\" sizes=\"auto, (max-width: 800px) 100vw, 800px\" \/>. Susana Laciar puntualiz\u00f3 que \u00abes imperioso que en esta semana del Ni\u00f1o por Nacer y expresando nuestras sinceras convicciones dejar que todo ni\u00f1o por nacer, desde el momento de su concepci\u00f3n, es un ser humano, es persona, es vida. Es un momento que la verdad que nos llena de emoci\u00f3n, de convicci\u00f3n sabiendo que en esta querida Argentina, en nuestro pa\u00eds, con contundencia y con claridad que si el Estado est\u00e1 presente all\u00ed en el momento donde la vida es m\u00e1s fr\u00e1gil tambi\u00e9n tiene que estar presente en el momento de su desarrollo, en el momento de su cuidado desde la ni\u00f1ez, desde la juventud, en la adultez\u201d.<\/p>\n<p>El D\u00eda del Ni\u00f1o por Nacer se celebra cada 25 de marzo y busca conmemorar, promover y defender la vida humana desde la concepci\u00f3n en el vientre de la madre. En esa fecha, el movimiento provida organiza en todo el mundo celebraciones y actividades destinadas a la concientizaci\u00f3n sobre la necesidad de defender la vida desde la concepci\u00f3n y en todas sus etapas.<\/p>\n<\/div>\n<div class=\"clr\"><\/div>\n<\/div>\n<div class=\"clr\"><\/div>\n<\/div>\n","protected":false},"excerpt":{"rendered":"<p>El D\u00eda del Ni\u00f1o por Nacer se celebra cada 25 de Marzo y busca conmemorar, promover y defender la vida<\/p>\n","protected":false},"author":3,"featured_media":70629,"comment_status":"closed","ping_status":"closed","sticky":false,"template":"","format":"standard","meta":{"_acf_changed":false,"_seopress_robots_primary_cat":"none","_seopress_titles_title":"","_seopress_titles_desc":"","_seopress_robots_index":"","colormag_page_container_layout":"default_layout","colormag_page_sidebar_layout":"default_layout","footnotes":""},"categories":[1],"tags":[],"class_list":["post-70626","post","type-post","status-publish","format-standard","has-post-thumbnail","hentry","category-destacadas"],"acf":[],"_links":{"self":[{"href":"https:\/\/vocesparalelas.com.ar\/sitio\/wp-json\/wp\/v2\/posts\/70626","targetHints":{"allow":["GET"]}}],"collection":[{"href":"https:\/\/vocesparalelas.com.ar\/sitio\/wp-json\/wp\/v2\/posts"}],"about":[{"href":"https:\/\/vocesparalelas.com.ar\/sitio\/wp-json\/wp\/v2\/types\/post"}],"author":[{"embeddable":true,"href":"https:\/\/vocesparalelas.com.ar\/sitio\/wp-json\/wp\/v2\/users\/3"}],"replies":[{"embeddable":true,"href":"https:\/\/vocesparalelas.com.ar\/sitio\/wp-json\/wp\/v2\/comments?post=70626"}],"version-history":[{"count":1,"href":"https:\/\/vocesparalelas.com.ar\/sitio\/wp-json\/wp\/v2\/posts\/70626\/revisions"}],"predecessor-version":[{"id":70631,"href":"https:\/\/vocesparalelas.com.ar\/sitio\/wp-json\/wp\/v2\/posts\/70626\/revisions\/70631"}],"wp:featuredmedia":[{"embeddable":true,"href":"https:\/\/vocesparalelas.com.ar\/sitio\/wp-json\/wp\/v2\/media\/70629"}],"wp:attachment":[{"href":"https:\/\/vocesparalelas.com.ar\/sitio\/wp-json\/wp\/v2\/media?parent=70626"}],"wp:term":[{"taxonomy":"category","embeddable":true,"href":"https:\/\/vocesparalelas.com.ar\/sitio\/wp-json\/wp\/v2\/categories?post=70626"},{"taxonomy":"post_tag","embeddable":true,"href":"https:\/\/vocesparalelas.com.ar\/sitio\/wp-json\/wp\/v2\/tags?post=70626"}],"curies":[{"name":"wp","href":"https:\/\/api.w.org\/{rel}","templated":true}]}}