{"id":70622,"date":"2024-03-22T20:31:16","date_gmt":"2024-03-22T23:31:16","guid":{"rendered":"https:\/\/vocesparalelas.com.ar\/sitio\/?p=70622"},"modified":"2024-03-24T22:13:34","modified_gmt":"2024-03-25T01:13:34","slug":"consulta-anonima-para-afiliados-de-la-osp-san-juan-sobre-cobro-de-plus-en-la-prestacion-medica","status":"publish","type":"post","link":"https:\/\/vocesparalelas.com.ar\/sitio\/consulta-anonima-para-afiliados-de-la-osp-san-juan-sobre-cobro-de-plus-en-la-prestacion-medica\/","title":{"rendered":"Consulta an\u00f3nima para afiliados de la OSP San Juan sobre \u00abcobro de plus\u00bb en la prestaci\u00f3n m\u00e9dica"},"content":{"rendered":"<p>Esta innovadora funci\u00f3n permite a los afiliados de OSP realizar consultas de manera an\u00f3nima y confidencial sobre el cobro de plus, obteniendo informaci\u00f3n detallada y aclarando dudas sin revelar su identidad.<\/p>\n<p>La OSP reconoce la importancia de garantizar la privacidad y comodidad de sus afiliados al buscar informaci\u00f3n relevante sobre sus servicios.<\/p>\n<p>Para acceder a esta opci\u00f3n, los afiliados solo necesitan visitar la p\u00e1gina web de OSP e ingresar a la secci\u00f3n espec\u00edfica de consulta an\u00f3nima sobre cobro de plus. Donde se encuentra el formulario sencillo y seguro para enviar sus consultas de manera confidencial.<\/p>\n<p>\u00abEstamos comprometidos en brindar a nuestros afiliados las herramientas necesarias para facilitar su experiencia con OSP y garantizar un acceso f\u00e1cil y seguro a la informaci\u00f3n que necesitan\u00bb, afirm\u00f3 el interventor de OSP.<\/p>\n<p>Esta iniciativa refleja el continuo esfuerzo de Obra Social Provincia por mejorar sus servicios y fortalecer la comunicaci\u00f3n con sus afiliados, ofreciendo soluciones innovadoras que se adaptan a las necesidades actuales.<\/p>\n<p>Para m\u00e1s informaci\u00f3n sobre la consulta an\u00f3nima para afiliados sobre cobro de plus, los interesados pueden visitar la p\u00e1gina web de la OSP<\/p>\n<p><a href=\"https:\/\/www.obrasocial.sanjuan.gob.ar\/dos\/\">https:\/\/www.obrasocial.sanjuan.gob.ar\/dos\/<\/a><\/p>\n","protected":false},"excerpt":{"rendered":"<p>Esta innovadora funci\u00f3n permite a los afiliados de OSP realizar consultas de manera an\u00f3nima y confidencial sobre el cobro de<\/p>\n","protected":false},"author":3,"featured_media":10321,"comment_status":"closed","ping_status":"closed","sticky":false,"template":"","format":"standard","meta":{"_acf_changed":false,"_seopress_robots_primary_cat":"none","_seopress_titles_title":"","_seopress_titles_desc":"","_seopress_robots_index":"","colormag_page_container_layout":"default_layout","colormag_page_sidebar_layout":"default_layout","footnotes":""},"categories":[2],"tags":[],"class_list":["post-70622","post","type-post","status-publish","format-standard","has-post-thumbnail","hentry","category-convocatorias"],"acf":[],"_links":{"self":[{"href":"https:\/\/vocesparalelas.com.ar\/sitio\/wp-json\/wp\/v2\/posts\/70622","targetHints":{"allow":["GET"]}}],"collection":[{"href":"https:\/\/vocesparalelas.com.ar\/sitio\/wp-json\/wp\/v2\/posts"}],"about":[{"href":"https:\/\/vocesparalelas.com.ar\/sitio\/wp-json\/wp\/v2\/types\/post"}],"author":[{"embeddable":true,"href":"https:\/\/vocesparalelas.com.ar\/sitio\/wp-json\/wp\/v2\/users\/3"}],"replies":[{"embeddable":true,"href":"https:\/\/vocesparalelas.com.ar\/sitio\/wp-json\/wp\/v2\/comments?post=70622"}],"version-history":[{"count":1,"href":"https:\/\/vocesparalelas.com.ar\/sitio\/wp-json\/wp\/v2\/posts\/70622\/revisions"}],"predecessor-version":[{"id":70625,"href":"https:\/\/vocesparalelas.com.ar\/sitio\/wp-json\/wp\/v2\/posts\/70622\/revisions\/70625"}],"wp:featuredmedia":[{"embeddable":true,"href":"https:\/\/vocesparalelas.com.ar\/sitio\/wp-json\/wp\/v2\/media\/10321"}],"wp:attachment":[{"href":"https:\/\/vocesparalelas.com.ar\/sitio\/wp-json\/wp\/v2\/media?parent=70622"}],"wp:term":[{"taxonomy":"category","embeddable":true,"href":"https:\/\/vocesparalelas.com.ar\/sitio\/wp-json\/wp\/v2\/categories?post=70622"},{"taxonomy":"post_tag","embeddable":true,"href":"https:\/\/vocesparalelas.com.ar\/sitio\/wp-json\/wp\/v2\/tags?post=70622"}],"curies":[{"name":"wp","href":"https:\/\/api.w.org\/{rel}","templated":true}]}}