{"id":70612,"date":"2024-03-22T21:18:21","date_gmt":"2024-03-23T00:18:21","guid":{"rendered":"https:\/\/vocesparalelas.com.ar\/sitio\/?p=70612"},"modified":"2024-03-25T00:48:06","modified_gmt":"2024-03-25T03:48:06","slug":"visita-a-los-7-templos-en-la-ciudad-de-san-juan","status":"publish","type":"post","link":"https:\/\/vocesparalelas.com.ar\/sitio\/visita-a-los-7-templos-en-la-ciudad-de-san-juan\/","title":{"rendered":"Visita a los 7 Templos en la Ciudad de San Juan"},"content":{"rendered":"<p>El Jueves, 28 de Marzo, a las 20:30 desde la Parroquia Nuestra Se\u00f1ora de La Merced, la Municipalidad de la Ciudad de San Juan invita a participar en un recorrido \u00fanico \u00abVisita a los 7 Templos\u00bb.<\/p>\n<p>El circuito, que combina historia, religi\u00f3n y turismo, permitir\u00e1 a los asistentes recorrer algunas parroquias del Gran San Juan en el marco de la conmemoraci\u00f3n de Semana Santa.<\/p>\n<p>Los participantes siguen un trayecto que los lleva por:<\/p>\n<ul>\n<li>Parroquia de la Sant\u00edsima Trinidad. Gral. Acha 1211 sur.<\/li>\n<li>Iglesia Mar\u00eda Auxiliadora. Av. Rawson 710 sur.<\/li>\n<li>Parroquia de Santa Luc\u00eda. Ram\u00f3n Franco y Gral. Paz.<\/li>\n<li>Parroquia de la Inmaculada Concepci\u00f3n. Tucum\u00e1n esquina Juan Jufr\u00e9.<\/li>\n<li>Bas\u00edlica Nuestra Se\u00f1ora de los Desamparados. Av. Libertador Gral. San Mart\u00edn y Santa Mar\u00eda de Oro.<\/li>\n<li>Iglesia Catedral de San Juan. Calle Mendoza 204 sur.<\/li>\n<\/ul>\n<p>Durante el recorrido, los asistentes tienen la oportunidad de disfrutar de la intervenci\u00f3n art\u00edstica de L\u00edrica de los Andes en los atrios de los templos.<\/p>\n<p>El tiempo estimado de traslado entre cada templo es de aproximadamente 45 minutos, ofreciendo a los pelegrinos un momento de oraci\u00f3n y reflexi\u00f3n.<\/p>\n<p>Es importante destacar que, la Visita a los 7 Templos es una actividad gratuita, con cupo limitado. Por esto las personas interesadas en reservar un lugar, deber\u00e1n comunicarse al\u00a02646317574.<\/p>\n<p>&nbsp;<\/p>\n<p><img loading=\"lazy\" decoding=\"async\" class=\"alignnone size-full wp-image-67559\" src=\"https:\/\/vocesparalelas.com.ar\/sitio\/wp-content\/uploads\/2023\/12\/CAPITAL-SAN-JUAN-LOGO.png\" alt=\"\" width=\"800\" height=\"304\" srcset=\"https:\/\/vocesparalelas.com.ar\/sitio\/wp-content\/uploads\/2023\/12\/CAPITAL-SAN-JUAN-LOGO.png 800w, https:\/\/vocesparalelas.com.ar\/sitio\/wp-content\/uploads\/2023\/12\/CAPITAL-SAN-JUAN-LOGO-300x114.png 300w, https:\/\/vocesparalelas.com.ar\/sitio\/wp-content\/uploads\/2023\/12\/CAPITAL-SAN-JUAN-LOGO-768x292.png 768w\" sizes=\"auto, (max-width: 800px) 100vw, 800px\" \/><\/p>\n","protected":false},"excerpt":{"rendered":"<p>El Jueves, 28 de Marzo, a las 20:30 desde la Parroquia Nuestra Se\u00f1ora de La Merced, la Municipalidad de la<\/p>\n","protected":false},"author":3,"featured_media":24898,"comment_status":"closed","ping_status":"closed","sticky":false,"template":"","format":"standard","meta":{"_acf_changed":false,"_seopress_robots_primary_cat":"none","_seopress_titles_title":"","_seopress_titles_desc":"","_seopress_robots_index":"","colormag_page_container_layout":"default_layout","colormag_page_sidebar_layout":"default_layout","footnotes":""},"categories":[5],"tags":[],"class_list":["post-70612","post","type-post","status-publish","format-standard","has-post-thumbnail","hentry","category-ofrecimientos"],"acf":[],"_links":{"self":[{"href":"https:\/\/vocesparalelas.com.ar\/sitio\/wp-json\/wp\/v2\/posts\/70612","targetHints":{"allow":["GET"]}}],"collection":[{"href":"https:\/\/vocesparalelas.com.ar\/sitio\/wp-json\/wp\/v2\/posts"}],"about":[{"href":"https:\/\/vocesparalelas.com.ar\/sitio\/wp-json\/wp\/v2\/types\/post"}],"author":[{"embeddable":true,"href":"https:\/\/vocesparalelas.com.ar\/sitio\/wp-json\/wp\/v2\/users\/3"}],"replies":[{"embeddable":true,"href":"https:\/\/vocesparalelas.com.ar\/sitio\/wp-json\/wp\/v2\/comments?post=70612"}],"version-history":[{"count":1,"href":"https:\/\/vocesparalelas.com.ar\/sitio\/wp-json\/wp\/v2\/posts\/70612\/revisions"}],"predecessor-version":[{"id":70615,"href":"https:\/\/vocesparalelas.com.ar\/sitio\/wp-json\/wp\/v2\/posts\/70612\/revisions\/70615"}],"wp:featuredmedia":[{"embeddable":true,"href":"https:\/\/vocesparalelas.com.ar\/sitio\/wp-json\/wp\/v2\/media\/24898"}],"wp:attachment":[{"href":"https:\/\/vocesparalelas.com.ar\/sitio\/wp-json\/wp\/v2\/media?parent=70612"}],"wp:term":[{"taxonomy":"category","embeddable":true,"href":"https:\/\/vocesparalelas.com.ar\/sitio\/wp-json\/wp\/v2\/categories?post=70612"},{"taxonomy":"post_tag","embeddable":true,"href":"https:\/\/vocesparalelas.com.ar\/sitio\/wp-json\/wp\/v2\/tags?post=70612"}],"curies":[{"name":"wp","href":"https:\/\/api.w.org\/{rel}","templated":true}]}}