{"id":70596,"date":"2024-03-21T21:36:39","date_gmt":"2024-03-22T00:36:39","guid":{"rendered":"https:\/\/vocesparalelas.com.ar\/sitio\/?p=70596"},"modified":"2024-03-23T11:22:38","modified_gmt":"2024-03-23T14:22:38","slug":"charla-fortalecimiento-de-la-gestion-escolar-2024-en-san-juan","status":"publish","type":"post","link":"https:\/\/vocesparalelas.com.ar\/sitio\/charla-fortalecimiento-de-la-gestion-escolar-2024-en-san-juan\/","title":{"rendered":"Charla \u00abFortalecimiento de la Gesti\u00f3n Escolar 2024\u00bb en San Juan"},"content":{"rendered":"<p>El Ministerio de Educaci\u00f3n del Gobierno de San Juan abri\u00f3 la inscripci\u00f3n on line para las charlas sobre el \u00abFortalecimiento de la Gesti\u00f3n Escolar 2024\u00bb, que son presenciales en el auditorio Eloy Camus, del Centro C\u00edvico.<\/p>\n<p><strong><span style=\"color: #008000;\">Destinatarios<\/span><\/strong><\/p>\n<ul>\n<li>Directivos<\/li>\n<li>Docentes<\/li>\n<\/ul>\n<p>Cuentan con certificaci\u00f3n y aval del Ministerio de Educaci\u00f3n del Gobierno de San Juan.<\/p>\n<p><span style=\"color: #008000;\"><strong>Cronograma<\/strong><\/span><\/p>\n<p><span style=\"color: #008000;\"><strong>Volver a lo obvio\u00a0<\/strong><\/span>&#8211; Herramientas preventivas a trav\u00e9s de la mediaci\u00f3n para gestionar soluciones de la vida institucional, a cargo de la directora de Educaci\u00f3n Inicial Laura Castro y el asesores legal Emilio Barros.<\/p>\n<ul>\n<li><span style=\"color: #008000;\"><strong>26 de Marzo<\/strong><\/span>\u00a0Destinada a directores, docentes y estudiantes de Pr\u00e1ctica de III y IV de Formaci\u00f3n Docente de Nivel Superior de 8:30 a 12:30<\/li>\n<li><strong><span style=\"color: #008000;\">27 de Marzo,<\/span> <\/strong>Destinada a directores y docentes de todos los niveles, de 14 a 18<\/li>\n<\/ul>\n<p><span style=\"color: #008000;\"><strong>Gestionamos climas escolares de bienestar<\/strong><\/span>\u00a0\u2013 Desarrollo de habilidades sociales y gesti\u00f3n educativa que favorezcan la convivencia escolar, a cargo de: Luis Lucero, Gabriela Vel\u00e1zquez y Mart\u00edn Olivares.<\/p>\n<ul>\n<li><strong><span style=\"color: #008000;\">26 de Marzo,<\/span> <\/strong>Destinada a directores y docentes y estudiantes de Pr\u00e1ctica de III y IV de Formaci\u00f3n Docente de Nivel Superior, de 14 a 18 horas en el auditorio Eloy Camus.<\/li>\n<li><span style=\"color: #008000;\"><strong>27 de Marzo<\/strong>\u00a0<\/span>Destinada a directores y docentes de todos los niveles, de 8:30 a 12:30 horas en el auditorio Eloy Camus.<\/li>\n<\/ul>\n<p>Los interesados en participar tienen que registrar su inscripci\u00f3n a trav\u00e9s de un\u00a0formulario, ya que hay cupo establecido, a partir del 21 de Marzo.<\/p>\n<p><a href=\"http:\/\/educacion.sanjuan.edu.ar\/mesj\/sitios\/FortalecimientoGestionEscolar2024\/\">http:\/\/educacion.sanjuan.edu.ar\/mesj\/sitios\/FortalecimientoGestionEscolar2024\/<\/a><\/p>\n<p>Los datos consignados en formulario deben ser correctos, ya que ser\u00e1n usados para la certificaci\u00f3n, por lo que se solicita corroborar antes de enviar.<\/p>\n<p>En el\u00a0link\u00a0se encuentra el detalle de cada charla y el formulario de inscripci\u00f3n por d\u00eda.<\/p>\n<p><a href=\"http:\/\/educacion.sanjuan.edu.ar\/mesj\/sitios\/FortalecimientoGestionEscolar2024\/\">http:\/\/educacion.sanjuan.edu.ar\/mesj\/sitios\/FortalecimientoGestionEscolar2024\/<\/a><\/p>\n<p>Para acreditarse deben acudir en la fecha establecida portando su DNI y contar con c\u00f3digo QR en el celular. Se ruega puntualidad.<\/p>\n<p><img loading=\"lazy\" decoding=\"async\" class=\"alignnone size-large wp-image-21620\" src=\"https:\/\/vocesparalelas.com.ar\/sitio\/wp-content\/uploads\/2019\/06\/ELOY-CAMUS-800x450.jpg\" alt=\"\" width=\"800\" height=\"450\" srcset=\"https:\/\/vocesparalelas.com.ar\/sitio\/wp-content\/uploads\/2019\/06\/ELOY-CAMUS-800x450.jpg 800w, https:\/\/vocesparalelas.com.ar\/sitio\/wp-content\/uploads\/2019\/06\/ELOY-CAMUS-300x169.jpg 300w, https:\/\/vocesparalelas.com.ar\/sitio\/wp-content\/uploads\/2019\/06\/ELOY-CAMUS-768x432.jpg 768w, https:\/\/vocesparalelas.com.ar\/sitio\/wp-content\/uploads\/2019\/06\/ELOY-CAMUS.jpg 1000w\" sizes=\"auto, (max-width: 800px) 100vw, 800px\" \/><\/p>\n<p>&nbsp;<\/p>\n","protected":false},"excerpt":{"rendered":"<p>El Ministerio de Educaci\u00f3n del Gobierno de San Juan abri\u00f3 la inscripci\u00f3n on line para las charlas sobre el \u00abFortalecimiento<\/p>\n","protected":false},"author":3,"featured_media":28629,"comment_status":"closed","ping_status":"closed","sticky":false,"template":"","format":"standard","meta":{"_acf_changed":false,"_seopress_robots_primary_cat":"none","_seopress_titles_title":"","_seopress_titles_desc":"","_seopress_robots_index":"","colormag_page_container_layout":"default_layout","colormag_page_sidebar_layout":"default_layout","footnotes":""},"categories":[9],"tags":[],"class_list":["post-70596","post","type-post","status-publish","format-standard","has-post-thumbnail","hentry","category-cursos"],"acf":[],"_links":{"self":[{"href":"https:\/\/vocesparalelas.com.ar\/sitio\/wp-json\/wp\/v2\/posts\/70596","targetHints":{"allow":["GET"]}}],"collection":[{"href":"https:\/\/vocesparalelas.com.ar\/sitio\/wp-json\/wp\/v2\/posts"}],"about":[{"href":"https:\/\/vocesparalelas.com.ar\/sitio\/wp-json\/wp\/v2\/types\/post"}],"author":[{"embeddable":true,"href":"https:\/\/vocesparalelas.com.ar\/sitio\/wp-json\/wp\/v2\/users\/3"}],"replies":[{"embeddable":true,"href":"https:\/\/vocesparalelas.com.ar\/sitio\/wp-json\/wp\/v2\/comments?post=70596"}],"version-history":[{"count":1,"href":"https:\/\/vocesparalelas.com.ar\/sitio\/wp-json\/wp\/v2\/posts\/70596\/revisions"}],"predecessor-version":[{"id":70601,"href":"https:\/\/vocesparalelas.com.ar\/sitio\/wp-json\/wp\/v2\/posts\/70596\/revisions\/70601"}],"wp:featuredmedia":[{"embeddable":true,"href":"https:\/\/vocesparalelas.com.ar\/sitio\/wp-json\/wp\/v2\/media\/28629"}],"wp:attachment":[{"href":"https:\/\/vocesparalelas.com.ar\/sitio\/wp-json\/wp\/v2\/media?parent=70596"}],"wp:term":[{"taxonomy":"category","embeddable":true,"href":"https:\/\/vocesparalelas.com.ar\/sitio\/wp-json\/wp\/v2\/categories?post=70596"},{"taxonomy":"post_tag","embeddable":true,"href":"https:\/\/vocesparalelas.com.ar\/sitio\/wp-json\/wp\/v2\/tags?post=70596"}],"curies":[{"name":"wp","href":"https:\/\/api.w.org\/{rel}","templated":true}]}}