{"id":70589,"date":"2024-03-21T16:06:16","date_gmt":"2024-03-21T19:06:16","guid":{"rendered":"https:\/\/vocesparalelas.com.ar\/sitio\/?p=70589"},"modified":"2024-03-23T12:20:34","modified_gmt":"2024-03-23T15:20:34","slug":"campana-nacional-de-vacunacion-antigripal-2024-en-san-juan","status":"publish","type":"post","link":"https:\/\/vocesparalelas.com.ar\/sitio\/campana-nacional-de-vacunacion-antigripal-2024-en-san-juan\/","title":{"rendered":"Campa\u00f1a Nacional de Vacunaci\u00f3n Antigripal 2024 en San Juan"},"content":{"rendered":"<p>En San Juan se hizo el lanzamiento oficial del operativo, en simult\u00e1neo con Argentina, en el Vacunatorio Provincial a cargo de la jefa del Departamento de Medicina Sanitaria, Dra. Cecilia Clavijo y de la titular de la Divisi\u00f3n Epidemiolog\u00eda, Dra. Liliana Bertoni.<\/p>\n<p><img loading=\"lazy\" decoding=\"async\" class=\"alignnone size-full wp-image-70592\" src=\"https:\/\/vocesparalelas.com.ar\/sitio\/wp-content\/uploads\/2024\/03\/SAN-JUAN-ANTIGRIPAL.jpg\" alt=\"\" width=\"800\" height=\"450\" srcset=\"https:\/\/vocesparalelas.com.ar\/sitio\/wp-content\/uploads\/2024\/03\/SAN-JUAN-ANTIGRIPAL.jpg 800w, https:\/\/vocesparalelas.com.ar\/sitio\/wp-content\/uploads\/2024\/03\/SAN-JUAN-ANTIGRIPAL-300x169.jpg 300w, https:\/\/vocesparalelas.com.ar\/sitio\/wp-content\/uploads\/2024\/03\/SAN-JUAN-ANTIGRIPAL-768x432.jpg 768w\" sizes=\"auto, (max-width: 800px) 100vw, 800px\" \/><\/p>\n<p>Las funcionarias brindaron todos los detalles de la campa\u00f1a destinada, especialmente a vacunar a los mayores de 65 a\u00f1os, ni\u00f1os de 24 meses a 8 a\u00f1os con comorbilidades, entre otros, y en una primera parte destinada a la poblaci\u00f3n objetivo con riesgos de complicaciones.<\/p>\n<p>\u201cLa vacuna antigripal tiene como fin disminuir las consecuencias, las secuelas, las hospitalizaciones y la mortalidad de los pacientes con factores de riesgo. Esta campa\u00f1a, adem\u00e1s, intenta vacunar especialmente a la poblaci\u00f3n objetivo antes de los meses de invierno\u201d, dijo la titular del Departamento de Medicina Sanitaria.<\/p>\n<p>Dentro de estos grupos, los pacientes que tengan comorbilidades van a necesitar una prescripci\u00f3n m\u00e9dica \u201cpor \u00fanica vez\u201d.<\/p>\n<p>Es importante destacar que los pacientes mayores de 65 a\u00f1os que vivan en el Gran San Juan<\/p>\n<ul>\n<li>Capital<\/li>\n<li>Rawson<\/li>\n<li>Santa Luc\u00eda<\/li>\n<li>Chimbas<\/li>\n<li>Rivadavia<\/li>\n<\/ul>\n<p>Deben asistir al Vacunatorio Provincial, Avenida Espa\u00f1a 587 &#8211; N &#8211; Capital.<\/p>\n<p>Los habitantes contenidos entre la poblaci\u00f3n objetivo del primer grupo que no habiten en la zona mencionada, la tendr\u00e1n preparadas en los hospitales y centros sanitarios m\u00e1s cercanos al domicilio.<\/p>\n<p>Cecilia Clavijo cit\u00f3 en m\u00e1s de 100.000 personas las habilitadas para inmunizarse en esta primera etapa, y la proyecci\u00f3n que realizan desde el ministerio de Salud de la provincia es inmunizar al 95% de las personas consideradas en el segmento \u201cpoblaci\u00f3n en riesgo\u201d.<\/p>\n<p><span style=\"color: #ff0000;\"><strong>Primer grupo a vacunar<\/strong><\/span><\/p>\n<ul>\n<li>Lactantes menores de 24 meses.<\/li>\n<li>Ni\u00f1os de 24 meses a 8 a\u00f1os con comorbilidades.<\/li>\n<li>Personal esencial (Fuerzas de seguridad).<\/li>\n<li>Embarazadas.<\/li>\n<li>Mayores de 65 a\u00f1os.<\/li>\n<li>Personal de Salud.<\/li>\n<li>Personal esencial (Fuerzas de seguridad).<\/li>\n<\/ul>\n<p><img loading=\"lazy\" decoding=\"async\" class=\"alignnone size-full wp-image-57580\" src=\"https:\/\/vocesparalelas.com.ar\/sitio\/wp-content\/uploads\/2023\/03\/VACUNATORIO-CENTRAL.jpg\" alt=\"\" width=\"800\" height=\"600\" srcset=\"https:\/\/vocesparalelas.com.ar\/sitio\/wp-content\/uploads\/2023\/03\/VACUNATORIO-CENTRAL.jpg 800w, https:\/\/vocesparalelas.com.ar\/sitio\/wp-content\/uploads\/2023\/03\/VACUNATORIO-CENTRAL-300x225.jpg 300w, https:\/\/vocesparalelas.com.ar\/sitio\/wp-content\/uploads\/2023\/03\/VACUNATORIO-CENTRAL-768x576.jpg 768w\" sizes=\"auto, (max-width: 800px) 100vw, 800px\" \/><\/p>\n","protected":false},"excerpt":{"rendered":"<p>En San Juan se hizo el lanzamiento oficial del operativo, en simult\u00e1neo con Argentina, en el Vacunatorio Provincial a cargo<\/p>\n","protected":false},"author":3,"featured_media":3895,"comment_status":"closed","ping_status":"closed","sticky":false,"template":"","format":"standard","meta":{"_acf_changed":false,"_seopress_robots_primary_cat":"none","_seopress_titles_title":"","_seopress_titles_desc":"","_seopress_robots_index":"","colormag_page_container_layout":"default_layout","colormag_page_sidebar_layout":"default_layout","footnotes":""},"categories":[6],"tags":[],"class_list":["post-70589","post","type-post","status-publish","format-standard","has-post-thumbnail","hentry","category-eventos"],"acf":[],"_links":{"self":[{"href":"https:\/\/vocesparalelas.com.ar\/sitio\/wp-json\/wp\/v2\/posts\/70589","targetHints":{"allow":["GET"]}}],"collection":[{"href":"https:\/\/vocesparalelas.com.ar\/sitio\/wp-json\/wp\/v2\/posts"}],"about":[{"href":"https:\/\/vocesparalelas.com.ar\/sitio\/wp-json\/wp\/v2\/types\/post"}],"author":[{"embeddable":true,"href":"https:\/\/vocesparalelas.com.ar\/sitio\/wp-json\/wp\/v2\/users\/3"}],"replies":[{"embeddable":true,"href":"https:\/\/vocesparalelas.com.ar\/sitio\/wp-json\/wp\/v2\/comments?post=70589"}],"version-history":[{"count":1,"href":"https:\/\/vocesparalelas.com.ar\/sitio\/wp-json\/wp\/v2\/posts\/70589\/revisions"}],"predecessor-version":[{"id":70593,"href":"https:\/\/vocesparalelas.com.ar\/sitio\/wp-json\/wp\/v2\/posts\/70589\/revisions\/70593"}],"wp:featuredmedia":[{"embeddable":true,"href":"https:\/\/vocesparalelas.com.ar\/sitio\/wp-json\/wp\/v2\/media\/3895"}],"wp:attachment":[{"href":"https:\/\/vocesparalelas.com.ar\/sitio\/wp-json\/wp\/v2\/media?parent=70589"}],"wp:term":[{"taxonomy":"category","embeddable":true,"href":"https:\/\/vocesparalelas.com.ar\/sitio\/wp-json\/wp\/v2\/categories?post=70589"},{"taxonomy":"post_tag","embeddable":true,"href":"https:\/\/vocesparalelas.com.ar\/sitio\/wp-json\/wp\/v2\/tags?post=70589"}],"curies":[{"name":"wp","href":"https:\/\/api.w.org\/{rel}","templated":true}]}}