{"id":70584,"date":"2024-03-21T15:58:22","date_gmt":"2024-03-21T18:58:22","guid":{"rendered":"https:\/\/vocesparalelas.com.ar\/sitio\/?p=70584"},"modified":"2024-03-22T23:24:05","modified_gmt":"2024-03-23T02:24:05","slug":"se-lanzo-un-nuevo-asistente-virtual-cedi-para-agilizar-tramites-por-whatsapp-en-san-juan","status":"publish","type":"post","link":"https:\/\/vocesparalelas.com.ar\/sitio\/se-lanzo-un-nuevo-asistente-virtual-cedi-para-agilizar-tramites-por-whatsapp-en-san-juan\/","title":{"rendered":"Se lanz\u00f3 un nuevo asistente virtual CEDI para agilizar tr\u00e1mites por WhatsApp en San Juan"},"content":{"rendered":"<p>El Jueves, 21 de Marzo, se present\u00f3 oficialmente el nuevo asistente virtual del Gobierno de San Juan CIDI, un asistente virtual con el que los usuarios podr\u00e1n realizar los tr\u00e1mites digitales m\u00e1s f\u00e1cil y r\u00e1pidamente, a trav\u00e9s de Whatsapp.<\/p>\n<p>Se trata de una herramienta que funciona las 24 horas del d\u00eda, pensada para dar soluci\u00f3n y mayor accesibilidad de las personas al sistema de salud, por ejemplo a trav\u00e9s de la solicitud de turnos. Esta es la primera herramienta de varias que se lanz\u00f3 y que forman parte de la modernizaci\u00f3n del Estado.<\/p>\n<p>El acto estuvo encabezado por el gobernador, Dr. Marcelo Orrego, acompa\u00f1ado por el ministro de Salud, Dr. Am\u00edlcar Dobladez; secretario de Transformaci\u00f3n Digital y Modernizaci\u00f3n del Estado, Fabricio Echegaray; autoridades del Poder Ejecutivo Provincial.<\/p>\n<p>CiDi funciona desde el n\u00famero 2644592201, y permite chatear con este asistente para solicitar turnos m\u00e9dicos en todos los hospitales y centros de salud de la provincia, de forma autogestionada por cada ciudadano.<\/p>\n<p>En el comienzo del acto, el gobernador Orrego dijo que \u201cel lanzamiento de este bot nos va a permitir acceder a tr\u00e1mites m\u00e1s r\u00e1pido, a todos los sanjuaninos desde sus casas\u201d.<\/p>\n<p>Y agreg\u00f3 que \u201ctiene que ver con poder acceder r\u00e1pidamente a un turno en un centro de salud o, por ejemplo, obtener una partida de nacimiento, o hacer una denuncia en defensa al consumidor. Es una herramienta m\u00e1s que vamos a implementar y que va a tener una mejora continua, lo que significa que va hacerle la vida m\u00e1s sencilla y m\u00e1s r\u00e1pida a aquellas personas que precisan m\u00e1s informaci\u00f3n\u201d.<\/p>\n<p>Para cerrar, el gobernador envi\u00f3 sus \u201crespeto y cari\u00f1o a las personas con S\u00edndrome de Down, y decirles que tenemos que trabajar por un mundo m\u00e1s inclusivo \u201c, en alusi\u00f3n a la fecha que se recuerda hoy.<\/p>\n<p>Seguidamente, el Dr. Amilcar Dobladez puso el foco en la nueva herramienta, que ser\u00e1 de mejoramiento continuo y servir\u00e1 para contribuir a la descentralizaci\u00f3n del sistema de salud de la provincia.<\/p>\n<p>\u201cLa colaboraci\u00f3n del gobernador en el proyecto y su perseverancia para que finalmente viera la luz, es algo que demandaba la gente. Lo logramos con equipos de trabajo del Ministerio de Salud, de las secretar\u00edas de Modernizaci\u00f3n del Estado y de Planificaci\u00f3n, quienes trabajaron de sol a sol\u201d.<\/p>\n<p>\u201cEsto se obtuvo con recursos propios, lo que nos da la pauta de que tenemos que confiar en nuestros equipos para lograr las grandes empresas. Agradecemos tambi\u00e9n al sector de Salud, que ser\u00e1n los efectores del sistema\u201d, concluy\u00f3 y se refiri\u00f3 tambi\u00e9n al D\u00eda de la Personas con S\u00edndrome de Down.<\/p>\n<p>Para cerrar la serie de discursos, Echegaray manifest\u00f3 el compromiso del gobierno para facilitar a los ciudadanos el acceso a tr\u00e1mites digitales.<\/p>\n<p>Se trata de una nueva herramienta desarrollada con IA para agilizar la comunicaci\u00f3n entre los ciudadanos y las distintas dependencias del gobierno local. \u201cAgradezco a quienes fueron parte del desarrollo del proyecto, en un trabajo mancomunado que es testimonio de lo que podemos lograr cuando unimos fuerzas para cumplir un objetivo, en \u00e9ste caso, facilitar la informaci\u00f3n a los ciudadanos de San Juan\u201d, dijo Echegaray.<\/p>\n<p>En este marco, el Gobierno de la Provincia trabaja bajo el paradigma de Gobierno Digital, sustentado en tres pilares: la transparencia, la colaboraci\u00f3n y la participaci\u00f3n, priorizando la innovaci\u00f3n en todos los procesos.<\/p>\n<p>Por su parte, la Secretar\u00eda de Transformaci\u00f3n Digital y Modernizaci\u00f3n del Estado del Gobierno de San Juan, apunta a mejorar y refuncionalizar la aplicaci\u00f3n Ciudadano Digital y uno de sus servicios es el Bot de respuestas autom\u00e1ticas al Ciudadano, denominado CIDI.<\/p>\n<p>De \u00e9sta manera, la forma de acercar el Gobierno de San Juan al ciudadano es por medio de herramientas de uso masivo disponibles en cada Tel\u00e9fono M\u00f3vil, en este caso se utiliz\u00f3 el Whatsapp. Para ello, se relevaron todos los n\u00fameros de bots usados hasta el momento y se unificaron en un solo: N\u00famero de CIDI +54 9 2644 59-2201<br \/>\nEnlace:<\/p>\n<p><a href=\"https:\/\/wa.me\/5492644592201\">https:\/\/wa.me\/5492644592201<\/a><\/p>\n<p><span style=\"color: #ff6600;\"><strong>Los detalles de CIDI<\/strong><\/span><\/p>\n<p>Con CIDI se accede r\u00e1pidamente al sistema de Salud. En \u00e9sta primera etapa, los usuarios podr\u00e1n autogestionar turnos m\u00e9dicos en todos los hospitales y centros de salud de la provincia.<\/p>\n<p>En complementariedad con el 0800, desde CIDI se podr\u00e1 ingresar a la agenda de turnos m\u00e9dicos de primera consulta en centros de salud de la periferia y hospitales descentralizados y\/o turnos por derivaci\u00f3n.<\/p>\n<p>El turno se solicitar\u00e1 con el DNI y se obtendr\u00e1 cerca del domicilio del paciente para descentralizar la atenci\u00f3n m\u00e9dica, lo que permitir\u00e1 descongestionar el 0800, colapsado en la actualidad.<\/p>\n<p>Luego, el sistema notificar\u00e1 por SMS la obtenci\u00f3n del turno y\/o su cancelaci\u00f3n, con 48 horas de anticipaci\u00f3n a la consulta asignada.<\/p>\n<p>Sumado a ello, en Salud se agregan dos herramientas a las existentes: el n\u00famero de Whatsapp y la p\u00e1gina web del ministerio.<\/p>\n<p>Adem\u00e1s, cabe mencionar que, dentro del dinamismo de la herramienta, ir\u00e1 perfeccion\u00e1ndose con la opini\u00f3n de la gente; para ello se har\u00e1 una encuesta luego de sacar el turno para ajustar el mecanismo.<\/p>\n<p>Finalmente se destac\u00f3 que esta herramienta, adem\u00e1s del sistema de turnos de salud, brinda otros servicios como denuncias en la Direcci\u00f3n de Defensa al Consumidor, acceso a documentos e informaci\u00f3n personal, gu\u00eda de tr\u00e1mites de cada ministerio, entre otros que se ir\u00e1n ampliando con el tiempo.<\/p>\n<p><iframe loading=\"lazy\" title=\"CIDI SAN JUAN\" width=\"800\" height=\"450\" src=\"https:\/\/www.youtube.com\/embed\/j_OBA8Vtx00?feature=oembed\" frameborder=\"0\" allow=\"accelerometer; autoplay; clipboard-write; encrypted-media; gyroscope; picture-in-picture; web-share\" allowfullscreen><\/iframe><\/p>\n","protected":false},"excerpt":{"rendered":"<p>El Jueves, 21 de Marzo, se present\u00f3 oficialmente el nuevo asistente virtual del Gobierno de San Juan CIDI, un asistente<\/p>\n","protected":false},"author":3,"featured_media":70587,"comment_status":"closed","ping_status":"closed","sticky":false,"template":"","format":"standard","meta":{"_acf_changed":false,"_seopress_robots_primary_cat":"none","_seopress_titles_title":"","_seopress_titles_desc":"","_seopress_robots_index":"","colormag_page_container_layout":"default_layout","colormag_page_sidebar_layout":"default_layout","footnotes":""},"categories":[5,7],"tags":[],"class_list":["post-70584","post","type-post","status-publish","format-standard","has-post-thumbnail","hentry","category-ofrecimientos","category-videos"],"acf":[],"_links":{"self":[{"href":"https:\/\/vocesparalelas.com.ar\/sitio\/wp-json\/wp\/v2\/posts\/70584","targetHints":{"allow":["GET"]}}],"collection":[{"href":"https:\/\/vocesparalelas.com.ar\/sitio\/wp-json\/wp\/v2\/posts"}],"about":[{"href":"https:\/\/vocesparalelas.com.ar\/sitio\/wp-json\/wp\/v2\/types\/post"}],"author":[{"embeddable":true,"href":"https:\/\/vocesparalelas.com.ar\/sitio\/wp-json\/wp\/v2\/users\/3"}],"replies":[{"embeddable":true,"href":"https:\/\/vocesparalelas.com.ar\/sitio\/wp-json\/wp\/v2\/comments?post=70584"}],"version-history":[{"count":1,"href":"https:\/\/vocesparalelas.com.ar\/sitio\/wp-json\/wp\/v2\/posts\/70584\/revisions"}],"predecessor-version":[{"id":70588,"href":"https:\/\/vocesparalelas.com.ar\/sitio\/wp-json\/wp\/v2\/posts\/70584\/revisions\/70588"}],"wp:featuredmedia":[{"embeddable":true,"href":"https:\/\/vocesparalelas.com.ar\/sitio\/wp-json\/wp\/v2\/media\/70587"}],"wp:attachment":[{"href":"https:\/\/vocesparalelas.com.ar\/sitio\/wp-json\/wp\/v2\/media?parent=70584"}],"wp:term":[{"taxonomy":"category","embeddable":true,"href":"https:\/\/vocesparalelas.com.ar\/sitio\/wp-json\/wp\/v2\/categories?post=70584"},{"taxonomy":"post_tag","embeddable":true,"href":"https:\/\/vocesparalelas.com.ar\/sitio\/wp-json\/wp\/v2\/tags?post=70584"}],"curies":[{"name":"wp","href":"https:\/\/api.w.org\/{rel}","templated":true}]}}