{"id":70580,"date":"2024-03-21T14:45:40","date_gmt":"2024-03-21T17:45:40","guid":{"rendered":"https:\/\/vocesparalelas.com.ar\/sitio\/?p=70580"},"modified":"2024-03-22T23:23:42","modified_gmt":"2024-03-23T02:23:42","slug":"capacitacion-en-tecnologia-para-mayores-de-50-anos-en-san-juan","status":"publish","type":"post","link":"https:\/\/vocesparalelas.com.ar\/sitio\/capacitacion-en-tecnologia-para-mayores-de-50-anos-en-san-juan\/","title":{"rendered":"Capacitaci\u00f3n en tecnolog\u00eda para mayores de 50 a\u00f1os en San Juan"},"content":{"rendered":"<p>Hasta el 24 de Marzo hay plazo para inscribirse en estos cursos totalmente on line que lanza el Centro de Econom\u00eda del Conocimiento e Innovaci\u00f3n, CECI San Juan lanza en conjunto con el BID Lab e EIDOS Global, el programa SilverTech en San Juan.<\/p>\n<p>Se trata de una iniciativa para que las personas de m\u00e1s de 50 a\u00f1os puedan capacitarse en tecnolog\u00eda, mejoren sus posibilidades laborales y de desempe\u00f1o en el mundo digital.<\/p>\n<p>Estos cursos se dictar\u00e1n en marzo y abril y buscan revalorizar el talento y acompa\u00f1ar a las personas de m\u00e1s de 50 a\u00f1os en la transformaci\u00f3n de su trayectoria laboral por un lado y crear una comunidad de empresas que lidere un cambio sist\u00e9mico en la b\u00fasqueda y contrataci\u00f3n de personas de esa edad. Estos cursos, est\u00e1n a tono con el lineamiento del gobernador Marcelo Orrego, de dar herramientas para que todos los sanjuaninos puedan insertarse en el San Juan productivo.<\/p>\n<p>Cabe destacar, que el Centro de Econom\u00eda del Conocimiento, depende de la Secretar\u00eda de Ciencia, Tecnolog\u00eda e Innovaci\u00f3n del Ministerio de Producci\u00f3n, Trabajo en Innovaci\u00f3n. La iniciativa tiene a su vez el apoyo de los gigantes tecnol\u00f3gicos Accenture, Google, Microsoft, Salesforce y Red Hat, entre otros.<\/p>\n<p>Seg\u00fan el estudio Employer Brand Research de Randstad, s\u00f3lo en Argentina, quedan m\u00e1s de 10.000 puestos por a\u00f1o sin cubrir. Es por eso, que existe una b\u00fasqueda global por formar a la mayor cantidad de personas en este tipo de perfiles, lo que genera adem\u00e1s una interesante oportunidad laboral en los sectores m\u00e1s pujantes de la econom\u00eda.<\/p>\n<p>Los organizadores entienden que promover la vida laboral de las personas de +50 a\u00f1os es importante no solamente en relaci\u00f3n con la falta de la fuerza laboral, sino tambi\u00e9n para que este segmento tenga una mejor calidad de vida, y que adem\u00e1s permite capitalizar la experiencia y el talento de estos profesionales.<\/p>\n<p><strong><span style=\"color: #ff6600;\">Requisitos<\/span><\/strong><\/p>\n<ul>\n<li>Tener 50 a\u00f1os o m\u00e1s.<\/li>\n<li>Ser residente en Argentina.<\/li>\n<li>Tener t\u00edtulo secundario.<\/li>\n<li>Tener a disposici\u00f3n un dispositivo electr\u00f3nico y acceso a internet<\/li>\n<li>Contar con m\u00e1s de 6 horas semanales para dedicar a la formaci\u00f3n.<\/li>\n<li>Contar con habilidades digitales que te permitan manejar e-mails, descargar archivos o poder unirte a videoconferencias, ya que la cursada es virtual.<\/li>\n<\/ul>\n<p><span style=\"color: #ff6600;\"><strong>M\u00e1s informaci\u00f3n<\/strong><\/span><\/p>\n<p><a href=\"https:\/\/soysilvertech.org\/\">https:\/\/soysilvertech.org\/<\/a><\/p>\n<p>&nbsp;<\/p>\n<p><img loading=\"lazy\" decoding=\"async\" class=\"alignnone size-full wp-image-69483\" src=\"https:\/\/vocesparalelas.com.ar\/sitio\/wp-content\/uploads\/2024\/02\/CECI-SJ-02.jpg\" alt=\"\" width=\"800\" height=\"451\" srcset=\"https:\/\/vocesparalelas.com.ar\/sitio\/wp-content\/uploads\/2024\/02\/CECI-SJ-02.jpg 800w, https:\/\/vocesparalelas.com.ar\/sitio\/wp-content\/uploads\/2024\/02\/CECI-SJ-02-300x169.jpg 300w, https:\/\/vocesparalelas.com.ar\/sitio\/wp-content\/uploads\/2024\/02\/CECI-SJ-02-768x433.jpg 768w\" sizes=\"auto, (max-width: 800px) 100vw, 800px\" \/><\/p>\n","protected":false},"excerpt":{"rendered":"<p>Hasta el 24 de Marzo hay plazo para inscribirse en estos cursos totalmente on line que lanza el Centro de<\/p>\n","protected":false},"author":3,"featured_media":27682,"comment_status":"closed","ping_status":"closed","sticky":false,"template":"","format":"standard","meta":{"_acf_changed":false,"_seopress_robots_primary_cat":"none","_seopress_titles_title":"","_seopress_titles_desc":"","_seopress_robots_index":"","colormag_page_container_layout":"default_layout","colormag_page_sidebar_layout":"default_layout","footnotes":""},"categories":[9],"tags":[],"class_list":["post-70580","post","type-post","status-publish","format-standard","has-post-thumbnail","hentry","category-cursos"],"acf":[],"_links":{"self":[{"href":"https:\/\/vocesparalelas.com.ar\/sitio\/wp-json\/wp\/v2\/posts\/70580","targetHints":{"allow":["GET"]}}],"collection":[{"href":"https:\/\/vocesparalelas.com.ar\/sitio\/wp-json\/wp\/v2\/posts"}],"about":[{"href":"https:\/\/vocesparalelas.com.ar\/sitio\/wp-json\/wp\/v2\/types\/post"}],"author":[{"embeddable":true,"href":"https:\/\/vocesparalelas.com.ar\/sitio\/wp-json\/wp\/v2\/users\/3"}],"replies":[{"embeddable":true,"href":"https:\/\/vocesparalelas.com.ar\/sitio\/wp-json\/wp\/v2\/comments?post=70580"}],"version-history":[{"count":1,"href":"https:\/\/vocesparalelas.com.ar\/sitio\/wp-json\/wp\/v2\/posts\/70580\/revisions"}],"predecessor-version":[{"id":70583,"href":"https:\/\/vocesparalelas.com.ar\/sitio\/wp-json\/wp\/v2\/posts\/70580\/revisions\/70583"}],"wp:featuredmedia":[{"embeddable":true,"href":"https:\/\/vocesparalelas.com.ar\/sitio\/wp-json\/wp\/v2\/media\/27682"}],"wp:attachment":[{"href":"https:\/\/vocesparalelas.com.ar\/sitio\/wp-json\/wp\/v2\/media?parent=70580"}],"wp:term":[{"taxonomy":"category","embeddable":true,"href":"https:\/\/vocesparalelas.com.ar\/sitio\/wp-json\/wp\/v2\/categories?post=70580"},{"taxonomy":"post_tag","embeddable":true,"href":"https:\/\/vocesparalelas.com.ar\/sitio\/wp-json\/wp\/v2\/tags?post=70580"}],"curies":[{"name":"wp","href":"https:\/\/api.w.org\/{rel}","templated":true}]}}