{"id":70482,"date":"2024-03-19T21:28:57","date_gmt":"2024-03-20T00:28:57","guid":{"rendered":"https:\/\/vocesparalelas.com.ar\/sitio\/?p=70482"},"modified":"2024-03-20T21:34:02","modified_gmt":"2024-03-21T00:34:02","slug":"las-obras-de-teatro-un-espacio-de-encuentros-reflexiones-y-emociones-en-san-juan","status":"publish","type":"post","link":"https:\/\/vocesparalelas.com.ar\/sitio\/las-obras-de-teatro-un-espacio-de-encuentros-reflexiones-y-emociones-en-san-juan\/","title":{"rendered":"Las Obras de Teatro un espacio de encuentros, reflexiones y emociones en San Juan"},"content":{"rendered":"<p>En el a\u00f1o 1962, el Instituto Internacional del Teatro de la UNESCO tom\u00f3 la decisi\u00f3n de honrar y destacar la dramaturgia mediante la instauraci\u00f3n de una jornada mundial dedicada al arte.<\/p>\n<p>La celebraci\u00f3n, fijada para el 27 de Marzo de cada a\u00f1o, tiene ra\u00edces profundas en la historia teatral mundial.<\/p>\n<p>En sinton\u00eda con esta iniciativa global, el Ministerio de Turismo, Cultura y Deporte del Gobierno de San Juan, a trav\u00e9s del Teatro Sarmiento y el Chalet Cantoni \u00abCasa Cultural\u00bb y con el apoyo del Instituto Nacional de Teatro, ofrece una variedad de propuestas teatrales con el objetivo de promover la actividad en la provincia.<\/p>\n<p>Durante cinco d\u00edas, elencos de la comunidad teatral de San Juan, deleitan al p\u00fablico con obras para todos los gustos y edades. Las propuestas buscan que el teatro sigua siendo un espacio de encuentro, reflexi\u00f3n y emoci\u00f3n.<\/p>\n<p>Entre las puestas en escena que se pueden disfrutar en el Teatro Sarmiento, cuyas entradas van desde los 2.000 a 4.000 pesos<\/p>\n<ul>\n<li>\u00abMaison Tango\u00bb;<\/li>\n<li>\u201cSer o no ser clown\u201d;<\/li>\n<li>\u201cM\u00e9dico a Palos\u201d;<\/li>\n<li>\u201cTeatro Tomado\u201d;<\/li>\n<li>\u201cBrillo\u201d;<\/li>\n<li>Los \u00e1rboles mueren de pie;<\/li>\n<li>\u201cM15 &#8211; el club del impro\u201d;<\/li>\n<li>\u201cVos sos un amor\u201d.<\/li>\n<\/ul>\n<p>La grilla con los diferentes d\u00edas, horarios y costos de cada obra pueden ser consultadas en la cuenta oficial del teatro, <a href=\"https:\/\/www.instagram.com\/teatrosarmiento?igsh=bGoxZ3R4MHBoeWNk\" target=\"_blank\" rel=\"noopener noreferrer\">@teatrosarmiento<\/a>.<\/p>\n<p><img loading=\"lazy\" decoding=\"async\" class=\"alignnone size-large wp-image-15615\" src=\"https:\/\/vocesparalelas.com.ar\/sitio\/wp-content\/uploads\/2018\/10\/TEATRO-SARMIENTO-800x533.jpg\" alt=\"\" width=\"800\" height=\"533\" srcset=\"https:\/\/vocesparalelas.com.ar\/sitio\/wp-content\/uploads\/2018\/10\/TEATRO-SARMIENTO-800x533.jpg 800w, https:\/\/vocesparalelas.com.ar\/sitio\/wp-content\/uploads\/2018\/10\/TEATRO-SARMIENTO-300x200.jpg 300w, https:\/\/vocesparalelas.com.ar\/sitio\/wp-content\/uploads\/2018\/10\/TEATRO-SARMIENTO-768x511.jpg 768w, https:\/\/vocesparalelas.com.ar\/sitio\/wp-content\/uploads\/2018\/10\/TEATRO-SARMIENTO.jpg 1000w\" sizes=\"auto, (max-width: 800px) 100vw, 800px\" \/><\/p>\n<p><span style=\"color: #ff6600;\"><strong>El 27 de Marzo, en el Chalet Cantoni<\/strong><\/span><\/p>\n<ul>\n<li>\u201cClase abierta clown\u201d, de 20 a 21 hs;<\/li>\n<li>\u201cRomeo y Julieta freestyle session\u201d, a las 21 hs.<\/li>\n<li>\u201cDesterrada\u201d, desde las 22 hs.. En este caso la invitaci\u00f3n es libre y gratuita.<\/li>\n<\/ul>\n<p><img loading=\"lazy\" decoding=\"async\" class=\"alignnone size-full wp-image-46297\" src=\"https:\/\/vocesparalelas.com.ar\/sitio\/wp-content\/uploads\/2022\/02\/CHALET-CANTONI.jpg\" alt=\"\" width=\"782\" height=\"440\" srcset=\"https:\/\/vocesparalelas.com.ar\/sitio\/wp-content\/uploads\/2022\/02\/CHALET-CANTONI.jpg 782w, https:\/\/vocesparalelas.com.ar\/sitio\/wp-content\/uploads\/2022\/02\/CHALET-CANTONI-300x169.jpg 300w, https:\/\/vocesparalelas.com.ar\/sitio\/wp-content\/uploads\/2022\/02\/CHALET-CANTONI-768x432.jpg 768w\" sizes=\"auto, (max-width: 782px) 100vw, 782px\" \/><\/p>\n<p>&nbsp;<\/p>\n","protected":false},"excerpt":{"rendered":"<p>En el a\u00f1o 1962, el Instituto Internacional del Teatro de la UNESCO tom\u00f3 la decisi\u00f3n de honrar y destacar la<\/p>\n","protected":false},"author":3,"featured_media":7575,"comment_status":"closed","ping_status":"closed","sticky":false,"template":"","format":"standard","meta":{"_acf_changed":false,"_seopress_robots_primary_cat":"none","_seopress_titles_title":"","_seopress_titles_desc":"","_seopress_robots_index":"","colormag_page_container_layout":"default_layout","colormag_page_sidebar_layout":"default_layout","footnotes":""},"categories":[20],"tags":[],"class_list":["post-70482","post","type-post","status-publish","format-standard","has-post-thumbnail","hentry","category-cartelera"],"acf":[],"_links":{"self":[{"href":"https:\/\/vocesparalelas.com.ar\/sitio\/wp-json\/wp\/v2\/posts\/70482","targetHints":{"allow":["GET"]}}],"collection":[{"href":"https:\/\/vocesparalelas.com.ar\/sitio\/wp-json\/wp\/v2\/posts"}],"about":[{"href":"https:\/\/vocesparalelas.com.ar\/sitio\/wp-json\/wp\/v2\/types\/post"}],"author":[{"embeddable":true,"href":"https:\/\/vocesparalelas.com.ar\/sitio\/wp-json\/wp\/v2\/users\/3"}],"replies":[{"embeddable":true,"href":"https:\/\/vocesparalelas.com.ar\/sitio\/wp-json\/wp\/v2\/comments?post=70482"}],"version-history":[{"count":1,"href":"https:\/\/vocesparalelas.com.ar\/sitio\/wp-json\/wp\/v2\/posts\/70482\/revisions"}],"predecessor-version":[{"id":70485,"href":"https:\/\/vocesparalelas.com.ar\/sitio\/wp-json\/wp\/v2\/posts\/70482\/revisions\/70485"}],"wp:featuredmedia":[{"embeddable":true,"href":"https:\/\/vocesparalelas.com.ar\/sitio\/wp-json\/wp\/v2\/media\/7575"}],"wp:attachment":[{"href":"https:\/\/vocesparalelas.com.ar\/sitio\/wp-json\/wp\/v2\/media?parent=70482"}],"wp:term":[{"taxonomy":"category","embeddable":true,"href":"https:\/\/vocesparalelas.com.ar\/sitio\/wp-json\/wp\/v2\/categories?post=70482"},{"taxonomy":"post_tag","embeddable":true,"href":"https:\/\/vocesparalelas.com.ar\/sitio\/wp-json\/wp\/v2\/tags?post=70482"}],"curies":[{"name":"wp","href":"https:\/\/api.w.org\/{rel}","templated":true}]}}