{"id":70465,"date":"2024-03-18T21:22:58","date_gmt":"2024-03-19T00:22:58","guid":{"rendered":"https:\/\/vocesparalelas.com.ar\/sitio\/?p=70465"},"modified":"2024-03-20T00:52:28","modified_gmt":"2024-03-20T03:52:28","slug":"inscripcion-de-productores-mineros-en-san-juan","status":"publish","type":"post","link":"https:\/\/vocesparalelas.com.ar\/sitio\/inscripcion-de-productores-mineros-en-san-juan\/","title":{"rendered":"Inscripci\u00f3n de Productores Mineros en San Juan"},"content":{"rendered":"<p>El Ministerio de Miner\u00eda del Gobierno de San Juan, a trav\u00e9s de su Registro de Productores Mineros abre las inscripciones para:<\/p>\n<ul>\n<li>Productores mineros,<\/li>\n<li>Industriales mineros o<\/li>\n<li>Comerciantes.<\/li>\n<\/ul>\n<p>Esto incluye la reinscripci\u00f3n en cualquiera de los casos. El tr\u00e1mite est\u00e1 habilitado hasta el 31 de Marzo de 2024 inclusive y sin excepci\u00f3n hasta ese d\u00eda.<\/p>\n<p>Los interesados deben presentar la solicitud de inscripci\u00f3n provista en las oficinas del Registro de Productores Mineros, Centro C\u00edvico &#8211; 5to piso &#8211; N\u00facleo 7, en horario de 7 a 13 horas. Para mayores detalles se pueden comunicar al 4306958.<\/p>\n<p>En el caso de reinscripci\u00f3n, se deber\u00e1 presentar la declaraci\u00f3n jurada de producci\u00f3n del a\u00f1o anterior y haber presentado actualizaci\u00f3n del Informe de Impacto Ambiental (IIA), en el caso de que el mismo se encuentre vencido.<\/p>\n<ul>\n<li>La reinscripci\u00f3n vale 100 UT<\/li>\n<li>Certificado 100 UT<\/li>\n<li>Por foja 1 UT<\/li>\n<\/ul>\n<p><img loading=\"lazy\" decoding=\"async\" class=\"alignnone size-full wp-image-65642\" src=\"https:\/\/vocesparalelas.com.ar\/sitio\/wp-content\/uploads\/2023\/11\/GOBIERNO-SAN-JUAN.jpg\" alt=\"\" width=\"800\" height=\"600\" srcset=\"https:\/\/vocesparalelas.com.ar\/sitio\/wp-content\/uploads\/2023\/11\/GOBIERNO-SAN-JUAN.jpg 800w, https:\/\/vocesparalelas.com.ar\/sitio\/wp-content\/uploads\/2023\/11\/GOBIERNO-SAN-JUAN-300x225.jpg 300w, https:\/\/vocesparalelas.com.ar\/sitio\/wp-content\/uploads\/2023\/11\/GOBIERNO-SAN-JUAN-768x576.jpg 768w\" sizes=\"auto, (max-width: 800px) 100vw, 800px\" \/><\/p>\n","protected":false},"excerpt":{"rendered":"<p>El Ministerio de Miner\u00eda del Gobierno de San Juan, a trav\u00e9s de su Registro de Productores Mineros abre las inscripciones<\/p>\n","protected":false},"author":3,"featured_media":59964,"comment_status":"closed","ping_status":"closed","sticky":false,"template":"","format":"standard","meta":{"_acf_changed":false,"_seopress_robots_primary_cat":"none","_seopress_titles_title":"","_seopress_titles_desc":"","_seopress_robots_index":"","colormag_page_container_layout":"default_layout","colormag_page_sidebar_layout":"default_layout","footnotes":""},"categories":[2],"tags":[],"class_list":["post-70465","post","type-post","status-publish","format-standard","has-post-thumbnail","hentry","category-convocatorias"],"acf":[],"_links":{"self":[{"href":"https:\/\/vocesparalelas.com.ar\/sitio\/wp-json\/wp\/v2\/posts\/70465","targetHints":{"allow":["GET"]}}],"collection":[{"href":"https:\/\/vocesparalelas.com.ar\/sitio\/wp-json\/wp\/v2\/posts"}],"about":[{"href":"https:\/\/vocesparalelas.com.ar\/sitio\/wp-json\/wp\/v2\/types\/post"}],"author":[{"embeddable":true,"href":"https:\/\/vocesparalelas.com.ar\/sitio\/wp-json\/wp\/v2\/users\/3"}],"replies":[{"embeddable":true,"href":"https:\/\/vocesparalelas.com.ar\/sitio\/wp-json\/wp\/v2\/comments?post=70465"}],"version-history":[{"count":1,"href":"https:\/\/vocesparalelas.com.ar\/sitio\/wp-json\/wp\/v2\/posts\/70465\/revisions"}],"predecessor-version":[{"id":70468,"href":"https:\/\/vocesparalelas.com.ar\/sitio\/wp-json\/wp\/v2\/posts\/70465\/revisions\/70468"}],"wp:featuredmedia":[{"embeddable":true,"href":"https:\/\/vocesparalelas.com.ar\/sitio\/wp-json\/wp\/v2\/media\/59964"}],"wp:attachment":[{"href":"https:\/\/vocesparalelas.com.ar\/sitio\/wp-json\/wp\/v2\/media?parent=70465"}],"wp:term":[{"taxonomy":"category","embeddable":true,"href":"https:\/\/vocesparalelas.com.ar\/sitio\/wp-json\/wp\/v2\/categories?post=70465"},{"taxonomy":"post_tag","embeddable":true,"href":"https:\/\/vocesparalelas.com.ar\/sitio\/wp-json\/wp\/v2\/tags?post=70465"}],"curies":[{"name":"wp","href":"https:\/\/api.w.org\/{rel}","templated":true}]}}