{"id":70459,"date":"2024-03-18T21:06:01","date_gmt":"2024-03-19T00:06:01","guid":{"rendered":"https:\/\/vocesparalelas.com.ar\/sitio\/?p=70459"},"modified":"2024-03-20T00:54:41","modified_gmt":"2024-03-20T03:54:41","slug":"transportes-autorizados-para-el-traslado-escolar-en-san-juan","status":"publish","type":"post","link":"https:\/\/vocesparalelas.com.ar\/sitio\/transportes-autorizados-para-el-traslado-escolar-en-san-juan\/","title":{"rendered":"Transportes autorizados para el traslado escolar en San Juan"},"content":{"rendered":"<p>El Ministerio de Gobierno de San Juan, en coordinaci\u00f3n de la Secretar\u00eda de Tr\u00e1nsito y Transporte, inform\u00f3 qu\u00e9 deben tener en cuenta los padres al momento de la contrataci\u00f3n y uso del servicio del transporte escolar.<\/p>\n<p>Tambi\u00e9n, recomend\u00f3 visualizar que estos veh\u00edculos est\u00e9n debidamente identificados y pintados con los colores correspondientes, \u201cblancos y naranja\u201d, y que tenga impreso el n\u00famero de aditamento y la capacidad m\u00e1xima de ni\u00f1os que puede transportar.<\/p>\n<p>Gobierno brind\u00f3 estas recomendaciones para erradicar el transporte ilegal. Las movilidades que no son autorizadas, no cuentan con un seguro en caso de siniestros viales y ponen en riesgo la integridad de las personas.<\/p>\n<p><span style=\"color: #339966;\"><strong>Requisitos que el padre debe solicitar<\/strong><\/span><\/p>\n<ul>\n<li>Fotocopia de t\u00edtulo y tarjeta verde (certificadas).<\/li>\n<li>Seguro: p\u00f3liza del veh\u00edculo para uso como transporte, $(127.000.000), comprobante de pago del mismo.<\/li>\n<li>Comprobante de patentes al d\u00eda del veh\u00edculo radicado en la provincia de San Juan.<\/li>\n<li>Listado de choferes, nombre apellido, DNI.<\/li>\n<li>Fotocopia de licencia profesional y DNI.<\/li>\n<li>Certificado de antecedentes del titular y choferes.<\/li>\n<li>Servicio contratado (contrato de vinculaci\u00f3n).<\/li>\n<li>Servicio tur\u00edstico: v\u00ednculo con agencia de turismo (titular o contrato).<\/li>\n<li>Registro Provincial de Antecedentes de Conductor (RePAC)<\/li>\n<\/ul>\n<p><strong><span style=\"color: #339966;\">Recomendaciones para los usuarios:<\/span><\/strong><\/p>\n<ul>\n<li>Una vez en el transporte, mantenerse sentados, usar el cintur\u00f3n en todo momento.<\/li>\n<li>No correr ni al llegar ni al salir del transporte<\/li>\n<li>Obedecer las instrucciones del chofer o encargado del transporte<\/li>\n<li>Padres deben respetar las paradas, y no deben esperar a los ni\u00f1os al otro lado de la calzada.<\/li>\n<\/ul>\n<p style=\"text-align: center;\"><span style=\"color: #339966;\"><strong>Listado de Transportes escolares autorizados<\/strong><\/span><\/p>\n<table class=\" aligncenter\" width=\"377\">\n<tbody>\n<tr>\n<td width=\"136\">ALESSI SILVIA<\/td>\n<td width=\"60\">GAP071<\/td>\n<td width=\"182\">POCITO<\/td>\n<\/tr>\n<tr>\n<td width=\"136\">ALIAGA SERGIO<\/td>\n<td width=\"60\">NCM225<\/td>\n<td width=\"182\"><\/td>\n<\/tr>\n<tr>\n<td width=\"136\">CABA\u00d1AS SERGIO<\/td>\n<td width=\"60\">HPD179<\/td>\n<td width=\"182\"><\/td>\n<\/tr>\n<tr>\n<td width=\"136\">CARPINO CESAR<\/td>\n<td width=\"60\">LTE252<\/td>\n<td width=\"182\"><\/td>\n<\/tr>\n<tr>\n<td width=\"136\">CARPINO CESAR<\/td>\n<td width=\"60\">FNX109<\/td>\n<td width=\"182\"><\/td>\n<\/tr>\n<tr>\n<td width=\"136\">CARPINO CESAR<\/td>\n<td width=\"60\">JNL846<\/td>\n<td width=\"182\"><\/td>\n<\/tr>\n<tr>\n<td width=\"136\">DEYMIE GERARDO<\/td>\n<td width=\"60\">AD196WB<\/td>\n<td width=\"182\"><\/td>\n<\/tr>\n<tr>\n<td width=\"136\">DEYMIE GERARDO<\/td>\n<td width=\"60\">KUG450<\/td>\n<td width=\"182\"><\/td>\n<\/tr>\n<tr>\n<td width=\"136\">DEYMIE PEDRO<\/td>\n<td width=\"60\">NGE194<\/td>\n<td width=\"182\"><\/td>\n<\/tr>\n<tr>\n<td width=\"136\">FACHINETTI LEONARDO<\/td>\n<td width=\"60\">AD954TN<\/td>\n<td width=\"182\">CAUCETE-25 DE MAYO-POCITO<\/td>\n<\/tr>\n<tr>\n<td width=\"136\">FORNES OSCAR<\/td>\n<td width=\"60\">GZS687<\/td>\n<td width=\"182\">CAUCETE<\/td>\n<\/tr>\n<tr>\n<td width=\"136\">GRILLO ANTONIO<\/td>\n<td width=\"60\">AD982RB<\/td>\n<td width=\"182\"><\/td>\n<\/tr>\n<tr>\n<td width=\"136\">GUEVARA CARLOS<\/td>\n<td width=\"60\">HUE639<\/td>\n<td width=\"182\">RIVADAVIA-CHIMBAS-CAPITAL<\/td>\n<\/tr>\n<tr>\n<td width=\"136\">GUEVARA NESTOR<\/td>\n<td width=\"60\">FWJ533<\/td>\n<td width=\"182\">RIVADAVIA-CAPITAL-CHIMBAS<\/td>\n<\/tr>\n<tr>\n<td width=\"136\">LAPROVITOLA MARIELA<\/td>\n<td width=\"60\">MHX097<\/td>\n<td width=\"182\"><\/td>\n<\/tr>\n<tr>\n<td width=\"136\">LEPEZ DORA IRMA<\/td>\n<td width=\"60\">LCB461<\/td>\n<td width=\"182\">CAPITAL-SANTA LUCIA-CHIMBAS<\/td>\n<\/tr>\n<tr>\n<td width=\"136\">LOPEZ ANGEL EDUARDO<\/td>\n<td width=\"60\">IER652<\/td>\n<td width=\"182\">RIVADAVIA-CAPITAL-SANTA LUCIA<\/td>\n<\/tr>\n<tr>\n<td width=\"136\">LAP DESTINOS<\/td>\n<td width=\"60\">AC352EW<\/td>\n<td width=\"182\"><\/td>\n<\/tr>\n<tr>\n<td width=\"136\">LAP DESTINOS<\/td>\n<td width=\"60\">AD428CK<\/td>\n<td width=\"182\"><\/td>\n<\/tr>\n<tr>\n<td width=\"136\">LAP DESTINOS<\/td>\n<td width=\"60\">AD428CC<\/td>\n<td width=\"182\"><\/td>\n<\/tr>\n<tr>\n<td width=\"136\">MARTIN MARIANA<\/td>\n<td width=\"60\">KYU604<\/td>\n<td width=\"182\"><\/td>\n<\/tr>\n<tr>\n<td width=\"136\">MARTIN MARIANA<\/td>\n<td width=\"60\">KKB024<\/td>\n<td width=\"182\"><\/td>\n<\/tr>\n<tr>\n<td width=\"136\">MARTIN MARIANA<\/td>\n<td width=\"60\">IQT416<\/td>\n<td width=\"182\"><\/td>\n<\/tr>\n<tr>\n<td width=\"136\">MARTIN MARIANA<\/td>\n<td width=\"60\">KCO445<\/td>\n<td width=\"182\"><\/td>\n<\/tr>\n<tr>\n<td width=\"136\">MARTIN MARIANA<\/td>\n<td width=\"60\">OAP645<\/td>\n<td width=\"182\"><\/td>\n<\/tr>\n<tr>\n<td width=\"136\">MARTINEZ MIGUEL<\/td>\n<td width=\"60\">AD891PM<\/td>\n<td width=\"182\">CAPITAL -STA. LUCIA- RAWSON<\/td>\n<\/tr>\n<tr>\n<td width=\"136\">MARTINEZ MIGUEL<\/td>\n<td width=\"60\">GVW936<\/td>\n<td width=\"182\">CAPITAL -STA. LUCIA- RAWSON<\/td>\n<\/tr>\n<tr>\n<td width=\"136\">MUGNOS BUS<\/td>\n<td width=\"60\">HSQ118<\/td>\n<td width=\"182\">ALBARDON,CAPITAL<\/td>\n<\/tr>\n<tr>\n<td width=\"136\">MUGNOS BUS<\/td>\n<td width=\"60\">GLA026<\/td>\n<td width=\"182\">RAWSON-SANTA LUCIA<\/td>\n<\/tr>\n<tr>\n<td width=\"136\">NECHI VICTOR<\/td>\n<td width=\"60\">HPJ311<\/td>\n<td width=\"182\"><\/td>\n<\/tr>\n<tr>\n<td width=\"136\">OLIVERA BARROS ANTONIO<\/td>\n<td width=\"60\">MDV845<\/td>\n<td width=\"182\">POCITO-RAWSON-CAPITAL<\/td>\n<\/tr>\n<tr>\n<td width=\"136\">PIZARRO JUAN DAVID<\/td>\n<td width=\"60\">KYK948<\/td>\n<td width=\"182\">CHIMBAS-CAPITAL-RIVADAVIA<\/td>\n<\/tr>\n<tr>\n<td width=\"136\">PRADO RAMON<\/td>\n<td width=\"60\">GBX990<\/td>\n<td width=\"182\">CHIMBAS-SANTA LUCIA NORTE<\/td>\n<\/tr>\n<tr>\n<td width=\"136\">PRIETO GABRIEL<\/td>\n<td width=\"60\">AE203LG<\/td>\n<td width=\"182\">CAUCETE\/SANTA LUCIA<\/td>\n<\/tr>\n<tr>\n<td width=\"136\">PRIETO GABRIEL<\/td>\n<td width=\"60\">AF869HU<\/td>\n<td width=\"182\"><\/td>\n<\/tr>\n<tr>\n<td width=\"136\">PRIETO GABRIEL<\/td>\n<td width=\"60\">AC968ZP<\/td>\n<td width=\"182\"><\/td>\n<\/tr>\n<tr>\n<td width=\"136\">RAUSCH GABRIELA<\/td>\n<td width=\"60\">PMZ188<\/td>\n<td width=\"182\">RIVADAVIA-RAWSON<\/td>\n<\/tr>\n<tr>\n<td width=\"136\">RODRIGUEZ PATRICIA INES<\/td>\n<td width=\"60\">AD826GZ<\/td>\n<td width=\"182\"><\/td>\n<\/tr>\n<tr>\n<td width=\"136\">RODRIGUEZ ROBERTO A.<\/td>\n<td width=\"60\">GYC511<\/td>\n<td width=\"182\">CAPITAL<\/td>\n<\/tr>\n<tr>\n<td width=\"136\">RODRIGUEZ ROBERTO A.<\/td>\n<td width=\"60\">GQV906<\/td>\n<td width=\"182\"><\/td>\n<\/tr>\n<tr>\n<td width=\"136\">TORRES VANESA<\/td>\n<td width=\"60\">MTT201<\/td>\n<td width=\"182\"><\/td>\n<\/tr>\n<tr>\n<td width=\"136\">TORRES VANESA<\/td>\n<td width=\"60\">LOF588<\/td>\n<td width=\"182\"><\/td>\n<\/tr>\n<tr>\n<td width=\"136\">TELLO GASTON<\/td>\n<td width=\"60\">NXL115<\/td>\n<td width=\"182\"><\/td>\n<\/tr>\n<tr>\n<td width=\"136\">VERA ROLANDO<\/td>\n<td width=\"60\">FWJ528<\/td>\n<td width=\"182\">RIVADAVIA &#8211; CAPITAL-RAWSON<\/td>\n<\/tr>\n<tr>\n<td width=\"136\">ZABALA LUCIA EUGENIA<\/td>\n<td width=\"60\">AC002GN<\/td>\n<td width=\"182\">CAP\u00cdTAL-CHIMBAS-RAWSON-S.LUCIA<\/td>\n<\/tr>\n<\/tbody>\n<\/table>\n<p>&nbsp;<\/p>\n<p>&nbsp;<\/p>\n<p>&nbsp;<\/p>\n","protected":false},"excerpt":{"rendered":"<p>El Ministerio de Gobierno de San Juan, en coordinaci\u00f3n de la Secretar\u00eda de Tr\u00e1nsito y Transporte, inform\u00f3 qu\u00e9 deben tener<\/p>\n","protected":false},"author":3,"featured_media":70462,"comment_status":"closed","ping_status":"closed","sticky":false,"template":"","format":"standard","meta":{"_acf_changed":false,"_seopress_robots_primary_cat":"none","_seopress_titles_title":"","_seopress_titles_desc":"","_seopress_robots_index":"","colormag_page_container_layout":"default_layout","colormag_page_sidebar_layout":"default_layout","footnotes":""},"categories":[5],"tags":[],"class_list":["post-70459","post","type-post","status-publish","format-standard","has-post-thumbnail","hentry","category-ofrecimientos"],"acf":[],"_links":{"self":[{"href":"https:\/\/vocesparalelas.com.ar\/sitio\/wp-json\/wp\/v2\/posts\/70459","targetHints":{"allow":["GET"]}}],"collection":[{"href":"https:\/\/vocesparalelas.com.ar\/sitio\/wp-json\/wp\/v2\/posts"}],"about":[{"href":"https:\/\/vocesparalelas.com.ar\/sitio\/wp-json\/wp\/v2\/types\/post"}],"author":[{"embeddable":true,"href":"https:\/\/vocesparalelas.com.ar\/sitio\/wp-json\/wp\/v2\/users\/3"}],"replies":[{"embeddable":true,"href":"https:\/\/vocesparalelas.com.ar\/sitio\/wp-json\/wp\/v2\/comments?post=70459"}],"version-history":[{"count":2,"href":"https:\/\/vocesparalelas.com.ar\/sitio\/wp-json\/wp\/v2\/posts\/70459\/revisions"}],"predecessor-version":[{"id":70464,"href":"https:\/\/vocesparalelas.com.ar\/sitio\/wp-json\/wp\/v2\/posts\/70459\/revisions\/70464"}],"wp:featuredmedia":[{"embeddable":true,"href":"https:\/\/vocesparalelas.com.ar\/sitio\/wp-json\/wp\/v2\/media\/70462"}],"wp:attachment":[{"href":"https:\/\/vocesparalelas.com.ar\/sitio\/wp-json\/wp\/v2\/media?parent=70459"}],"wp:term":[{"taxonomy":"category","embeddable":true,"href":"https:\/\/vocesparalelas.com.ar\/sitio\/wp-json\/wp\/v2\/categories?post=70459"},{"taxonomy":"post_tag","embeddable":true,"href":"https:\/\/vocesparalelas.com.ar\/sitio\/wp-json\/wp\/v2\/tags?post=70459"}],"curies":[{"name":"wp","href":"https:\/\/api.w.org\/{rel}","templated":true}]}}