{"id":70446,"date":"2024-03-18T21:34:12","date_gmt":"2024-03-19T00:34:12","guid":{"rendered":"https:\/\/vocesparalelas.com.ar\/sitio\/?p=70446"},"modified":"2024-03-20T10:44:46","modified_gmt":"2024-03-20T13:44:46","slug":"mix-arjona-presenta-vaiu-con-musica-y-danza-flamenca-con-artistas-de-san-juan-en-el-tb","status":"publish","type":"post","link":"https:\/\/vocesparalelas.com.ar\/sitio\/mix-arjona-presenta-vaiu-con-musica-y-danza-flamenca-con-artistas-de-san-juan-en-el-tb\/","title":{"rendered":"Mix Arjona presenta \u201cV\u0100IU\u201d con m\u00fasica y danza flamenca con artistas de San Juan en el TB"},"content":{"rendered":"<p>El Ministerio de Turismo, Cultura y Deporte del Gobierno de San Juan, a trav\u00e9s del Teatro del Bicentenario, presenta V\u0100IU, una innovadora puesta musical de flamenco presidida por la flautista Mix Arjona.<\/p>\n<p>La artista propone un recorrido sensorial y rupturista, en el que al centro de la escena est\u00e1 esencialmente la m\u00fasica, con sus c\u00f3digos tradicionales del flamenco conjugadas con los colores y texturas de otros estilos musicales.<\/p>\n<p>El espect\u00e1culo tiene como protagonista a la primera apuesta discogr\u00e1fica \u00edntegramente de la flautista, V\u0100IU, que significa \u201cdios de los vientos\u201d o \u201cAire\u201d, en s\u00e1nscrito.<\/p>\n<p>De la producci\u00f3n del mismo participaron grandes figuras del g\u00e9nero como Jorge Pardo, flautista de Paco de Luc\u00eda, Enrique el Zambo, Pilar Villar y Ni\u00f1o La Leo, guitarrista de C\u00e1diz y Sergio Dawi, saxofonista de la banda de rock Los Redonditos de Ricota.<\/p>\n<p>En escena, la flauta de Arjona est\u00e1 acompa\u00f1ada por Gaby G\u00f3mez y Rita del Valle en cante, Daniel G\u00f3mez en guitarra flamenca, Alejandro Morales en percusi\u00f3n, Javier G\u00f3mez en bajo, y Elmer Meza en trompeta.<\/p>\n<p>La esencia tradicional en VAIU, acompa\u00f1ada en escena por la danza de artistas sanjuaninos, como Marisol Morales, y la academia Imperio Gitano.<\/p>\n<p>Mix Arjona sube a escena V\u0100IU, junto a artistas de San Juan, el Viernes, 5 de Abril, a las 21 hs, en la Sala Audit\u00f3rium del TB.<\/p>\n<p><strong><span style=\"color: #339966;\">Entradas<\/span><\/strong><\/p>\n<p>General de $3500 se puede adquirir en Boleter\u00eda del Teatro del Bicentenario, de Lunes a Viernes, de 9:30 a 14 hs, de 16 a 20 hs, y los S\u00e1bados, de 10 a 13:30 hs.<\/p>\n<p>Tambi\u00e9n, se encuentra disponible ONLINE a trav\u00e9s de TuEntrada.com<\/p>\n<p><a href=\"https:\/\/tbsj.tuentrada.com\/selection\/event\/date?productId=10229003088017\">https:\/\/tbsj.tuentrada.com\/selection\/event\/date?productId=10229003088017<\/a><\/p>\n<p><img loading=\"lazy\" decoding=\"async\" class=\"alignnone size-full wp-image-31784\" src=\"https:\/\/vocesparalelas.com.ar\/sitio\/wp-content\/uploads\/2020\/10\/TEATRO-BICEN.jpg\" alt=\"\" width=\"800\" height=\"490\" srcset=\"https:\/\/vocesparalelas.com.ar\/sitio\/wp-content\/uploads\/2020\/10\/TEATRO-BICEN.jpg 800w, https:\/\/vocesparalelas.com.ar\/sitio\/wp-content\/uploads\/2020\/10\/TEATRO-BICEN-300x184.jpg 300w, https:\/\/vocesparalelas.com.ar\/sitio\/wp-content\/uploads\/2020\/10\/TEATRO-BICEN-768x470.jpg 768w\" sizes=\"auto, (max-width: 800px) 100vw, 800px\" \/><\/p>\n","protected":false},"excerpt":{"rendered":"<p>El Ministerio de Turismo, Cultura y Deporte del Gobierno de San Juan, a trav\u00e9s del Teatro del Bicentenario, presenta V\u0100IU,<\/p>\n","protected":false},"author":3,"featured_media":70449,"comment_status":"closed","ping_status":"closed","sticky":false,"template":"","format":"standard","meta":{"_acf_changed":false,"_seopress_robots_primary_cat":"none","_seopress_titles_title":"","_seopress_titles_desc":"","_seopress_robots_index":"","colormag_page_container_layout":"default_layout","colormag_page_sidebar_layout":"default_layout","footnotes":""},"categories":[20],"tags":[],"class_list":["post-70446","post","type-post","status-publish","format-standard","has-post-thumbnail","hentry","category-cartelera"],"acf":[],"_links":{"self":[{"href":"https:\/\/vocesparalelas.com.ar\/sitio\/wp-json\/wp\/v2\/posts\/70446","targetHints":{"allow":["GET"]}}],"collection":[{"href":"https:\/\/vocesparalelas.com.ar\/sitio\/wp-json\/wp\/v2\/posts"}],"about":[{"href":"https:\/\/vocesparalelas.com.ar\/sitio\/wp-json\/wp\/v2\/types\/post"}],"author":[{"embeddable":true,"href":"https:\/\/vocesparalelas.com.ar\/sitio\/wp-json\/wp\/v2\/users\/3"}],"replies":[{"embeddable":true,"href":"https:\/\/vocesparalelas.com.ar\/sitio\/wp-json\/wp\/v2\/comments?post=70446"}],"version-history":[{"count":1,"href":"https:\/\/vocesparalelas.com.ar\/sitio\/wp-json\/wp\/v2\/posts\/70446\/revisions"}],"predecessor-version":[{"id":70450,"href":"https:\/\/vocesparalelas.com.ar\/sitio\/wp-json\/wp\/v2\/posts\/70446\/revisions\/70450"}],"wp:featuredmedia":[{"embeddable":true,"href":"https:\/\/vocesparalelas.com.ar\/sitio\/wp-json\/wp\/v2\/media\/70449"}],"wp:attachment":[{"href":"https:\/\/vocesparalelas.com.ar\/sitio\/wp-json\/wp\/v2\/media?parent=70446"}],"wp:term":[{"taxonomy":"category","embeddable":true,"href":"https:\/\/vocesparalelas.com.ar\/sitio\/wp-json\/wp\/v2\/categories?post=70446"},{"taxonomy":"post_tag","embeddable":true,"href":"https:\/\/vocesparalelas.com.ar\/sitio\/wp-json\/wp\/v2\/tags?post=70446"}],"curies":[{"name":"wp","href":"https:\/\/api.w.org\/{rel}","templated":true}]}}