{"id":70438,"date":"2024-03-18T22:07:23","date_gmt":"2024-03-19T01:07:23","guid":{"rendered":"https:\/\/vocesparalelas.com.ar\/sitio\/?p=70438"},"modified":"2024-03-18T23:58:22","modified_gmt":"2024-03-19T02:58:22","slug":"el-embajador-de-canada-en-argentina-reid-douglas-sirrs-llego-a-san-juan","status":"publish","type":"post","link":"https:\/\/vocesparalelas.com.ar\/sitio\/el-embajador-de-canada-en-argentina-reid-douglas-sirrs-llego-a-san-juan\/","title":{"rendered":"El embajador de Canad\u00e1 en Argentina, Reid Douglas Sirrs lleg\u00f3 a San Juan"},"content":{"rendered":"<p>El gobernador de San Juan, Dr. Marcelo Orrego recibi\u00f3 al embajador de Canad\u00e1 en la Rep\u00fablica Argentina, Reid Douglas Sirrs, en la sala Eloy Camus de Casa de Gobierno.<\/p>\n<p>Acompa\u00f1\u00f3 los ministros de Producci\u00f3n, Trabajo e Innovaci\u00f3n, CPN Gustavo Fern\u00e1ndez; de Miner\u00eda, Dr. Juan Pablo Perea; de Gobierno, Dra. Laura Palma y la secretaria de Relaciones Institucionales, Dra. Claudia Sarmiento.<\/p>\n<p>Durante la reuni\u00f3n dialogaron sobre la agenda bilateral, los temas destacados y de inter\u00e9s com\u00fan de la realidad regional e internacional.<\/p>\n<p>Reid Douglas Sirrs explic\u00f3 que \u00abfue mi primera visita con el flamante Gobernador. Pudimos dialogar sobre trabajar de manera conjunta y hablamos sobre los asuntos en com\u00fan que tenemos como la Miner\u00eda\u00bb.<\/p>\n<p>Adem\u00e1s, el embajador asegur\u00f3 que \u00abtambi\u00e9n dialogamos sobre distintas oportunidades para Canad\u00e1 que puede ofrecer San Juan como la alimentaci\u00f3n, frutas y vinos\u00bb.<\/p>\n<p><iframe loading=\"lazy\" title=\"El gobernador Orrego recibi\u00f3 al embajador de Canad\u00e1 en la Argentina\" width=\"800\" height=\"450\" src=\"https:\/\/www.youtube.com\/embed\/evp_RGCjssw?feature=oembed\" frameborder=\"0\" allow=\"accelerometer; autoplay; clipboard-write; encrypted-media; gyroscope; picture-in-picture; web-share\" allowfullscreen><\/iframe><\/p>\n<p><strong><span style=\"color: #339966;\">Sobre el embajador Reid Sirrs <\/span><\/strong><\/p>\n<p>Es un diplom\u00e1tico de carrera con m\u00e1s de dos d\u00e9cadas de experiencia en la promoci\u00f3n de las prioridades de la pol\u00edtica exterior bilateral y multilateral de Canad\u00e1.<\/p>\n<p>Tiene una experiencia profesional diversa que incluye el comercio internacional, la inversi\u00f3n, la cooperaci\u00f3n para el desarrollo y temas corporativos como los servicios consulares y la gesti\u00f3n de emergencias.<\/p>\n<p>Prest\u00f3 servicios en el extranjero en Honduras, Tanzania con acreditaci\u00f3n en las Comoras, Madagascar y Seychelles y dos veces en Afganist\u00e1n, donde actu\u00f3 como Embajador en 2020.<\/p>\n<p>Antes de incorporarse al gobierno federal, Sirrs trabaj\u00f3 en el sector privado de Canad\u00e1.<\/p>\n<p>&nbsp;<\/p>\n<p>&nbsp;<\/p>\n<p>&nbsp;<\/p>\n","protected":false},"excerpt":{"rendered":"<p>El gobernador de San Juan, Dr. Marcelo Orrego recibi\u00f3 al embajador de Canad\u00e1 en la Rep\u00fablica Argentina, Reid Douglas Sirrs,<\/p>\n","protected":false},"author":3,"featured_media":70441,"comment_status":"closed","ping_status":"closed","sticky":false,"template":"","format":"standard","meta":{"_acf_changed":false,"_seopress_robots_primary_cat":"none","_seopress_titles_title":"","_seopress_titles_desc":"","_seopress_robots_index":"","colormag_page_container_layout":"default_layout","colormag_page_sidebar_layout":"default_layout","footnotes":""},"categories":[1,7],"tags":[],"class_list":["post-70438","post","type-post","status-publish","format-standard","has-post-thumbnail","hentry","category-destacadas","category-videos"],"acf":[],"_links":{"self":[{"href":"https:\/\/vocesparalelas.com.ar\/sitio\/wp-json\/wp\/v2\/posts\/70438","targetHints":{"allow":["GET"]}}],"collection":[{"href":"https:\/\/vocesparalelas.com.ar\/sitio\/wp-json\/wp\/v2\/posts"}],"about":[{"href":"https:\/\/vocesparalelas.com.ar\/sitio\/wp-json\/wp\/v2\/types\/post"}],"author":[{"embeddable":true,"href":"https:\/\/vocesparalelas.com.ar\/sitio\/wp-json\/wp\/v2\/users\/3"}],"replies":[{"embeddable":true,"href":"https:\/\/vocesparalelas.com.ar\/sitio\/wp-json\/wp\/v2\/comments?post=70438"}],"version-history":[{"count":2,"href":"https:\/\/vocesparalelas.com.ar\/sitio\/wp-json\/wp\/v2\/posts\/70438\/revisions"}],"predecessor-version":[{"id":70458,"href":"https:\/\/vocesparalelas.com.ar\/sitio\/wp-json\/wp\/v2\/posts\/70438\/revisions\/70458"}],"wp:featuredmedia":[{"embeddable":true,"href":"https:\/\/vocesparalelas.com.ar\/sitio\/wp-json\/wp\/v2\/media\/70441"}],"wp:attachment":[{"href":"https:\/\/vocesparalelas.com.ar\/sitio\/wp-json\/wp\/v2\/media?parent=70438"}],"wp:term":[{"taxonomy":"category","embeddable":true,"href":"https:\/\/vocesparalelas.com.ar\/sitio\/wp-json\/wp\/v2\/categories?post=70438"},{"taxonomy":"post_tag","embeddable":true,"href":"https:\/\/vocesparalelas.com.ar\/sitio\/wp-json\/wp\/v2\/tags?post=70438"}],"curies":[{"name":"wp","href":"https:\/\/api.w.org\/{rel}","templated":true}]}}