{"id":70434,"date":"2024-03-18T21:20:27","date_gmt":"2024-03-19T00:20:27","guid":{"rendered":"https:\/\/vocesparalelas.com.ar\/sitio\/?p=70434"},"modified":"2024-03-20T00:55:01","modified_gmt":"2024-03-20T03:55:01","slug":"convocatoria-canto-popular-2024-en-el-tb-de-san-juan","status":"publish","type":"post","link":"https:\/\/vocesparalelas.com.ar\/sitio\/convocatoria-canto-popular-2024-en-el-tb-de-san-juan\/","title":{"rendered":"Convocatoria \u00abCanto Popular 2024\u00bb en el TB de San Juan"},"content":{"rendered":"<p>El Ministerio de Turismo, Cultura y Deporte del Gobierno de San Juan, a trav\u00e9s del Teatro del Bicentenario abri\u00f3 las inscripciones para formar parte de \u00abCanto Popular 2024\u00bb.<\/p>\n<p>Est\u00e1n habilitadas hasta el 25 de Marzo de 2024, a las 12 hs, y la fecha de audici\u00f3n es el 4 de Abril. La modalidad es presencial y gratuita.<\/p>\n<p>El Seminario est\u00e1 a cargo de los reconocidos cantantes mendocinos Patricia Cangemi y Sebasti\u00e1n Narv\u00e1ez, quienes ofrecen una propuesta de formaci\u00f3n que incluye repertorio de los autores y compositores m\u00e1s representativos de la regi\u00f3n cuyana.<\/p>\n<p>El programa abarca tres \u00e9pocas de la m\u00fasica popular: desde los registros m\u00e1s antiguos, pasando por una etapa de renovaci\u00f3n del folklore hasta el repertorio m\u00e1s actual y contempor\u00e1neo.<\/p>\n<p>El repaso se realiza con el conocimiento de los cantores y compositores referentes que acompa\u00f1aron las renovaciones de los cancioneros populares.<\/p>\n<p><strong><span style=\"color: #ff6600;\">Requisitos<\/span><\/strong><\/p>\n<p>La formaci\u00f3n est\u00e1 dirigida a cantantes a partir de los 18 a\u00f1os, que cuenten con una s\u00f3lida t\u00e9cnica vocal.<\/p>\n<p><strong><span style=\"color: #ff6600;\">Inscripciones<\/span><\/strong><\/p>\n<p><a href=\"https:\/\/www.teatrodelbicentenariosanjuan.org\/\">https:\/\/www.teatrodelbicentenariosanjuan.org\/<\/a><\/p>\n<p>&nbsp;<\/p>\n<p><img loading=\"lazy\" decoding=\"async\" class=\"alignnone size-large wp-image-21666\" src=\"https:\/\/vocesparalelas.com.ar\/sitio\/wp-content\/uploads\/2019\/06\/TEATRO-BICENTENARIO-10-800x600.jpg\" alt=\"\" width=\"800\" height=\"600\" srcset=\"https:\/\/vocesparalelas.com.ar\/sitio\/wp-content\/uploads\/2019\/06\/TEATRO-BICENTENARIO-10-800x600.jpg 800w, https:\/\/vocesparalelas.com.ar\/sitio\/wp-content\/uploads\/2019\/06\/TEATRO-BICENTENARIO-10-300x225.jpg 300w, https:\/\/vocesparalelas.com.ar\/sitio\/wp-content\/uploads\/2019\/06\/TEATRO-BICENTENARIO-10-768x576.jpg 768w, https:\/\/vocesparalelas.com.ar\/sitio\/wp-content\/uploads\/2019\/06\/TEATRO-BICENTENARIO-10.jpg 1000w\" sizes=\"auto, (max-width: 800px) 100vw, 800px\" \/><\/p>\n<p>&nbsp;<\/p>\n","protected":false},"excerpt":{"rendered":"<p>El Ministerio de Turismo, Cultura y Deporte del Gobierno de San Juan, a trav\u00e9s del Teatro del Bicentenario abri\u00f3 las<\/p>\n","protected":false},"author":3,"featured_media":61293,"comment_status":"closed","ping_status":"closed","sticky":false,"template":"","format":"standard","meta":{"_acf_changed":false,"_seopress_robots_primary_cat":"none","_seopress_titles_title":"","_seopress_titles_desc":"","_seopress_robots_index":"","colormag_page_container_layout":"default_layout","colormag_page_sidebar_layout":"default_layout","footnotes":""},"categories":[2],"tags":[],"class_list":["post-70434","post","type-post","status-publish","format-standard","has-post-thumbnail","hentry","category-convocatorias"],"acf":[],"_links":{"self":[{"href":"https:\/\/vocesparalelas.com.ar\/sitio\/wp-json\/wp\/v2\/posts\/70434","targetHints":{"allow":["GET"]}}],"collection":[{"href":"https:\/\/vocesparalelas.com.ar\/sitio\/wp-json\/wp\/v2\/posts"}],"about":[{"href":"https:\/\/vocesparalelas.com.ar\/sitio\/wp-json\/wp\/v2\/types\/post"}],"author":[{"embeddable":true,"href":"https:\/\/vocesparalelas.com.ar\/sitio\/wp-json\/wp\/v2\/users\/3"}],"replies":[{"embeddable":true,"href":"https:\/\/vocesparalelas.com.ar\/sitio\/wp-json\/wp\/v2\/comments?post=70434"}],"version-history":[{"count":1,"href":"https:\/\/vocesparalelas.com.ar\/sitio\/wp-json\/wp\/v2\/posts\/70434\/revisions"}],"predecessor-version":[{"id":70437,"href":"https:\/\/vocesparalelas.com.ar\/sitio\/wp-json\/wp\/v2\/posts\/70434\/revisions\/70437"}],"wp:featuredmedia":[{"embeddable":true,"href":"https:\/\/vocesparalelas.com.ar\/sitio\/wp-json\/wp\/v2\/media\/61293"}],"wp:attachment":[{"href":"https:\/\/vocesparalelas.com.ar\/sitio\/wp-json\/wp\/v2\/media?parent=70434"}],"wp:term":[{"taxonomy":"category","embeddable":true,"href":"https:\/\/vocesparalelas.com.ar\/sitio\/wp-json\/wp\/v2\/categories?post=70434"},{"taxonomy":"post_tag","embeddable":true,"href":"https:\/\/vocesparalelas.com.ar\/sitio\/wp-json\/wp\/v2\/tags?post=70434"}],"curies":[{"name":"wp","href":"https:\/\/api.w.org\/{rel}","templated":true}]}}