{"id":70386,"date":"2024-03-15T21:15:06","date_gmt":"2024-03-16T00:15:06","guid":{"rendered":"https:\/\/vocesparalelas.com.ar\/sitio\/?p=70386"},"modified":"2024-03-16T00:15:23","modified_gmt":"2024-03-16T03:15:23","slug":"pusieron-en-funciones-a-los-preventores-municipales-de-rawson","status":"publish","type":"post","link":"https:\/\/vocesparalelas.com.ar\/sitio\/pusieron-en-funciones-a-los-preventores-municipales-de-rawson\/","title":{"rendered":"Pusieron en funciones a los Preventores Municipales de Rawson"},"content":{"rendered":"<p>En el Parque Provincial de Rawson, la Municipalidad de la Ciudad de Rawson realiz\u00f3 el acto de la presentaci\u00f3n del Cuerpo de Preventores Municipales.<\/p>\n<p>Ellos tienen la misi\u00f3n de garantizar la seguridad y bienestar de la comunidad para asegurar el cumplimiento de normativas municipales, viales y ambientales en el departamento.<\/p>\n<p>Adem\u00e1s, intervienen en el control y ordenamiento del tr\u00e1nsito en puntos estrat\u00e9gicos, realizaran tareas de prevenci\u00f3n en los ingresos de las instituciones escolares para ayudar a la comunidad educativa cuando ingresa y salida. Van a trabajar junto a la polic\u00eda comunal para mantener el orden en el tr\u00e1nsito para la seguridad vial de los peatones y veh\u00edculos. Lograr este aspecto va a permitir que el tr\u00e1nsito sea respetuoso del otro.<\/p>\n<p><img loading=\"lazy\" decoding=\"async\" class=\"alignnone size-full wp-image-70389\" src=\"https:\/\/vocesparalelas.com.ar\/sitio\/wp-content\/uploads\/2024\/03\/RAWSON-PREVENTORES-01.jpg\" alt=\"\" width=\"800\" height=\"533\" srcset=\"https:\/\/vocesparalelas.com.ar\/sitio\/wp-content\/uploads\/2024\/03\/RAWSON-PREVENTORES-01.jpg 800w, https:\/\/vocesparalelas.com.ar\/sitio\/wp-content\/uploads\/2024\/03\/RAWSON-PREVENTORES-01-300x200.jpg 300w, https:\/\/vocesparalelas.com.ar\/sitio\/wp-content\/uploads\/2024\/03\/RAWSON-PREVENTORES-01-768x512.jpg 768w\" sizes=\"auto, (max-width: 800px) 100vw, 800px\" \/><\/p>\n<p>Escuela Provincial de Chaco;\u00a0Escuela 14 de Febrero;\u00a0Escuela Gabriela Mistral; Escuela Fragata Moyan\u03bf;\u00a0Escuela Antonio de la Torre;\u00a0Escuela Eugenia Bel\u00edn de Sarmiento;\u00a0Colegio Marco Zapata;\u00a0Colegio Juan Pablo Segundo;\u00a0Colegio Ni\u00f1o Jes\u00fas.<\/p>\n<p>En la previa al acto el Intendente de la Municipalidad de la Ciudad de Rawson, Dr. Carlos Munisaga, puntualiz\u00f3 la necesidad de crear el Cuerpo de Preventores Municipales para que ayuden al orden del tr\u00e1nsito.<\/p>\n<p><iframe loading=\"lazy\" title=\"RAWSON INTENDENTE DR CARLOS MUNISAGA\" width=\"800\" height=\"450\" src=\"https:\/\/www.youtube.com\/embed\/A7xSjDNOK8g?feature=oembed\" frameborder=\"0\" allow=\"accelerometer; autoplay; clipboard-write; encrypted-media; gyroscope; picture-in-picture; web-share\" allowfullscreen><\/iframe><\/p>\n<p>Luego, inici\u00f3 el acto con la presencia de las autoridades y familiares de los Preventores Municipales. La colaboraci\u00f3n de la Banda de de M\u00fasica del RIM 22 \u00abEl Tambolar\u00bb, quien acompa\u00f1\u00f3 el Himno Nacional Argentino.<\/p>\n<p><iframe loading=\"lazy\" title=\"RAWSON HIMNO NACIONAL ARGENTINO\" width=\"800\" height=\"450\" src=\"https:\/\/www.youtube.com\/embed\/DJ1thBmgdSg?feature=oembed\" frameborder=\"0\" allow=\"accelerometer; autoplay; clipboard-write; encrypted-media; gyroscope; picture-in-picture; web-share\" allowfullscreen><\/iframe><\/p>\n<p>Posteriormente, el Vicario de la Parroquia Virgen de Andacollo, Esteban D\u00f6lling, quien tuvo la responsabilidad de realizar la bendici\u00f3n de los Preventores Municipales.<\/p>\n<p><iframe loading=\"lazy\" title=\"RAWSON PADRE\" width=\"800\" height=\"450\" src=\"https:\/\/www.youtube.com\/embed\/rYX39eHicmU?feature=oembed\" frameborder=\"0\" allow=\"accelerometer; autoplay; clipboard-write; encrypted-media; gyroscope; picture-in-picture; web-share\" allowfullscreen><\/iframe><\/p>\n<p>&nbsp;<\/p>\n<p>A continuaci\u00f3n, el Secretario de Gobierno y Desarrollo Econ\u00f3mico Municipal, Lic. Sebasti\u00e1n Chirino, quien describi\u00f3 la funci\u00f3n de los Preventores Municipales para ayudar al tr\u00e1nsito vehicular y la seguridad de los vecinos de Rawson.<\/p>\n<p><iframe loading=\"lazy\" title=\"RAWSON LIC\" width=\"800\" height=\"450\" src=\"https:\/\/www.youtube.com\/embed\/Rpnu8yZ_uq4?feature=oembed\" frameborder=\"0\" allow=\"accelerometer; autoplay; clipboard-write; encrypted-media; gyroscope; picture-in-picture; web-share\" allowfullscreen><\/iframe><\/p>\n<p>Finalmente, el Intendente de la Municipalidad de la Ciudad de Rawson, Dr. Carlos Munisaga tom\u00f3 el compromiso de lealtad Preventores Municipales, que emocion\u00f3 a los presentes.<\/p>\n<p><img loading=\"lazy\" decoding=\"async\" class=\"alignnone size-full wp-image-70392\" src=\"https:\/\/vocesparalelas.com.ar\/sitio\/wp-content\/uploads\/2024\/03\/RAWSON-PREVENTORES-04.jpg\" alt=\"\" width=\"800\" height=\"533\" srcset=\"https:\/\/vocesparalelas.com.ar\/sitio\/wp-content\/uploads\/2024\/03\/RAWSON-PREVENTORES-04.jpg 800w, https:\/\/vocesparalelas.com.ar\/sitio\/wp-content\/uploads\/2024\/03\/RAWSON-PREVENTORES-04-300x200.jpg 300w, https:\/\/vocesparalelas.com.ar\/sitio\/wp-content\/uploads\/2024\/03\/RAWSON-PREVENTORES-04-768x512.jpg 768w\" sizes=\"auto, (max-width: 800px) 100vw, 800px\" \/><\/p>\n<p><iframe loading=\"lazy\" title=\"RAWSON PROMESA\" width=\"800\" height=\"450\" src=\"https:\/\/www.youtube.com\/embed\/m0uCQu4_7Eo?feature=oembed\" frameborder=\"0\" allow=\"accelerometer; autoplay; clipboard-write; encrypted-media; gyroscope; picture-in-picture; web-share\" allowfullscreen><\/iframe><\/p>\n<p>&nbsp;<\/p>\n<p><img loading=\"lazy\" decoding=\"async\" class=\"alignnone size-full wp-image-67149\" src=\"https:\/\/vocesparalelas.com.ar\/sitio\/wp-content\/uploads\/2023\/12\/RAWSON-LOGO-NUEVO.jpg\" alt=\"\" width=\"800\" height=\"533\" srcset=\"https:\/\/vocesparalelas.com.ar\/sitio\/wp-content\/uploads\/2023\/12\/RAWSON-LOGO-NUEVO.jpg 800w, https:\/\/vocesparalelas.com.ar\/sitio\/wp-content\/uploads\/2023\/12\/RAWSON-LOGO-NUEVO-300x200.jpg 300w, https:\/\/vocesparalelas.com.ar\/sitio\/wp-content\/uploads\/2023\/12\/RAWSON-LOGO-NUEVO-768x512.jpg 768w\" sizes=\"auto, (max-width: 800px) 100vw, 800px\" \/><\/p>\n<p>&nbsp;<\/p>\n","protected":false},"excerpt":{"rendered":"<p>En el Parque Provincial de Rawson, la Municipalidad de la Ciudad de Rawson realiz\u00f3 el acto de la presentaci\u00f3n del<\/p>\n","protected":false},"author":3,"featured_media":70390,"comment_status":"closed","ping_status":"closed","sticky":false,"template":"","format":"standard","meta":{"_acf_changed":false,"_seopress_robots_primary_cat":"none","_seopress_titles_title":"","_seopress_titles_desc":"","_seopress_robots_index":"","colormag_page_container_layout":"default_layout","colormag_page_sidebar_layout":"default_layout","footnotes":""},"categories":[1,7],"tags":[],"class_list":["post-70386","post","type-post","status-publish","format-standard","has-post-thumbnail","hentry","category-destacadas","category-videos"],"acf":[],"_links":{"self":[{"href":"https:\/\/vocesparalelas.com.ar\/sitio\/wp-json\/wp\/v2\/posts\/70386","targetHints":{"allow":["GET"]}}],"collection":[{"href":"https:\/\/vocesparalelas.com.ar\/sitio\/wp-json\/wp\/v2\/posts"}],"about":[{"href":"https:\/\/vocesparalelas.com.ar\/sitio\/wp-json\/wp\/v2\/types\/post"}],"author":[{"embeddable":true,"href":"https:\/\/vocesparalelas.com.ar\/sitio\/wp-json\/wp\/v2\/users\/3"}],"replies":[{"embeddable":true,"href":"https:\/\/vocesparalelas.com.ar\/sitio\/wp-json\/wp\/v2\/comments?post=70386"}],"version-history":[{"count":1,"href":"https:\/\/vocesparalelas.com.ar\/sitio\/wp-json\/wp\/v2\/posts\/70386\/revisions"}],"predecessor-version":[{"id":70393,"href":"https:\/\/vocesparalelas.com.ar\/sitio\/wp-json\/wp\/v2\/posts\/70386\/revisions\/70393"}],"wp:featuredmedia":[{"embeddable":true,"href":"https:\/\/vocesparalelas.com.ar\/sitio\/wp-json\/wp\/v2\/media\/70390"}],"wp:attachment":[{"href":"https:\/\/vocesparalelas.com.ar\/sitio\/wp-json\/wp\/v2\/media?parent=70386"}],"wp:term":[{"taxonomy":"category","embeddable":true,"href":"https:\/\/vocesparalelas.com.ar\/sitio\/wp-json\/wp\/v2\/categories?post=70386"},{"taxonomy":"post_tag","embeddable":true,"href":"https:\/\/vocesparalelas.com.ar\/sitio\/wp-json\/wp\/v2\/tags?post=70386"}],"curies":[{"name":"wp","href":"https:\/\/api.w.org\/{rel}","templated":true}]}}