{"id":70362,"date":"2024-03-15T20:30:08","date_gmt":"2024-03-15T23:30:08","guid":{"rendered":"https:\/\/vocesparalelas.com.ar\/sitio\/?p=70362"},"modified":"2024-03-15T21:04:59","modified_gmt":"2024-03-16T00:04:59","slug":"se-logro-destrabar-los-fondos-para-las-obras-publicas-ruta-40-y-tunel-de-zonda-en-san-juan","status":"publish","type":"post","link":"https:\/\/vocesparalelas.com.ar\/sitio\/se-logro-destrabar-los-fondos-para-las-obras-publicas-ruta-40-y-tunel-de-zonda-en-san-juan\/","title":{"rendered":"Se logr\u00f3 destrabar los fondos para las Obras P\u00fablicas Ruta 40 y T\u00fanel de Zonda en San Juan"},"content":{"rendered":"<p>El Gobernador de San Juan, Dr. Marcelo Orrego acompa\u00f1ado por el ministro de infraestructura, Agua y Energ\u00eda, Arq. Fernando Perea, mantuvieron reuniones en Buenos Aires con diferentes funcionarios del Gobierno Nacional logrado un importante avance en la continuidad de dos obras fundamentales para el desarrollo de San Juan.<\/p>\n<p>En ese orden, mantuvo reuni\u00f3n con el Subsecretario del Interior, Dr. Lisandro Catal\u00e1n y con el Secretario de provincias y municipios, Economista Javier Milano, con quienes acordaron impulsar los tr\u00e1mites de readecuaci\u00f3n de los fideicomisos necesarios para habilitar el financiamiento del BID.<\/p>\n<p>Requisito previo para la continuidad a dos de las tres obras paralizadas, la ampliaci\u00f3n de la Ruta 40, a trav\u00e9s de Vialidad Nacional y el T\u00fanel de Zonda, proyectos esenciales para la conectividad y el desarrollo econ\u00f3mico de la provincia de San Juan, adem\u00e1s, de sostener el empleo en el sector de la construcci\u00f3n en momentos cruciales.<\/p>\n<figure id=\"attachment_34421\" aria-describedby=\"caption-attachment-34421\" style=\"width: 800px\" class=\"wp-caption alignnone\"><img loading=\"lazy\" decoding=\"async\" class=\"size-full wp-image-34421\" src=\"https:\/\/vocesparalelas.com.ar\/sitio\/wp-content\/uploads\/2021\/01\/VN-RUTA-40-02.jpg\" alt=\"\" width=\"800\" height=\"388\" srcset=\"https:\/\/vocesparalelas.com.ar\/sitio\/wp-content\/uploads\/2021\/01\/VN-RUTA-40-02.jpg 800w, https:\/\/vocesparalelas.com.ar\/sitio\/wp-content\/uploads\/2021\/01\/VN-RUTA-40-02-300x146.jpg 300w, https:\/\/vocesparalelas.com.ar\/sitio\/wp-content\/uploads\/2021\/01\/VN-RUTA-40-02-768x372.jpg 768w\" sizes=\"auto, (max-width: 800px) 100vw, 800px\" \/><figcaption id=\"caption-attachment-34421\" class=\"wp-caption-text\">Ruta 40<\/figcaption><\/figure>\n<p>&nbsp;<\/p>\n<figure id=\"attachment_70367\" aria-describedby=\"caption-attachment-70367\" style=\"width: 800px\" class=\"wp-caption alignnone\"><img loading=\"lazy\" decoding=\"async\" class=\"size-full wp-image-70367\" src=\"https:\/\/vocesparalelas.com.ar\/sitio\/wp-content\/uploads\/2024\/03\/TUNEL-ZONDA-05.jpg\" alt=\"\" width=\"800\" height=\"450\" srcset=\"https:\/\/vocesparalelas.com.ar\/sitio\/wp-content\/uploads\/2024\/03\/TUNEL-ZONDA-05.jpg 800w, https:\/\/vocesparalelas.com.ar\/sitio\/wp-content\/uploads\/2024\/03\/TUNEL-ZONDA-05-300x169.jpg 300w, https:\/\/vocesparalelas.com.ar\/sitio\/wp-content\/uploads\/2024\/03\/TUNEL-ZONDA-05-768x432.jpg 768w\" sizes=\"auto, (max-width: 800px) 100vw, 800px\" \/><figcaption id=\"caption-attachment-70367\" class=\"wp-caption-text\">T\u00fanel de Zonda<\/figcaption><\/figure>\n<p>Otra de los encuentros fue con el Secretario de Energ\u00eda de la Naci\u00f3n, Dr. Eduardo Rodr\u00edguez Chirillo, sobre la obra del Dique El Tambolar, a fin de destrabar la deuda que, CAMMESA, Compa\u00f1\u00eda Administradora del Mercado Mayoristas el\u00e9ctrico, mantiene con la Provincia de San Juan, que es una suma muy importante de d\u00f3lares para el pago de la Obra P\u00fablica.<\/p>\n<p>Desde el inicio de la gesti\u00f3n el Gobernador de San Juan, Dr. Marcelo Orrego, el EPSE formul\u00f3 incesantes requerimientos y reclamos ante CAMMESA y la Secretar\u00eda de Energ\u00eda, por de pago de la deuda para darle continuidad a la Obra.<\/p>\n<p>Ante la intimaci\u00f3n y la negativa de pago por parte de CAMMESA, el secretario de Energ\u00eda de la Naci\u00f3n, Dr. Eduardo Rodr\u00edguez Chirillo, inform\u00f3 al gobernador, que debido a la compleja situaci\u00f3n que atraviesa el Estado Nacional y la Empresa CAMMESA, se ve imposibilitado de continuar con el financiamiento para cubrir los costos de Obra P\u00fablica del Dique El Tambolar.<\/p>\n<p><img loading=\"lazy\" decoding=\"async\" class=\"alignnone size-large wp-image-14043\" src=\"https:\/\/vocesparalelas.com.ar\/sitio\/wp-content\/uploads\/2018\/08\/EL-TAMBOLAR-02-800x490.jpg\" alt=\"\" width=\"800\" height=\"490\" srcset=\"https:\/\/vocesparalelas.com.ar\/sitio\/wp-content\/uploads\/2018\/08\/EL-TAMBOLAR-02-800x490.jpg 800w, https:\/\/vocesparalelas.com.ar\/sitio\/wp-content\/uploads\/2018\/08\/EL-TAMBOLAR-02-300x184.jpg 300w, https:\/\/vocesparalelas.com.ar\/sitio\/wp-content\/uploads\/2018\/08\/EL-TAMBOLAR-02-768x470.jpg 768w, https:\/\/vocesparalelas.com.ar\/sitio\/wp-content\/uploads\/2018\/08\/EL-TAMBOLAR-02.jpg 1000w\" sizes=\"auto, (max-width: 800px) 100vw, 800px\" \/><\/p>\n<p>Esta obra se financi\u00f3 con fondos nacionales provenientes de la venta de potencia y energ\u00eda de las Centrales Hidroel\u00e9ctrica Punta Negra y Central Hidroel\u00e9ctrica Los Caracoles, avalados por la Secretaria de Energ\u00eda de la Naci\u00f3n y Compa\u00f1\u00eda Administradora del Mercado Mayoristas El\u00e9ctrico &#8211; CAMMESA.<\/p>\n<p>&nbsp;<\/p>\n<p>&nbsp;<\/p>\n","protected":false},"excerpt":{"rendered":"<p>El Gobernador de San Juan, Dr. Marcelo Orrego acompa\u00f1ado por el ministro de infraestructura, Agua y Energ\u00eda, Arq. Fernando Perea,<\/p>\n","protected":false},"author":3,"featured_media":70366,"comment_status":"closed","ping_status":"closed","sticky":false,"template":"","format":"standard","meta":{"_acf_changed":false,"_seopress_robots_primary_cat":"none","_seopress_titles_title":"","_seopress_titles_desc":"","_seopress_robots_index":"","colormag_page_container_layout":"default_layout","colormag_page_sidebar_layout":"default_layout","footnotes":""},"categories":[1],"tags":[],"class_list":["post-70362","post","type-post","status-publish","format-standard","has-post-thumbnail","hentry","category-destacadas"],"acf":[],"_links":{"self":[{"href":"https:\/\/vocesparalelas.com.ar\/sitio\/wp-json\/wp\/v2\/posts\/70362","targetHints":{"allow":["GET"]}}],"collection":[{"href":"https:\/\/vocesparalelas.com.ar\/sitio\/wp-json\/wp\/v2\/posts"}],"about":[{"href":"https:\/\/vocesparalelas.com.ar\/sitio\/wp-json\/wp\/v2\/types\/post"}],"author":[{"embeddable":true,"href":"https:\/\/vocesparalelas.com.ar\/sitio\/wp-json\/wp\/v2\/users\/3"}],"replies":[{"embeddable":true,"href":"https:\/\/vocesparalelas.com.ar\/sitio\/wp-json\/wp\/v2\/comments?post=70362"}],"version-history":[{"count":4,"href":"https:\/\/vocesparalelas.com.ar\/sitio\/wp-json\/wp\/v2\/posts\/70362\/revisions"}],"predecessor-version":[{"id":70371,"href":"https:\/\/vocesparalelas.com.ar\/sitio\/wp-json\/wp\/v2\/posts\/70362\/revisions\/70371"}],"wp:featuredmedia":[{"embeddable":true,"href":"https:\/\/vocesparalelas.com.ar\/sitio\/wp-json\/wp\/v2\/media\/70366"}],"wp:attachment":[{"href":"https:\/\/vocesparalelas.com.ar\/sitio\/wp-json\/wp\/v2\/media?parent=70362"}],"wp:term":[{"taxonomy":"category","embeddable":true,"href":"https:\/\/vocesparalelas.com.ar\/sitio\/wp-json\/wp\/v2\/categories?post=70362"},{"taxonomy":"post_tag","embeddable":true,"href":"https:\/\/vocesparalelas.com.ar\/sitio\/wp-json\/wp\/v2\/tags?post=70362"}],"curies":[{"name":"wp","href":"https:\/\/api.w.org\/{rel}","templated":true}]}}