{"id":70357,"date":"2024-03-15T18:54:39","date_gmt":"2024-03-15T21:54:39","guid":{"rendered":"https:\/\/vocesparalelas.com.ar\/sitio\/?p=70357"},"modified":"2024-03-15T19:41:01","modified_gmt":"2024-03-15T22:41:01","slug":"acuerdo-entre-la-osp-san-juan-y-las-organizaciones-de-farmacias","status":"publish","type":"post","link":"https:\/\/vocesparalelas.com.ar\/sitio\/acuerdo-entre-la-osp-san-juan-y-las-organizaciones-de-farmacias\/","title":{"rendered":"Acuerdo entre la OSP San Juan y las organizaciones de Farmacias"},"content":{"rendered":"<p>El Colegio Farmac\u00e9utico de San Juan y Asociaci\u00f3n Propietarios de Farmacias de San Juan, el Mi\u00e9rcoles, 14 de Marzo de 2024, lograron un nuevo acuerdo con las autoridades de la Obra Social Provincia de San Juan.<\/p>\n<p>Es importante destacar que luego, de haber mantenido distintas y numerosas reuniones, se concret\u00f3 que las entidades tengan un convenio prestacional para los planes de la Direcci\u00f3n de la Obra Social de San Juan, para beneficio de los afiliados y con libre elecci\u00f3n por parte de \u00e9stos de su farmacia de confianza.<\/p>\n<p>El convenio ambulatorio es de presentaci\u00f3n quincenal, pago el 95 % de la prestaci\u00f3n a los 30 d\u00edas y el 5 % restante a los 60 d\u00edas.<\/p>\n<p>Los otros planes son por medio de compra centralizada coordinada por la Direcci\u00f3n de la Obra Social de San Juan y con dispensa en la red de farmacias de ambas entidades a libre elecci\u00f3n de los afiliados con un honorario farmac\u00e9utico y pago a 45 d\u00edas.<\/p>\n<p>El honorario se fija en pr\u00f3ximas reuniones en d\u00f3nde se decidan tambi\u00e9n, las normas de atenci\u00f3n de cada plan.<\/p>\n<p>En los pr\u00f3ximos d\u00edas por medios de los informativos de rigor se van a dar los detalles y normas de atenci\u00f3n que se convengan con las autoridades de la Direcci\u00f3n de la Obra Social de San Juan.<\/p>\n<p>Es de destacar, la predisposici\u00f3n del Interventor de la Obras Social de San Juan, Dr. Rodolfo Fasoli, qui\u00e9n subray\u00f3 que sigue instrucciones del Gobernador, Dr. Marcelo Orrego a trav\u00e9s del Ministro de Salud, Dr. Amilcar Dobladez, se arrib\u00f3 al pre acuerdo que brindar tranquilidad, previsibilidad y sustentabilidad al sistema farmac\u00e9utico.<\/p>\n<p>Las entidades afectadas afirman que la casa est\u00e1 en orden y se ha terminado con un periodo oscuro, de penurias y sinsabores respecto de la dispensa del medicamento en San Juan.<\/p>\n<p>Ambas comisiones quieren agradecer a las farmacias que acompa\u00f1aron el per\u00edodo con paciencia y confianza en sus entidades, ya que, \u00e9sta distinci\u00f3n, hace la prestaci\u00f3n farmac\u00e9utica.<\/p>\n<p>Aquellos que pusieron piedras en el camino, que ofrecieron caminos cortos de ofertas solas, ef\u00edmeras y ego\u00edstas que realmente entorpecieron el di\u00e1logo elegido por las entidades. Las invitamos a reflexionar sobre e valor de la participaci\u00f3n, la solidaridad y el sentido de la uni\u00f3n a los fines de la obtenci\u00f3n de los frutos y resultados queridos.<\/p>\n<p style=\"text-align: right;\">C.F.S.J.<\/p>\n<p><img loading=\"lazy\" decoding=\"async\" class=\"alignnone size-full wp-image-53683\" src=\"https:\/\/vocesparalelas.com.ar\/sitio\/wp-content\/uploads\/2022\/10\/OSP-EDIFICIO.jpg\" alt=\"\" width=\"800\" height=\"600\" srcset=\"https:\/\/vocesparalelas.com.ar\/sitio\/wp-content\/uploads\/2022\/10\/OSP-EDIFICIO.jpg 800w, https:\/\/vocesparalelas.com.ar\/sitio\/wp-content\/uploads\/2022\/10\/OSP-EDIFICIO-300x225.jpg 300w, https:\/\/vocesparalelas.com.ar\/sitio\/wp-content\/uploads\/2022\/10\/OSP-EDIFICIO-768x576.jpg 768w\" sizes=\"auto, (max-width: 800px) 100vw, 800px\" \/><\/p>\n<p>&nbsp;<\/p>\n<p><img loading=\"lazy\" decoding=\"async\" class=\"alignnone size-full wp-image-53883\" src=\"https:\/\/vocesparalelas.com.ar\/sitio\/wp-content\/uploads\/2022\/10\/COLEGIO-FARMACEUTICO-EDIFICIO.jpg\" alt=\"\" width=\"800\" height=\"600\" srcset=\"https:\/\/vocesparalelas.com.ar\/sitio\/wp-content\/uploads\/2022\/10\/COLEGIO-FARMACEUTICO-EDIFICIO.jpg 800w, https:\/\/vocesparalelas.com.ar\/sitio\/wp-content\/uploads\/2022\/10\/COLEGIO-FARMACEUTICO-EDIFICIO-300x225.jpg 300w, https:\/\/vocesparalelas.com.ar\/sitio\/wp-content\/uploads\/2022\/10\/COLEGIO-FARMACEUTICO-EDIFICIO-768x576.jpg 768w\" sizes=\"auto, (max-width: 800px) 100vw, 800px\" \/><\/p>\n<p>&nbsp;<\/p>\n","protected":false},"excerpt":{"rendered":"<p>El Colegio Farmac\u00e9utico de San Juan y Asociaci\u00f3n Propietarios de Farmacias de San Juan, el Mi\u00e9rcoles, 14 de Marzo de<\/p>\n","protected":false},"author":3,"featured_media":70360,"comment_status":"closed","ping_status":"closed","sticky":false,"template":"","format":"standard","meta":{"_acf_changed":false,"_seopress_robots_primary_cat":"none","_seopress_titles_title":"","_seopress_titles_desc":"","_seopress_robots_index":"","colormag_page_container_layout":"default_layout","colormag_page_sidebar_layout":"default_layout","footnotes":""},"categories":[1],"tags":[],"class_list":["post-70357","post","type-post","status-publish","format-standard","has-post-thumbnail","hentry","category-destacadas"],"acf":[],"_links":{"self":[{"href":"https:\/\/vocesparalelas.com.ar\/sitio\/wp-json\/wp\/v2\/posts\/70357","targetHints":{"allow":["GET"]}}],"collection":[{"href":"https:\/\/vocesparalelas.com.ar\/sitio\/wp-json\/wp\/v2\/posts"}],"about":[{"href":"https:\/\/vocesparalelas.com.ar\/sitio\/wp-json\/wp\/v2\/types\/post"}],"author":[{"embeddable":true,"href":"https:\/\/vocesparalelas.com.ar\/sitio\/wp-json\/wp\/v2\/users\/3"}],"replies":[{"embeddable":true,"href":"https:\/\/vocesparalelas.com.ar\/sitio\/wp-json\/wp\/v2\/comments?post=70357"}],"version-history":[{"count":1,"href":"https:\/\/vocesparalelas.com.ar\/sitio\/wp-json\/wp\/v2\/posts\/70357\/revisions"}],"predecessor-version":[{"id":70361,"href":"https:\/\/vocesparalelas.com.ar\/sitio\/wp-json\/wp\/v2\/posts\/70357\/revisions\/70361"}],"wp:featuredmedia":[{"embeddable":true,"href":"https:\/\/vocesparalelas.com.ar\/sitio\/wp-json\/wp\/v2\/media\/70360"}],"wp:attachment":[{"href":"https:\/\/vocesparalelas.com.ar\/sitio\/wp-json\/wp\/v2\/media?parent=70357"}],"wp:term":[{"taxonomy":"category","embeddable":true,"href":"https:\/\/vocesparalelas.com.ar\/sitio\/wp-json\/wp\/v2\/categories?post=70357"},{"taxonomy":"post_tag","embeddable":true,"href":"https:\/\/vocesparalelas.com.ar\/sitio\/wp-json\/wp\/v2\/tags?post=70357"}],"curies":[{"name":"wp","href":"https:\/\/api.w.org\/{rel}","templated":true}]}}