{"id":70319,"date":"2024-03-15T21:51:03","date_gmt":"2024-03-16T00:51:03","guid":{"rendered":"https:\/\/vocesparalelas.com.ar\/sitio\/?p=70319"},"modified":"2024-03-18T22:08:14","modified_gmt":"2024-03-19T01:08:14","slug":"feria-plaza-y-arte-en-la-ciudad-capital-de-san-juan","status":"publish","type":"post","link":"https:\/\/vocesparalelas.com.ar\/sitio\/feria-plaza-y-arte-en-la-ciudad-capital-de-san-juan\/","title":{"rendered":"Feria \u00abPlaza y Arte\u00bb en la Ciudad Capital de San Juan"},"content":{"rendered":"<p>La Municipalidad de la Ciudad Capital de San Juan ofrece tres espacios que se visten de color con la realizaci\u00f3n de la Feria \u00abPlaza y Arte\u00bb, un circuito que re\u00fane a m\u00e1s de 300 artesanos y personas que hacen manualidades.<\/p>\n<p>Los Domingos, desde las 18:00 hasta las 22:30 hs.<\/p>\n<ul>\n<li>Plaza de la Joroba,<\/li>\n<li>Plaza de Trinidad<\/li>\n<li>Centro Cultural Estaci\u00f3n San Mart\u00edn<\/li>\n<\/ul>\n<p>Las entrada libre y gratuita y estos productores necesitan el apoyo del visitantes.<\/p>\n<p>\u00abPlaza y Arte\u00bb se presenta como un espacio para disfrutar del talento de los artesanos y manualidades de San Juan y adquirir sus productos.<\/p>\n<p>La feria ofrece una amplia gama de productos \u00fanicos y originales que reflejan la riqueza cultural y la habilidad art\u00edstica de cada emprendedor.<\/p>\n<p>Adem\u00e1s de ser un lugar ideal para encontrar regalos especiales y piezas \u00fanicas, compartiendo directamente con los artesanos, conociendo sus t\u00e9cnicas de trabajo y descubriendo historias detr\u00e1s de cada creaci\u00f3n.<\/p>\n<p>Esta iniciativa cuenta con el respaldo de la intendente de la Municipalidad de la Ciudad Capital de San Juan, Dra. Susana Laciar, demostrando su compromiso con el desarrollo cultural y econ\u00f3mico. Adem\u00e1s, su firme creencia en el poder transformador del arte y la creatividad en un producto exquisito.<\/p>\n<p>&nbsp;<\/p>\n<p><img loading=\"lazy\" decoding=\"async\" class=\"alignnone size-full wp-image-67559\" src=\"https:\/\/vocesparalelas.com.ar\/sitio\/wp-content\/uploads\/2023\/12\/CAPITAL-SAN-JUAN-LOGO.png\" alt=\"\" width=\"800\" height=\"304\" srcset=\"https:\/\/vocesparalelas.com.ar\/sitio\/wp-content\/uploads\/2023\/12\/CAPITAL-SAN-JUAN-LOGO.png 800w, https:\/\/vocesparalelas.com.ar\/sitio\/wp-content\/uploads\/2023\/12\/CAPITAL-SAN-JUAN-LOGO-300x114.png 300w, https:\/\/vocesparalelas.com.ar\/sitio\/wp-content\/uploads\/2023\/12\/CAPITAL-SAN-JUAN-LOGO-768x292.png 768w\" sizes=\"auto, (max-width: 800px) 100vw, 800px\" \/><\/p>\n","protected":false},"excerpt":{"rendered":"<p>La Municipalidad de la Ciudad Capital de San Juan ofrece tres espacios que se visten de color con la realizaci\u00f3n<\/p>\n","protected":false},"author":3,"featured_media":70322,"comment_status":"closed","ping_status":"closed","sticky":false,"template":"","format":"standard","meta":{"_acf_changed":false,"_seopress_robots_primary_cat":"none","_seopress_titles_title":"","_seopress_titles_desc":"","_seopress_robots_index":"","colormag_page_container_layout":"default_layout","colormag_page_sidebar_layout":"default_layout","footnotes":""},"categories":[20],"tags":[],"class_list":["post-70319","post","type-post","status-publish","format-standard","has-post-thumbnail","hentry","category-cartelera"],"acf":[],"_links":{"self":[{"href":"https:\/\/vocesparalelas.com.ar\/sitio\/wp-json\/wp\/v2\/posts\/70319","targetHints":{"allow":["GET"]}}],"collection":[{"href":"https:\/\/vocesparalelas.com.ar\/sitio\/wp-json\/wp\/v2\/posts"}],"about":[{"href":"https:\/\/vocesparalelas.com.ar\/sitio\/wp-json\/wp\/v2\/types\/post"}],"author":[{"embeddable":true,"href":"https:\/\/vocesparalelas.com.ar\/sitio\/wp-json\/wp\/v2\/users\/3"}],"replies":[{"embeddable":true,"href":"https:\/\/vocesparalelas.com.ar\/sitio\/wp-json\/wp\/v2\/comments?post=70319"}],"version-history":[{"count":1,"href":"https:\/\/vocesparalelas.com.ar\/sitio\/wp-json\/wp\/v2\/posts\/70319\/revisions"}],"predecessor-version":[{"id":70323,"href":"https:\/\/vocesparalelas.com.ar\/sitio\/wp-json\/wp\/v2\/posts\/70319\/revisions\/70323"}],"wp:featuredmedia":[{"embeddable":true,"href":"https:\/\/vocesparalelas.com.ar\/sitio\/wp-json\/wp\/v2\/media\/70322"}],"wp:attachment":[{"href":"https:\/\/vocesparalelas.com.ar\/sitio\/wp-json\/wp\/v2\/media?parent=70319"}],"wp:term":[{"taxonomy":"category","embeddable":true,"href":"https:\/\/vocesparalelas.com.ar\/sitio\/wp-json\/wp\/v2\/categories?post=70319"},{"taxonomy":"post_tag","embeddable":true,"href":"https:\/\/vocesparalelas.com.ar\/sitio\/wp-json\/wp\/v2\/tags?post=70319"}],"curies":[{"name":"wp","href":"https:\/\/api.w.org\/{rel}","templated":true}]}}