{"id":70312,"date":"2024-03-14T17:58:56","date_gmt":"2024-03-14T20:58:56","guid":{"rendered":"https:\/\/vocesparalelas.com.ar\/sitio\/?p=70312"},"modified":"2024-03-16T00:27:49","modified_gmt":"2024-03-16T03:27:49","slug":"se-lanzo-la-xvi-edicion-del-premio-provincial-a-la-calidad-en-san-juan","status":"publish","type":"post","link":"https:\/\/vocesparalelas.com.ar\/sitio\/se-lanzo-la-xvi-edicion-del-premio-provincial-a-la-calidad-en-san-juan\/","title":{"rendered":"Se lanz\u00f3 la XVI Edici\u00f3n del Premio Provincial a la Calidad en San Juan"},"content":{"rendered":"<p>En Casa de Gobierno, el gobernador de San Juan, Dr. Marcelo Orrego form\u00f3 parte de la apertura de la convocatoria para participar de la XVI Edici\u00f3n del Premio Provincial a la Calidad, destinado a organizaciones del sector p\u00fablico y del sector privado. Con esta nueva edici\u00f3n, San Juan se convierte en la primera provincia del pa\u00eds en entregar esta distinci\u00f3n ininterrumpidamente durante 16 a\u00f1os.<\/p>\n<p>El Premio Provincial a la Calidad promueve el desarrollo no s\u00f3lo en t\u00e9rminos de excelencia de los procesos de producci\u00f3n; sino tambi\u00e9n como promotor de un cambio cultural significativo hacia un compromiso m\u00e1s amplio: mejorar la calidad de vida de las personas.<\/p>\n<p>Participaron el ministro de Producci\u00f3n, Trabajo e Innovaci\u00f3n, CPN Gustavo Fern\u00e1ndez; el director Agencia San Juan de Desarrollo de Inversiones, Mart\u00edn Palisa; el secretario de Transformaci\u00f3n Digital y Modernizaci\u00f3n del Estado, Fabricio Echegaray e invitados especiales.<\/p>\n<p>El mandatario local abri\u00f3 el evento refiri\u00e9ndose al premio como \u201cparte de los sanjuaninos desde el a\u00f1o 2008\u201d y explic\u00f3 que \u201csin duda eso nos da la pauta del camino recorrido en todos estos a\u00f1os y la superaci\u00f3n que hay detr\u00e1s de \u00e9l. En los tiempos dif\u00edciles que vivimos poder reconocer el m\u00e9rito de quienes d\u00eda a d\u00eda luchan por poner sus empresas en el mejor lugar, invirtiendo y esforz\u00e1ndose, es algo que esta gesti\u00f3n tiene como meta: su apoyo incondicional y sostenido\u201d.<\/p>\n<p><iframe loading=\"lazy\" title=\"SAN JUAN GOBERNADOR DR MARCELO ORREGO\" width=\"800\" height=\"450\" src=\"https:\/\/www.youtube.com\/embed\/UQnjQzTIkpU?feature=oembed\" frameborder=\"0\" allow=\"accelerometer; autoplay; clipboard-write; encrypted-media; gyroscope; picture-in-picture; web-share\" allowfullscreen><\/iframe><\/p>\n<p>\u201cEl objetivo primordial es sumar valor para que alcancen la calidad que necesitan para su crecimiento y eso significa capacitaci\u00f3n continua que los lleve al desarrollo. Por eso, les ofrecemos asistencia t\u00e9cnica a micro, peque\u00f1as y medianas empresas o grupos asociativos con Aportes No Reintegrables, esto comprende: servicios de consultor\u00eda, innovaci\u00f3n, digitalizaci\u00f3n, reducci\u00f3n de la brecha de G\u00e9nero, sostenibilidad medioambiental, programas de certificaci\u00f3n y cumplimiento normativo, y esto es un esfuerzo que hacemos todos los sanjuaninos\u201d, agreg\u00f3 el gobernador.<\/p>\n<p>Por su parte el ministro Gustavo Fern\u00e1ndez destac\u00f3 la importancia del premio por su vigencia \u201cexiste un premio nacional y muchas provincias han replicado este premio, pero en San Juan lleva una continuidad de 16 a\u00f1os y lo torna el premio del interior del pa\u00eds con mayor trayectoria\u201d.<\/p>\n<p><iframe loading=\"lazy\" title=\"SAN JUAN MINISTRO CPN\" width=\"800\" height=\"450\" src=\"https:\/\/www.youtube.com\/embed\/jh-AgXor9AU?feature=oembed\" frameborder=\"0\" allow=\"accelerometer; autoplay; clipboard-write; encrypted-media; gyroscope; picture-in-picture; web-share\" allowfullscreen><\/iframe><\/p>\n<p>\u201cEl premio, lo que hace es ofrecer a las empresas y organismos p\u00fablicos, un \u00e1mbito de evaluaci\u00f3n de sus procesos de gesti\u00f3n, mediante el sometimiento a una auditor\u00eda que eval\u00faa distintos aspectos de la organizaci\u00f3n, las empresas y los organismos del sector p\u00fablico pueden tener un reporte con recomendaciones de los aspectos que tienen positivos, pero fundamentalmente los aspectos que tienen para mejorar dentro de su organizaci\u00f3n\u201d, agreg\u00f3.<\/p>\n<p>Adem\u00e1s, el ministro Fern\u00e1ndez se refiri\u00f3 al incentivo adicional que se introduce desde este a\u00f1o, por iniciativa de la Agencia San Juan de Inversiones y de la Secretar\u00eda de Modernizaci\u00f3n, y coment\u00f3 que \u201cno solamente se va a entregar la estatuilla, el diploma, la placa que certifica que la empresa o el organismo gan\u00f3, herramienta importante en el caso de las empresas para su marketing, sino que como anunci\u00f3 el gobernador, quien resulte acreedor del premio va a tener un aporte no reembolsado, un ANR, que le permita costear el 100% del proceso de certificaci\u00f3n de normas ISO 9000. Y al mismo tiempo van a poder participar con un costo a cargo de la Agencia San Juan de Inversiones del premio nacional a la calidad\u201d, explic\u00f3.<\/p>\n<p>Cabe recordar que, este galard\u00f3n es instituido en la provincia por ley N\u00ba 971-F (Ex N\u00b0 7.910), sancionada en el a\u00f1o 2008 en el marco de un Convenio de Cooperaci\u00f3n y Asistencia T\u00e9cnica entre la Secretar\u00eda de la Gesti\u00f3n P\u00fablica de la Jefatura de Gabinete de Ministros de la Naci\u00f3n y el Gobierno de la Provincia de San Juan, para la ejecuci\u00f3n conjunta de proyectos de capacitaci\u00f3n, formaci\u00f3n e investigaci\u00f3n, acad\u00e9micos y culturales en \u00e1reas de mutuo inter\u00e9s, as\u00ed como para la formaci\u00f3n y el perfeccionamiento de los agentes p\u00fablicos.<\/p>\n<p><iframe loading=\"lazy\" title=\"Marcelo Orrego encabez\u00f3 el lanzamiento de la XVI Edici\u00f3n del Premio Provincial a la Calidad\" width=\"800\" height=\"450\" src=\"https:\/\/www.youtube.com\/embed\/opamUExzLpQ?feature=oembed\" frameborder=\"0\" allow=\"accelerometer; autoplay; clipboard-write; encrypted-media; gyroscope; picture-in-picture; web-share\" allowfullscreen><\/iframe><\/p>\n<p><span style=\"color: #ff6600;\"><b>Novedades de la Edici\u00f3n 2024:<\/b><\/span><\/p>\n<p>La metodolog\u00eda de este premio se basa en los criterios generales de los Premios Nacionales a la Calidad y del Modelo Iberoamericano de Excelencia en la Gesti\u00f3n dentro de un proceso de mejora continua<\/p>\n<p>Entre las transformaciones de esta edici\u00f3n, podemos enumerar:<\/p>\n<ul>\n<li>Cambios en las bases y condiciones que estipulan la participaci\u00f3n: para ello se consultaron especialistas y se estudiaron modelos nacionales como el Premio Nacional a la Calidad, tanto del sector p\u00fablico como privado y tambi\u00e9n analizando el Modelo Iberoamericano de Excelencia en la Gesti\u00f3n, introduciendo l\u00edmites a la premiaci\u00f3n. No se entregar\u00e1n m\u00e1s de 2 menciones por categor\u00eda a saber: Oro, Plata, Bronce.<\/li>\n<li>Nuevo dise\u00f1o de Isologo dando una nueva identidad al Premio con los colores y l\u00edneas gr\u00e1ficas de la nueva gesti\u00f3n del Gobierno Provincial.<\/li>\n<li>Nuevo dise\u00f1o de la p\u00e1gina web del Premio a la Calidad https:\/\/premiocalidad.sanjuan.gob.ar\/ respondiendo a los nuevos est\u00e1ndares institucionales, gr\u00e1ficos y de dise\u00f1o establecidos por la gesti\u00f3n, resguardando la informaci\u00f3n ofrecida y estableciendo un foro de consulta para los usuarios de la web.<\/li>\n<li>Gesti\u00f3n del Recurso H\u00eddrico: incluir un apartado espec\u00edfico sobre la gesti\u00f3n responsable del agua en la gu\u00eda de autoevaluaci\u00f3n tanto para el sector privado como para el p\u00fablico. Este anexo forma parte de Gesti\u00f3n de la Responsabilidad social y conservaci\u00f3n del ambiente y se evaluar\u00e1 en este subcomponente.<\/li>\n<\/ul>\n","protected":false},"excerpt":{"rendered":"<p>En Casa de Gobierno, el gobernador de San Juan, Dr. Marcelo Orrego form\u00f3 parte de la apertura de la convocatoria<\/p>\n","protected":false},"author":3,"featured_media":70315,"comment_status":"closed","ping_status":"closed","sticky":false,"template":"","format":"standard","meta":{"_acf_changed":false,"_seopress_robots_primary_cat":"none","_seopress_titles_title":"","_seopress_titles_desc":"","_seopress_robots_index":"","colormag_page_container_layout":"default_layout","colormag_page_sidebar_layout":"default_layout","footnotes":""},"categories":[8,7],"tags":[],"class_list":["post-70312","post","type-post","status-publish","format-standard","has-post-thumbnail","hentry","category-concursos","category-videos"],"acf":[],"_links":{"self":[{"href":"https:\/\/vocesparalelas.com.ar\/sitio\/wp-json\/wp\/v2\/posts\/70312","targetHints":{"allow":["GET"]}}],"collection":[{"href":"https:\/\/vocesparalelas.com.ar\/sitio\/wp-json\/wp\/v2\/posts"}],"about":[{"href":"https:\/\/vocesparalelas.com.ar\/sitio\/wp-json\/wp\/v2\/types\/post"}],"author":[{"embeddable":true,"href":"https:\/\/vocesparalelas.com.ar\/sitio\/wp-json\/wp\/v2\/users\/3"}],"replies":[{"embeddable":true,"href":"https:\/\/vocesparalelas.com.ar\/sitio\/wp-json\/wp\/v2\/comments?post=70312"}],"version-history":[{"count":1,"href":"https:\/\/vocesparalelas.com.ar\/sitio\/wp-json\/wp\/v2\/posts\/70312\/revisions"}],"predecessor-version":[{"id":70316,"href":"https:\/\/vocesparalelas.com.ar\/sitio\/wp-json\/wp\/v2\/posts\/70312\/revisions\/70316"}],"wp:featuredmedia":[{"embeddable":true,"href":"https:\/\/vocesparalelas.com.ar\/sitio\/wp-json\/wp\/v2\/media\/70315"}],"wp:attachment":[{"href":"https:\/\/vocesparalelas.com.ar\/sitio\/wp-json\/wp\/v2\/media?parent=70312"}],"wp:term":[{"taxonomy":"category","embeddable":true,"href":"https:\/\/vocesparalelas.com.ar\/sitio\/wp-json\/wp\/v2\/categories?post=70312"},{"taxonomy":"post_tag","embeddable":true,"href":"https:\/\/vocesparalelas.com.ar\/sitio\/wp-json\/wp\/v2\/tags?post=70312"}],"curies":[{"name":"wp","href":"https:\/\/api.w.org\/{rel}","templated":true}]}}