{"id":70307,"date":"2024-03-14T17:52:11","date_gmt":"2024-03-14T20:52:11","guid":{"rendered":"https:\/\/vocesparalelas.com.ar\/sitio\/?p=70307"},"modified":"2024-03-15T13:13:08","modified_gmt":"2024-03-15T16:13:08","slug":"se-reactiva-la-obra-publica-en-san-juan-para-fortalecer-el-trabajo-del-sector","status":"publish","type":"post","link":"https:\/\/vocesparalelas.com.ar\/sitio\/se-reactiva-la-obra-publica-en-san-juan-para-fortalecer-el-trabajo-del-sector\/","title":{"rendered":"Se reactiva la Obra P\u00fablica en San Juan para fortalecer el trabajo del sector"},"content":{"rendered":"<p>El gobernador de San Juan, Dr. Marcelo Orrego recibi\u00f3 la visita de las autoridades de la C\u00e1mara de la Construcci\u00f3n de San Juan, en Casa de Gobierno.<\/p>\n<p>En este marco se reuni\u00f3 con el presidente, Ram\u00f3n Martinez; el vicepresidente, Ing. Santiago Olguin; el secretario, Ing. Juan Manuel Galvarini y Ing. Alejandro Palucchini, en representaci\u00f3n de la empresa MAPAL. Adem\u00e1s estuvo el ministro de Infraestructura, Agua y Energ\u00eda, Arq. Fernando Perea.<\/p>\n<p><iframe loading=\"lazy\" title=\"Orrego recibi\u00f3 a las autoridades de la C\u00e1mara de la Construcci\u00f3n\" width=\"800\" height=\"450\" src=\"https:\/\/www.youtube.com\/embed\/U0dZxSEDo88?feature=oembed\" frameborder=\"0\" allow=\"accelerometer; autoplay; clipboard-write; encrypted-media; gyroscope; picture-in-picture; web-share\" allowfullscreen><\/iframe><\/p>\n<p>En este contexto, presidente de la C\u00e1mara de la Construcci\u00f3n, Ing. Ram\u00f3n Mart\u00ednez explic\u00f3 que \u201chemos venido trabajando para tratar de resolver la situaci\u00f3n del sector. El gobernador nos ha brindado nuevas herramientas que nos va a permitir financiar la obra p\u00fablica en estos tiempos complicados\u201d.<\/p>\n<p>\u00abLa idea es retomar los trabajos que se neutralizaron o que bajaron el ritmo de trabajo. Vamos a ir de a poco, concluyendo con las obras que quedan pendiente\u201d.<\/p>\n<p>\u00abPor ello, el gobernador Dr. Marcelo Orrego puso a disposici\u00f3n de toda la obra p\u00fablica un anticipo financiero econ\u00f3mico que antes cubr\u00eda solo un sector de la obra p\u00fablica. Agradezco al gobernador y al Ministerio de Infraestructura por buscar en conjunto herramientas para seguir adelante\u00bb &#8211; sintetiz\u00f3 el Ing. Ram\u00f3n Mart\u00ednez.<\/p>\n<p>&nbsp;<\/p>\n<p>&nbsp;<\/p>\n","protected":false},"excerpt":{"rendered":"<p>El gobernador de San Juan, Dr. Marcelo Orrego recibi\u00f3 la visita de las autoridades de la C\u00e1mara de la Construcci\u00f3n<\/p>\n","protected":false},"author":3,"featured_media":70310,"comment_status":"closed","ping_status":"closed","sticky":false,"template":"","format":"standard","meta":{"_acf_changed":false,"_seopress_robots_primary_cat":"none","_seopress_titles_title":"","_seopress_titles_desc":"","_seopress_robots_index":"","colormag_page_container_layout":"default_layout","colormag_page_sidebar_layout":"default_layout","footnotes":""},"categories":[1,7],"tags":[],"class_list":["post-70307","post","type-post","status-publish","format-standard","has-post-thumbnail","hentry","category-destacadas","category-videos"],"acf":[],"_links":{"self":[{"href":"https:\/\/vocesparalelas.com.ar\/sitio\/wp-json\/wp\/v2\/posts\/70307","targetHints":{"allow":["GET"]}}],"collection":[{"href":"https:\/\/vocesparalelas.com.ar\/sitio\/wp-json\/wp\/v2\/posts"}],"about":[{"href":"https:\/\/vocesparalelas.com.ar\/sitio\/wp-json\/wp\/v2\/types\/post"}],"author":[{"embeddable":true,"href":"https:\/\/vocesparalelas.com.ar\/sitio\/wp-json\/wp\/v2\/users\/3"}],"replies":[{"embeddable":true,"href":"https:\/\/vocesparalelas.com.ar\/sitio\/wp-json\/wp\/v2\/comments?post=70307"}],"version-history":[{"count":2,"href":"https:\/\/vocesparalelas.com.ar\/sitio\/wp-json\/wp\/v2\/posts\/70307\/revisions"}],"predecessor-version":[{"id":70349,"href":"https:\/\/vocesparalelas.com.ar\/sitio\/wp-json\/wp\/v2\/posts\/70307\/revisions\/70349"}],"wp:featuredmedia":[{"embeddable":true,"href":"https:\/\/vocesparalelas.com.ar\/sitio\/wp-json\/wp\/v2\/media\/70310"}],"wp:attachment":[{"href":"https:\/\/vocesparalelas.com.ar\/sitio\/wp-json\/wp\/v2\/media?parent=70307"}],"wp:term":[{"taxonomy":"category","embeddable":true,"href":"https:\/\/vocesparalelas.com.ar\/sitio\/wp-json\/wp\/v2\/categories?post=70307"},{"taxonomy":"post_tag","embeddable":true,"href":"https:\/\/vocesparalelas.com.ar\/sitio\/wp-json\/wp\/v2\/tags?post=70307"}],"curies":[{"name":"wp","href":"https:\/\/api.w.org\/{rel}","templated":true}]}}