{"id":70303,"date":"2024-03-13T17:39:40","date_gmt":"2024-03-13T20:39:40","guid":{"rendered":"https:\/\/vocesparalelas.com.ar\/sitio\/?p=70303"},"modified":"2024-03-14T23:20:12","modified_gmt":"2024-03-15T02:20:12","slug":"acto-de-apertura-de-sesiones-ordinarias-periodo-2024-del-concejo-deliberante-de-la-municipalidad-de-santa-lucia","status":"publish","type":"post","link":"https:\/\/vocesparalelas.com.ar\/sitio\/acto-de-apertura-de-sesiones-ordinarias-periodo-2024-del-concejo-deliberante-de-la-municipalidad-de-santa-lucia\/","title":{"rendered":"Acto de \u00abApertura de Sesiones Ordinarias Periodo 2024\u00bb del Concejo Deliberante de la Municipalidad de Santa Luc\u00eda"},"content":{"rendered":"<p>El Intendente de la Municipalidad de la Ciudad de Santa Luc\u00eda, Juan Jos\u00e9 Orrego y el Presidente del Honorable Concejo Deliberante, Juan Manuel Roca, invitan al Acto de \u00abApertura de Sesiones Ordinarias Periodo 2024\u00bb, el Jueves, 14 de Marzo, a las 19 hs. en la Casa de la Historia y la Cultura del Bicentenario de Santa Luc\u00eda, Hip\u00f3lito Yrigoyen 3968 &#8211; E -, Santa Luc\u00eda.<\/p>\n<p>La semana pasada, el Intendente de la Municipalidad de la Ciudad de Santa Luc\u00eda, Juan Jos\u00e9 Orrego manifest\u00f3 a los Periodistas San Juan conceptos del trabajo que se realiza y lo que se viene para los Vecinos de Santa Luc\u00eda cuyo trabajo se fortalece.<\/p>\n<p><iframe loading=\"lazy\" title=\"SANTA LUCIA INTENDENTE JUAN JOS\u00c9 ORREGO\" width=\"800\" height=\"450\" src=\"https:\/\/www.youtube.com\/embed\/j3BgJ1b8rBU?feature=oembed\" frameborder=\"0\" allow=\"accelerometer; autoplay; clipboard-write; encrypted-media; gyroscope; picture-in-picture; web-share\" allowfullscreen><\/iframe><\/p>\n<p>&nbsp;<\/p>\n<p><img loading=\"lazy\" decoding=\"async\" class=\"alignnone size-full wp-image-68122\" src=\"https:\/\/vocesparalelas.com.ar\/sitio\/wp-content\/uploads\/2024\/01\/SANTA-LUCIA-EDIFICIO-01.jpg\" alt=\"\" width=\"800\" height=\"533\" srcset=\"https:\/\/vocesparalelas.com.ar\/sitio\/wp-content\/uploads\/2024\/01\/SANTA-LUCIA-EDIFICIO-01.jpg 800w, https:\/\/vocesparalelas.com.ar\/sitio\/wp-content\/uploads\/2024\/01\/SANTA-LUCIA-EDIFICIO-01-300x200.jpg 300w, https:\/\/vocesparalelas.com.ar\/sitio\/wp-content\/uploads\/2024\/01\/SANTA-LUCIA-EDIFICIO-01-768x512.jpg 768w\" sizes=\"auto, (max-width: 800px) 100vw, 800px\" \/><\/p>\n<p>&nbsp;<\/p>\n<p>&nbsp;<\/p>\n<p>&nbsp;<\/p>\n","protected":false},"excerpt":{"rendered":"<p>El Intendente de la Municipalidad de la Ciudad de Santa Luc\u00eda, Juan Jos\u00e9 Orrego y el Presidente del Honorable Concejo<\/p>\n","protected":false},"author":3,"featured_media":70150,"comment_status":"closed","ping_status":"closed","sticky":false,"template":"","format":"standard","meta":{"_acf_changed":false,"_seopress_robots_primary_cat":"none","_seopress_titles_title":"","_seopress_titles_desc":"","_seopress_robots_index":"","colormag_page_container_layout":"default_layout","colormag_page_sidebar_layout":"default_layout","footnotes":""},"categories":[1,7],"tags":[],"class_list":["post-70303","post","type-post","status-publish","format-standard","has-post-thumbnail","hentry","category-destacadas","category-videos"],"acf":[],"_links":{"self":[{"href":"https:\/\/vocesparalelas.com.ar\/sitio\/wp-json\/wp\/v2\/posts\/70303","targetHints":{"allow":["GET"]}}],"collection":[{"href":"https:\/\/vocesparalelas.com.ar\/sitio\/wp-json\/wp\/v2\/posts"}],"about":[{"href":"https:\/\/vocesparalelas.com.ar\/sitio\/wp-json\/wp\/v2\/types\/post"}],"author":[{"embeddable":true,"href":"https:\/\/vocesparalelas.com.ar\/sitio\/wp-json\/wp\/v2\/users\/3"}],"replies":[{"embeddable":true,"href":"https:\/\/vocesparalelas.com.ar\/sitio\/wp-json\/wp\/v2\/comments?post=70303"}],"version-history":[{"count":1,"href":"https:\/\/vocesparalelas.com.ar\/sitio\/wp-json\/wp\/v2\/posts\/70303\/revisions"}],"predecessor-version":[{"id":70306,"href":"https:\/\/vocesparalelas.com.ar\/sitio\/wp-json\/wp\/v2\/posts\/70303\/revisions\/70306"}],"wp:featuredmedia":[{"embeddable":true,"href":"https:\/\/vocesparalelas.com.ar\/sitio\/wp-json\/wp\/v2\/media\/70150"}],"wp:attachment":[{"href":"https:\/\/vocesparalelas.com.ar\/sitio\/wp-json\/wp\/v2\/media?parent=70303"}],"wp:term":[{"taxonomy":"category","embeddable":true,"href":"https:\/\/vocesparalelas.com.ar\/sitio\/wp-json\/wp\/v2\/categories?post=70303"},{"taxonomy":"post_tag","embeddable":true,"href":"https:\/\/vocesparalelas.com.ar\/sitio\/wp-json\/wp\/v2\/tags?post=70303"}],"curies":[{"name":"wp","href":"https:\/\/api.w.org\/{rel}","templated":true}]}}