{"id":70279,"date":"2024-03-13T22:36:50","date_gmt":"2024-03-14T01:36:50","guid":{"rendered":"https:\/\/vocesparalelas.com.ar\/sitio\/?p=70279"},"modified":"2024-03-13T22:36:50","modified_gmt":"2024-03-14T01:36:50","slug":"abrazo-simbolico-por-la-educacion-universitaria-publica-en-la-unsj","status":"publish","type":"post","link":"https:\/\/vocesparalelas.com.ar\/sitio\/abrazo-simbolico-por-la-educacion-universitaria-publica-en-la-unsj\/","title":{"rendered":"Abrazo Simb\u00f3lico por la Educaci\u00f3n Universitaria P\u00fablica en la UNSJ"},"content":{"rendered":"<p>En el frente de la Facultad de Ingenier\u00eda de la Universidad Nacional de San Juan se desarroll\u00f3 el \u00abAbrazo Simb\u00f3lico por la Educaci\u00f3n Universitaria P\u00fablica, con la participaci\u00f3n de estudiantes, docentes, nodocentes, becarias\u00a0 y hasta autoridades de de las Unidades Acad\u00e9micas, del Rectorado, de la Federaci\u00f3n Universitaria de San Juan, los gremios Docentes Universitarios ADICUS, SIDUNSJ, APUNSJ.<\/p>\n<p><iframe loading=\"lazy\" title=\"UNSJ ABRAZO SIMB\u00d3LICO\" width=\"800\" height=\"450\" src=\"https:\/\/www.youtube.com\/embed\/J_Tl-Rh0MVk?feature=oembed\" frameborder=\"0\" allow=\"accelerometer; autoplay; clipboard-write; encrypted-media; gyroscope; picture-in-picture; web-share\" allowfullscreen><\/iframe><\/p>\n<p>El objetivo fundamental es visibilizar el ajuste presupuestario no s\u00f3lo a la UNSJ sino a todo el sistema universitario y expresar su apoyo a la educaci\u00f3n superior p\u00fablica, gratuita y laica.<\/p>\n<p>En los discursos, la primera en hablar fue Andrea Rojas, dirigente estudiantil de la FUSJ, quien afirm\u00f3 que \u201cel ajuste est\u00e1 perjudicando a las clases medias y populares, porque obstruye nuestro acceso a un salario digno. La universidad no tiene que ser ajena a las discusiones pol\u00edticas, porque es el \u00e1mbito apropiado para hacerlo. Por otra parte, necesitamos que el gobernador de San Juan cumpla su promesa de campa\u00f1a del boleto estudiantil gratuito. Le decimos al gobierno nacional que al ajuste no lo va a pagar la educaci\u00f3n y que necesitamos urgentemente la actualizaci\u00f3n presupuestaria para todas las universidades del pa\u00eds\u201d.<\/p>\n<p>Luego fue el turno del secretario general de APUNSJ, Daniel Dur\u00e1n, quien asegur\u00f3 que \u201choy podemos encontrarnos ac\u00e1 trabajadores y trabajadoras, estudiantes y representantes pol\u00edticos que nos est\u00e1n acompa\u00f1ando en esto que es una patriada, que es parte de la historia argentina y que el gobierno deber\u00eda mirar los libros de historia, para ver la importancia que han tenido las universidades nacionales en el contexto argentino, para que entiendan lo que hicieron las universidades en el pa\u00eds respecto a las clases menos pudientes de la sociedad, porque fueron las que patearon las puertas de la oligarqu\u00eda para que los hijos e hijas de los trabajadores pudieran estudiar. Hoy quieren volver cien a\u00f1os atr\u00e1s y nos lo dicen en la cara\u201d.<\/p>\n<p>Seguidamente habl\u00f3 el secretario general de SIDUNSJ, Prof. Esteban Vergalito, quien manifest\u00f3 que \u201choy es un d\u00eda de lucha, nos quieren erradicar de la faz de la tierra y no es la primera vez, pero nunca pudieron con la universidad p\u00fablica argentina, ni van a poder. Puede ser que nos golpeen, pero tenemos el cuero duro. Y tenemos internalizado el derecho a la educaci\u00f3n. Nos quieren dividir como pueblo y lo que est\u00e1n generando es unidad\u201d.<\/p>\n<p>El secretario general de ADICUS, Prof. Jaime Barcelona, tambi\u00e9n puso de relevancia la actitud de los estudiantes, \u201cque nos fueron a buscar y donde naci\u00f3 la multisectorial. Fueron actores principales en el paro del 24 de enero y nos impulsaron a salir a los cursos y eso ha demostrado que las cosas ya no son como en diciembre, que hay ganas de pelear y que si las agrupaciones estudiantiles est\u00e1n activas, quiere decir que el presente es nuestro y el futuro tambi\u00e9n\u201d.<\/p>\n<p>En representaci\u00f3n de la Asamblea de Becaries de CONICET, habl\u00f3 Gabriela Pedroza, quien afirm\u00f3 que \u201csomos docentes de la UNSJ e investigamos en ella, nos vemos doblemente afectados por eso. Hay mucha incertidumbre en el sector para personas que no saben qu\u00e9 va a pasar despu\u00e9s del 31 de marzo. El recorte reciente a las becas es un retroceso para el desarrollo de nuestras investigaciones y eso es muy grave\u201d. Invit\u00f3 luego a un festival de ciencia que tendr\u00e1 lugar en el mes de abril, con el fin de favorecer el intercambio de conocimientos.<\/p>\n<p>En nombre de las autoridades, el decano de la Facultad de Ingenier\u00eda, Ing. Oscar Mario Fern\u00e1ndez,\u00a0 quien felicito a los gremios y a los estudiantes e hizo un llamado a estar presente y avalar este tipo de acciones.<\/p>\n<p><iframe loading=\"lazy\" title=\"UNSJ ABRAZO SIMB\u00d3LICO\" width=\"800\" height=\"450\" src=\"https:\/\/www.youtube.com\/embed\/sI1fc-3jSTg?feature=oembed\" frameborder=\"0\" allow=\"accelerometer; autoplay; clipboard-write; encrypted-media; gyroscope; picture-in-picture; web-share\" allowfullscreen><\/iframe><\/p>\n<p>Finalmente, la vicerrectora de la UNSJ, Dra. Anal\u00eda Ponce puntualiz\u00f3 que \u201cla esperanza, porque ante la intenci\u00f3n de dividirnos, nosotros respondemos con unidad. Estoy convencida porque el significante que estos l\u00edderes han consensuado es el abrazo y ante todos los que quieren que nos enfrentemos, nosotros oponemos una fuerza de sentido contrario, que es el abrazo. Estamos ac\u00e1 para abrazar a la UNSJ y ese significante es esperanzador. Estamos todas las universidades y este abrazo garantiza que no vamos a asesinar a la UNSJ\u201d.<\/p>\n<p><img loading=\"lazy\" decoding=\"async\" class=\"alignnone size-full wp-image-54035\" src=\"https:\/\/vocesparalelas.com.ar\/sitio\/wp-content\/uploads\/2022\/11\/UNSJ-LOGO-10.jpg\" alt=\"\" width=\"800\" height=\"533\" srcset=\"https:\/\/vocesparalelas.com.ar\/sitio\/wp-content\/uploads\/2022\/11\/UNSJ-LOGO-10.jpg 800w, https:\/\/vocesparalelas.com.ar\/sitio\/wp-content\/uploads\/2022\/11\/UNSJ-LOGO-10-300x200.jpg 300w, https:\/\/vocesparalelas.com.ar\/sitio\/wp-content\/uploads\/2022\/11\/UNSJ-LOGO-10-768x512.jpg 768w\" sizes=\"auto, (max-width: 800px) 100vw, 800px\" \/><\/p>\n","protected":false},"excerpt":{"rendered":"<p>En el frente de la Facultad de Ingenier\u00eda de la Universidad Nacional de San Juan se desarroll\u00f3 el \u00abAbrazo Simb\u00f3lico<\/p>\n","protected":false},"author":3,"featured_media":70282,"comment_status":"closed","ping_status":"closed","sticky":false,"template":"","format":"standard","meta":{"_acf_changed":false,"_seopress_robots_primary_cat":"none","_seopress_titles_title":"","_seopress_titles_desc":"","_seopress_robots_index":"","colormag_page_container_layout":"default_layout","colormag_page_sidebar_layout":"default_layout","footnotes":""},"categories":[1,7],"tags":[],"class_list":["post-70279","post","type-post","status-publish","format-standard","has-post-thumbnail","hentry","category-destacadas","category-videos"],"acf":[],"_links":{"self":[{"href":"https:\/\/vocesparalelas.com.ar\/sitio\/wp-json\/wp\/v2\/posts\/70279","targetHints":{"allow":["GET"]}}],"collection":[{"href":"https:\/\/vocesparalelas.com.ar\/sitio\/wp-json\/wp\/v2\/posts"}],"about":[{"href":"https:\/\/vocesparalelas.com.ar\/sitio\/wp-json\/wp\/v2\/types\/post"}],"author":[{"embeddable":true,"href":"https:\/\/vocesparalelas.com.ar\/sitio\/wp-json\/wp\/v2\/users\/3"}],"replies":[{"embeddable":true,"href":"https:\/\/vocesparalelas.com.ar\/sitio\/wp-json\/wp\/v2\/comments?post=70279"}],"version-history":[{"count":1,"href":"https:\/\/vocesparalelas.com.ar\/sitio\/wp-json\/wp\/v2\/posts\/70279\/revisions"}],"predecessor-version":[{"id":70283,"href":"https:\/\/vocesparalelas.com.ar\/sitio\/wp-json\/wp\/v2\/posts\/70279\/revisions\/70283"}],"wp:featuredmedia":[{"embeddable":true,"href":"https:\/\/vocesparalelas.com.ar\/sitio\/wp-json\/wp\/v2\/media\/70282"}],"wp:attachment":[{"href":"https:\/\/vocesparalelas.com.ar\/sitio\/wp-json\/wp\/v2\/media?parent=70279"}],"wp:term":[{"taxonomy":"category","embeddable":true,"href":"https:\/\/vocesparalelas.com.ar\/sitio\/wp-json\/wp\/v2\/categories?post=70279"},{"taxonomy":"post_tag","embeddable":true,"href":"https:\/\/vocesparalelas.com.ar\/sitio\/wp-json\/wp\/v2\/tags?post=70279"}],"curies":[{"name":"wp","href":"https:\/\/api.w.org\/{rel}","templated":true}]}}