{"id":70270,"date":"2024-03-13T20:40:29","date_gmt":"2024-03-13T23:40:29","guid":{"rendered":"https:\/\/vocesparalelas.com.ar\/sitio\/?p=70270"},"modified":"2024-03-13T23:26:55","modified_gmt":"2024-03-14T02:26:55","slug":"agenda-cultural-en-san-juan-2","status":"publish","type":"post","link":"https:\/\/vocesparalelas.com.ar\/sitio\/agenda-cultural-en-san-juan-2\/","title":{"rendered":"Agenda Cultural en San Juan"},"content":{"rendered":"<p>El Ministerio de Turismo, Cultura y Deporte del Gobierno de San Juan organiz\u00f3 diferentes propuestas culturales<\/p>\n<ul>\n<li>En el Anfiteatro Buenaventura Luna. del Complejo Auditorio Ing. Juan Victoria, con el Ciclo de Cine los Mi\u00e9rcoles, a las 22 hs.; se proyecta \u00abQu\u00e9 Verde era mi valle\u00bb, con entrada libre y gratuita.<\/li>\n<li>Apertura de la 50\u00b0 Temporada 2024 de la Orquesta Sinf\u00f3nica de la Universidad Nacional de San Juan, en esta oportunidad presentar\u00e1n Suite de \u201cAladd\u00edn\u201d de Carl Nielsen y Suite Sinf\u00f3nica Scheherezade de N. Rimski- Korakov con la direcci\u00f3n de M\u00b0 C\u00e9sar Iv\u00e1n Lara, el Viernes, 15 de Marzo, a las 21.30 hs., con entrada libre y gratuita.<\/li>\n<li>En el Centro Cultural Conte Grand se realiza el taller de Break Dance a cargo de Guillermo F\u00e9rnandez, el Jueves, 14 de Marzo, de 18 a 20 hs. Es apto para todo p\u00fablico y el arancel de la entrada es de $500, que se paga el mismo d\u00eda.<\/li>\n<li>En el Chalet Cantoni, Casa Cultural, se realiza el S\u00e1bado, 16 de Marzo, desde las 19, la \u201cFeria de Dise\u00f1o. Edici\u00f3n M+\u201d que reunir\u00e1 m\u00e1s de 40 emprendimientos, m\u00fasica en vivo con un Live Set de Lau Gonz\u00e1lez y un gran patio gastron\u00f3mico, tambi\u00e9n con entrada es libre y gratuita.<\/li>\n<li>En el Teatro Sarmiento, el S\u00e1bado, 16 de Marzo, se presentan la Orquesta de Mendoza, dirigida por Victor Armandaris, y la banda Paradise City, dirigida por Pablo S\u00e1nchez, para realizar un homenaje sinf\u00f3nico a Gun\u00b4s and Roses. Las entradas cuestan desde $7000, pueden adquirirse on line en entradaweb.com.ar. El domingo 17 a las 21hs, Hern\u00e1n Casciari se presenta con Puro Cuento, una propuesta que recorrer\u00e1 diferentes narraciones y relatos para todo p\u00fablico. La entrada general es de $12.000 y los menores de 18 a\u00f1os ingresan gratis. La ubicaci\u00f3n es por orden de llegada,\u00a0reservando la entrada en\u00a0<a href=\"http:\/\/entradasweb.com.ar.\">http:\/\/entradasweb.com.ar.\u00a0<\/a><\/li>\n<li>\u201cS\u00edmbolo de paz\u201d abre la octava temporada del Teatro del Bicentenario el viernes 15 de marzo, a las 22 hs. Baglietto, Vitale y Lizarazu reviven la esencia de la genial canci\u00f3n de Charly que describe la b\u00fasqueda incansable hacia un s\u00edmbolo de paz, a trav\u00e9s de un camino basado en lo sensible, lo emotivo y lo espiritual. Las entradas desde $15 mil estar\u00e1n disponibles en Boleter\u00eda del TB de lunes a s\u00e1bado, de 10 a 14hs. Tambi\u00e9n pueden adquirirse on line a trav\u00e9s de\u00a0TuEntrada.com.<\/li>\n<li>La Ruta de la Cerveza Artesanal, que nuclea a diferentes emprendimientos privados, se llevar\u00e1n adelante intervenciones art\u00edsticas para conmemorar el d\u00eda de San Patricio. \u201cDestapando cultura\u201d estar\u00e1 presente el viernes en Soulbier desde las 21 hs, con un set de DJ en vivo, el s\u00e1bado en Ancestral con una intervenci\u00f3n art\u00edstica circense y el domingo en Donata del Desierto con un DJ en vivo.<\/li>\n<li>Festival Cervecero para celebrar a San Patricio en el Predio Gaucho Jos\u00e9 Dolores en el M\u00e9dano de Oro. El encuentro ser\u00e1 este 15 y 16 de febrero donde habr\u00e1 m\u00fasica en vivo y juegos para la familia. Es importante tener en cuenta que la entrada al evento nocturno requiere compra anticipada, con precios de $3000 en pre venta y $4000 en la venta general. Las entradas estar\u00e1n disponibles en el lugar el s\u00e1bado 16 de 12:00 a 17:30 horas, sujeto a disponibilidad y capacidad del evento. Para adquirir las entradas, se pueden visitar el sitio\u00a0 <a href=\"http:\/\/web www.imaxia.com.ar\">http:\/\/web www.imaxia.com.ar<\/a>\u00a0 \u00a0 o dirigirse a los puntos de venta f\u00edsicos autorizados. Para m\u00e1s informaci\u00f3n, se puede contactar a trav\u00e9s de WhatsApp al n\u00famero 264 4420016 o seguir la cuenta de Instagram @sanpatricio_delafrontera para conocer todas las novedades.<\/li>\n<\/ul>\n<p>&nbsp;<\/p>\n<p>&nbsp;<\/p>\n","protected":false},"excerpt":{"rendered":"<p>El Ministerio de Turismo, Cultura y Deporte del Gobierno de San Juan organiz\u00f3 diferentes propuestas culturales En el Anfiteatro Buenaventura<\/p>\n","protected":false},"author":3,"featured_media":1815,"comment_status":"closed","ping_status":"closed","sticky":false,"template":"","format":"standard","meta":{"_acf_changed":false,"_seopress_robots_primary_cat":"none","_seopress_titles_title":"","_seopress_titles_desc":"","_seopress_robots_index":"","colormag_page_container_layout":"default_layout","colormag_page_sidebar_layout":"default_layout","footnotes":""},"categories":[20],"tags":[],"class_list":["post-70270","post","type-post","status-publish","format-standard","has-post-thumbnail","hentry","category-cartelera"],"acf":[],"_links":{"self":[{"href":"https:\/\/vocesparalelas.com.ar\/sitio\/wp-json\/wp\/v2\/posts\/70270","targetHints":{"allow":["GET"]}}],"collection":[{"href":"https:\/\/vocesparalelas.com.ar\/sitio\/wp-json\/wp\/v2\/posts"}],"about":[{"href":"https:\/\/vocesparalelas.com.ar\/sitio\/wp-json\/wp\/v2\/types\/post"}],"author":[{"embeddable":true,"href":"https:\/\/vocesparalelas.com.ar\/sitio\/wp-json\/wp\/v2\/users\/3"}],"replies":[{"embeddable":true,"href":"https:\/\/vocesparalelas.com.ar\/sitio\/wp-json\/wp\/v2\/comments?post=70270"}],"version-history":[{"count":1,"href":"https:\/\/vocesparalelas.com.ar\/sitio\/wp-json\/wp\/v2\/posts\/70270\/revisions"}],"predecessor-version":[{"id":70273,"href":"https:\/\/vocesparalelas.com.ar\/sitio\/wp-json\/wp\/v2\/posts\/70270\/revisions\/70273"}],"wp:featuredmedia":[{"embeddable":true,"href":"https:\/\/vocesparalelas.com.ar\/sitio\/wp-json\/wp\/v2\/media\/1815"}],"wp:attachment":[{"href":"https:\/\/vocesparalelas.com.ar\/sitio\/wp-json\/wp\/v2\/media?parent=70270"}],"wp:term":[{"taxonomy":"category","embeddable":true,"href":"https:\/\/vocesparalelas.com.ar\/sitio\/wp-json\/wp\/v2\/categories?post=70270"},{"taxonomy":"post_tag","embeddable":true,"href":"https:\/\/vocesparalelas.com.ar\/sitio\/wp-json\/wp\/v2\/tags?post=70270"}],"curies":[{"name":"wp","href":"https:\/\/api.w.org\/{rel}","templated":true}]}}